{"id":64864,"date":"2024-04-17T18:19:35","date_gmt":"2024-04-17T16:19:35","guid":{"rendered":"https:\/\/sn.ambaguinee.org\/?p=64864"},"modified":"2024-04-17T18:19:35","modified_gmt":"2024-04-17T16:19:35","slug":"confrontation-proces-28-sept-2009-chargez-prise-de-bec-entre-mouctar-bah-de-rfi-et-tiegboro","status":"publish","type":"post","link":"https:\/\/sn.ambaguinee.org\/?p=64864","title":{"rendered":"Confrontation\/Proc\u00e8s 28 sept 2009. \u201cChargez!\u201c Prise de bec entre Mouctar Bah de RFI et Ti\u00e9gboro"},"content":{"rendered":"<div>\n<div style=\"margin-bottom:20px;\"><img width=\"1039\" height=\"798\"src=\"https:\/\/i0.wp.com\/mediaguinee.com\/wp-content\/uploads\/2024\/04\/IMG_7245.jpeg?w=1039&amp;ssl=1\" class=\"attachment-post-thumbnail size-post-thumbnail wp-post-image\" alt=\"\" decoding=\"async\" srcset=\"https:\/\/i0.wp.com\/mediaguinee.com\/wp-content\/uploads\/2024\/04\/IMG_7245.jpeg?w=1039&amp;ssl=1 1039w, https:\/\/i0.wp.com\/mediaguinee.com\/wp-content\/uploads\/2024\/04\/IMG_7245.jpeg?resize=300%2C230&amp;ssl=1 300w, https:\/\/i0.wp.com\/mediaguinee.com\/wp-content\/uploads\/2024\/04\/IMG_7245.jpeg?resize=1024%2C786&amp;ssl=1 1024w, https:\/\/i0.wp.com\/mediaguinee.com\/wp-content\/uploads\/2024\/04\/IMG_7245.jpeg?resize=768%2C590&amp;ssl=1 768w\" sizes=\"(max-width: 1039px) 100vw, 1039px\" data-attachment-id=\"255952\" data-permalink=\"https:\/\/mediaguinee.com\/2024\/04\/confrontation-proces-28-sept-2009-chargez-prise-de-bec-entre-mouctar-bah-de-rfi-et-tiegboro\/img_7245\/\" data-orig-file=\"https:\/\/i0.wp.com\/mediaguinee.com\/wp-content\/uploads\/2024\/04\/IMG_7245.jpeg?fit=1039%2C798&amp;ssl=1\" data-orig-size=\"1039,798\" data-comments-opened=\"1\" data-image-meta='{\"aperture\":\"0\",\"credit\":\"\",\"camera\":\"\",\"caption\":\"\",\"created_timestamp\":\"0\",\"copyright\":\"\",\"focal_length\":\"0\",\"iso\":\"0\",\"shutter_speed\":\"0\",\"title\":\"\",\"orientation\":\"1\"}' data-image-title=\"IMG_7245\" data-image-description=\"\" data-image-caption=\"\" data-medium-file=\"https:\/\/i0.wp.com\/mediaguinee.com\/wp-content\/uploads\/2024\/04\/IMG_7245.jpeg?fit=300%2C230&amp;ssl=1\" data-large-file=\"https:\/\/i0.wp.com\/mediaguinee.com\/wp-content\/uploads\/2024\/04\/IMG_7245.jpeg?fit=1024%2C786&amp;ssl=1\"><\/div>\n<div dir=\"auto\">Le proc\u00e8s des \u00e9v\u00e8nements du 28 septembre 2009 s\u2019est poursuivi ce mercredi 17 avril 2024, au tribunal criminel de Dixinn d\u00e9localis\u00e9 \u00e0 la Cour d\u2019Appel de Conakry avec les confrontations.<br \/>\n\u00c0 la barre Colonel Moussa Ti\u00e9gboro Camara a \u00e9t\u00e9 confront\u00e9 \u00e0 la barre avec le journaliste et correspondant de RFI en Guin\u00e9e Mouctar Bah qui affirme avoir entendu Ti\u00e9gboro demander de charger et c\u2019est \u00e0 cet instant qu\u2019il a entendu les tirs de gaz lacrymog\u00e8nes.<\/div>\n<div dir=\"auto\" data-removefontsize=\"true\" data-originalcomputedfontsize=\"16\">Le repr\u00e9sentant du Minist\u00e8re Public Abdoulaye Babady Camara demandera au colonel Ti\u00e9gboro Camara s\u2019il a vu \u00e0 l\u2019esplanade du stade du 28 septembre monsieur Mouctar Bah?<\/div>\n<div dir=\"auto\" data-removefontsize=\"true\" data-originalcomputedfontsize=\"16\">Le colonel Moussa Ti\u00e9gboro Camara\u00a0 a r\u00e9pondu par l\u2019affirmative, avant que le procureur n\u2019encha\u00eene par la question suivante \u00e0 l\u2019endroit de Mouctar Bah. Est-ce que vous confirmez les propos tenus par le colonel Tiegboro ce jour \u00e0 l\u2019esplanade du stade?<\/div>\n<div dir=\"auto\" data-removefontsize=\"true\" data-originalcomputedfontsize=\"16\">\u00ab\u00a0Quand la foule est agit\u00e9e, je vous jure la tension est mont\u00e9e, c\u2019est apr\u00e8s que Ti\u00e9gboro a dit, chargez. Je l\u2019ai entendu et j\u2019\u00e9tais \u00e0 ses c\u00f4t\u00e9s c\u2019est en ce moment que les tirs de gaz lacrymog\u00e8nes ont commenc\u00e9\u00a0\u00bb, a r\u00e9pondu le journaliste.<\/div>\n<div dir=\"auto\" data-removefontsize=\"true\" data-originalcomputedfontsize=\"16\">Interrog\u00e9 par le substitut du procureur sur la r\u00e9ponse du journaliste, le colonel Moussa Ti\u00e9gboro Camara a ni\u00e9 les propos,\u00a0 tout en fondant ses arguments sur l\u2019inexistence des preuves.<\/div>\n<div dir=\"auto\" data-removefontsize=\"true\" data-originalcomputedfontsize=\"16\">\u00ab\u00a0J\u2019ai dit chargez par rapport \u00e0 quoi? Charger signifie quoi? Baffo\u00e9 \u00e9tait venu,\u00a0 vous lui avez pos\u00e9 la question, il a dit qu\u2019il n\u2019a pas entendu. Les images ont pass\u00e9 ici, personne n\u2019a entendu, les audios ont pass\u00e9 ici personne n\u2019a entendu et mieux que tout \u00e7a toute la presse y \u00e9tait, priv\u00e9e et publique dont lui, personne n\u2019a depuis 14 ans exhib\u00e9 ce propos l\u00e0 et dans son reportage au lendemain \u00e0 RFI je n\u2019ai pas entendu. C\u2019est de l\u2019affabulation purement et simple. Je vous dis monsieur le procureur charger en termes de maintien d\u2019ordre \u00e7a c\u2019est un commandement et ce commandement est compos\u00e9 de deux phases, un commandement pr\u00e9paratoire et un commandement d\u2019ex\u00e9cution. Le mot charger ne signifie en rien du tout et je ne l\u2019ai pas dit. Et si je l\u2019ai dit les journalistes qui \u00e9taient sur place auraient enregistr\u00e9 cette partie\u00a0\u00bb<\/div>\n<div dir=\"auto\"><\/div>\n<div dir=\"auto\"><b data-removefontsize=\"true\" data-originalcomputedfontsize=\"16\">Mamadou Yaya Barry\u00a0<\/b><\/div>\n<p>L\u2019article <a href=\"https:\/\/mediaguinee.com\/2024\/04\/confrontation-proces-28-sept-2009-chargez-prise-de-bec-entre-mouctar-bah-de-rfi-et-tiegboro\/\">Confrontation\/Proc\u00e8s 28 sept 2009. \u201cChargez!\u201c Prise de bec entre Mouctar Bah de RFI et Ti\u00e9gboro<\/a> est apparu en premier sur <a href=\"https:\/\/mediaguinee.com\/\">Mediaguinee.com<\/a>.<\/p>\n<\/div>\n","protected":false},"excerpt":{"rendered":"<p>Le proc\u00e8s des \u00e9v\u00e8nements du 28 septembre 2009 s\u2019est poursuivi ce mercredi 17 avril 2024, au tribunal criminel de Dixinn d\u00e9localis\u00e9 \u00e0 la Cour d\u2019Appel de Conakry avec les confrontations. \u00c0 la barre Colonel Moussa Ti\u00e9gboro Camara a \u00e9t\u00e9 confront\u00e9 \u00e0 la barre avec le journaliste et correspondant de RFI en Guin\u00e9e Mouctar Bah qui &hellip;<\/p>\n","protected":false},"author":1,"featured_media":0,"comment_status":"closed","ping_status":"closed","sticky":false,"template":"","format":"standard","meta":{"footnotes":""},"categories":[2],"tags":[23],"_links":{"self":[{"href":"https:\/\/sn.ambaguinee.org\/index.php?rest_route=\/wp\/v2\/posts\/64864"}],"collection":[{"href":"https:\/\/sn.ambaguinee.org\/index.php?rest_route=\/wp\/v2\/posts"}],"about":[{"href":"https:\/\/sn.ambaguinee.org\/index.php?rest_route=\/wp\/v2\/types\/post"}],"author":[{"embeddable":true,"href":"https:\/\/sn.ambaguinee.org\/index.php?rest_route=\/wp\/v2\/users\/1"}],"replies":[{"embeddable":true,"href":"https:\/\/sn.ambaguinee.org\/index.php?rest_route=%2Fwp%2Fv2%2Fcomments&post=64864"}],"version-history":[{"count":0,"href":"https:\/\/sn.ambaguinee.org\/index.php?rest_route=\/wp\/v2\/posts\/64864\/revisions"}],"wp:attachment":[{"href":"https:\/\/sn.ambaguinee.org\/index.php?rest_route=%2Fwp%2Fv2%2Fmedia&parent=64864"}],"wp:term":[{"taxonomy":"category","embeddable":true,"href":"https:\/\/sn.ambaguinee.org\/index.php?rest_route=%2Fwp%2Fv2%2Fcategories&post=64864"},{"taxonomy":"post_tag","embeddable":true,"href":"https:\/\/sn.ambaguinee.org\/index.php?rest_route=%2Fwp%2Fv2%2Ftags&post=64864"}],"curies":[{"name":"wp","href":"https:\/\/api.w.org\/{rel}","templated":true}]}}