{"id":64895,"date":"2024-04-18T16:10:38","date_gmt":"2024-04-18T14:10:38","guid":{"rendered":"https:\/\/sn.ambaguinee.org\/?p=64895"},"modified":"2024-04-18T16:10:38","modified_gmt":"2024-04-18T14:10:38","slug":"medd-atelier-portant-reflexion-restitution-et-vulgarisation-des-conclusions-de-la-cop-28","status":"publish","type":"post","link":"https:\/\/sn.ambaguinee.org\/?p=64895","title":{"rendered":"MEDD : Atelier portant r\u00e9flexion, restitution et vulgarisation des conclusions de la COP 28"},"content":{"rendered":"<div>\n<div style=\"margin-bottom:20px;\"><img width=\"720\" height=\"855\"src=\"https:\/\/i0.wp.com\/mediaguinee.com\/wp-content\/uploads\/2024\/04\/bdae7ea8-3e63-486e-9245-e753c070a5cc.jpeg?w=720&amp;ssl=1\" class=\"attachment-post-thumbnail size-post-thumbnail wp-post-image\" alt=\"\" decoding=\"async\" srcset=\"https:\/\/i0.wp.com\/mediaguinee.com\/wp-content\/uploads\/2024\/04\/bdae7ea8-3e63-486e-9245-e753c070a5cc.jpeg?w=720&amp;ssl=1 720w, https:\/\/i0.wp.com\/mediaguinee.com\/wp-content\/uploads\/2024\/04\/bdae7ea8-3e63-486e-9245-e753c070a5cc.jpeg?resize=253%2C300&amp;ssl=1 253w\" sizes=\"(max-width: 720px) 100vw, 720px\" data-attachment-id=\"256016\" data-permalink=\"https:\/\/mediaguinee.com\/2024\/04\/medd-atelier-portant-reflexion-restitution-et-vulgarisation-des-conclusions-de-la-cop-28\/bdae7ea8-3e63-486e-9245-e753c070a5cc\/\" data-orig-file=\"https:\/\/i0.wp.com\/mediaguinee.com\/wp-content\/uploads\/2024\/04\/bdae7ea8-3e63-486e-9245-e753c070a5cc.jpeg?fit=720%2C855&amp;ssl=1\" data-orig-size=\"720,855\" data-comments-opened=\"1\" data-image-meta='{\"aperture\":\"0\",\"credit\":\"\",\"camera\":\"\",\"caption\":\"\",\"created_timestamp\":\"1713434270\",\"copyright\":\"\",\"focal_length\":\"0\",\"iso\":\"0\",\"shutter_speed\":\"0\",\"title\":\"\",\"orientation\":\"1\"}' data-image-title=\"bdae7ea8-3e63-486e-9245-e753c070a5cc\" data-image-description=\"\" data-image-caption=\"\" data-medium-file=\"https:\/\/i0.wp.com\/mediaguinee.com\/wp-content\/uploads\/2024\/04\/bdae7ea8-3e63-486e-9245-e753c070a5cc.jpeg?fit=253%2C300&amp;ssl=1\" data-large-file=\"https:\/\/i0.wp.com\/mediaguinee.com\/wp-content\/uploads\/2024\/04\/bdae7ea8-3e63-486e-9245-e753c070a5cc.jpeg?fit=720%2C855&amp;ssl=1\"><\/div>\n<p class=\"s3\"><span class=\"s2\"><span class=\"bumpedFont15\">La <\/span><\/span><span class=\"s5\"><span class=\"bumpedFont15\">Ministre de l\u2019Environnement et du D\u00e9veloppement Durable<\/span><\/span><span class=\"s2\"><span class=\"bumpedFont15\">, Madame <\/span><\/span><span class=\"s5\"><span class=\"bumpedFont15\">Djami Diallo <\/span><\/span><span class=\"s2\"><span class=\"bumpedFont15\">accompagn\u00e9e de ses coll\u00e8gues <\/span><\/span><span class=\"s5\"><span class=\"bumpedFont15\">Ministres<\/span><\/span><span class=\"s2\"><span class=\"bumpedFont15\"> de l\u2019<\/span><\/span><span class=\"s5\"><span class=\"bumpedFont15\">Energie<\/span><\/span><span class=\"s2\"><span class=\"bumpedFont15\"> et des <\/span><\/span><span class=\"s5\"><span class=\"bumpedFont15\">Mines<\/span><\/span><span class=\"s2\"><span class=\"bumpedFont15\"> et <\/span><\/span><span class=\"s5\"><span class=\"bumpedFont15\">G\u00e9ologie<\/span><\/span><span class=\"s2\"><span class=\"bumpedFont15\"> a pr\u00e9sid\u00e9 la c\u00e9r\u00e9monie d\u2019ouverture des travaux de l\u2019atelier de restitution de la participation guin\u00e9enne \u00e0 la 28\u00e8me <\/span><\/span><span class=\"s5\"><span class=\"bumpedFont15\">COP<\/span><\/span><span class=\"s2\"><span class=\"bumpedFont15\">, tenue \u00e0 <\/span><\/span><span class=\"s5\"><span class=\"bumpedFont15\">Duba\u00ef<\/span><\/span><span class=\"s2\"><span class=\"bumpedFont15\">, aux <\/span><\/span><span class=\"s5\"><span class=\"bumpedFont15\">Emirats Arabes Unis du 30 novembre au 12 d\u00e9cembre 2023<\/span><\/span><span class=\"s2\"><span class=\"bumpedFont15\">.<\/span><\/span><\/p>\n<p class=\"s4\"><span class=\"s2\"><span class=\"bumpedFont15\">\u00a0Cette rencontre organis\u00e9e par le <\/span><\/span><span class=\"s5\"><span class=\"bumpedFont15\">Minist\u00e8re de l\u2019Environnement et du D\u00e9veloppement Durable<\/span><\/span><span class=\"s2\"><span class=\"bumpedFont15\"> en collaboration avec la <\/span><\/span><span class=\"s5\"><span class=\"bumpedFont15\">Banque<\/span><\/span> <span class=\"s5\"><span class=\"bumpedFont15\">Mondiale<\/span><\/span><span class=\"s2\"><span class=\"bumpedFont15\"> s\u2019inscrit dans le cadre des pr\u00e9paratifs de la <\/span><\/span><span class=\"s5\"><span class=\"bumpedFont15\">29\u00e8me Conf\u00e9rence des Parties (COP29) de la Convention-Cadre des Nations-Unies sur les Changements Climatiques<\/span><\/span><span class=\"s2\"><span class=\"bumpedFont15\">, dans la dynamique de coop\u00e9ration entre les parties prenantes.<\/span><\/span><\/p>\n<p class=\"s4\"><span class=\"s2\"><span class=\"bumpedFont15\">\u00a0En pr\u00e9ambule de son allocution, elle a fait savoir qu\u2019\u00e0 l\u2019instar des autres pays Parties \u00e0 cette Convention, la <\/span><\/span><span class=\"s5\"><span class=\"bumpedFont15\">R\u00e9publique de Guin\u00e9e<\/span><\/span><span class=\"s2\"><span class=\"bumpedFont15\">, a sign\u00e9 l\u2019Accord de <\/span><\/span><span class=\"s5\"><span class=\"bumpedFont15\">Paris<\/span><\/span><span class=\"s2\"><span class=\"bumpedFont15\"> le <\/span><\/span><span class=\"s5\"><span class=\"bumpedFont15\">22 avril 2016<\/span><\/span><span class=\"s2\"><span class=\"bumpedFont15\"> et l\u2019a ratifi\u00e9 le <\/span><\/span><span class=\"s5\"><span class=\"bumpedFont15\">10 ao\u00fbt 2016<\/span><\/span><span class=\"s2\"><span class=\"bumpedFont15\"> pour attester l\u2019engagement total du <\/span><\/span><span class=\"s5\"><span class=\"bumpedFont15\">Gouvernement<\/span><\/span><span class=\"s2\"><span class=\"bumpedFont15\"> \u00e0 contribuer \u00e0 la r\u00e9duction des \u00e9missions de Gaz \u00e0 Effet de Serre.<\/span><\/span><\/p>\n<p class=\"s4\"><span class=\"s2\"><span class=\"bumpedFont15\">\u00ab Consciente de la r\u00e9alit\u00e9 que repr\u00e9sente le changement climatique, ses enjeux et aussi ses impacts sur les populations, les activit\u00e9s \u00e9conomiques et les syst\u00e8mes \u00e9cologiques, la Guin\u00e9e a valid\u00e9, en pr\u00e9lude de la <\/span><\/span><span class=\"s5\"><span class=\"bumpedFont15\">COP 28<\/span><\/span><span class=\"s2\"><span class=\"bumpedFont15\">, les Plans Climat Sectoriels des principaux d\u00e9partements minist\u00e9riels concern\u00e9s, tous issus du Plan d\u2019Investissement et de Partenariat de la Contribution D\u00e9termin\u00e9e Nationale du pays r\u00e9vis\u00e9e en <\/span><\/span><span class=\"s5\"><span class=\"bumpedFont15\">2021<\/span><\/span><span class=\"s2\"><span class=\"bumpedFont15\">. \u00bb<\/span><\/span><\/p>\n<p class=\"s4\"><span class=\"s2\"><span class=\"bumpedFont15\">\u00a0S\u2019agissant des attentes de la <\/span><\/span><span class=\"s5\"><span class=\"bumpedFont15\">COP 28<\/span><\/span><span class=\"s2\"><span class=\"bumpedFont15\">, la Ministre <\/span><\/span><span class=\"s5\"><span class=\"bumpedFont15\">Djami Diallo<\/span><\/span><span class=\"s2\"><span class=\"bumpedFont15\"> a indiqu\u00e9 qu\u2019elles (attentes) ont \u00e9t\u00e9 m\u00e9thodiquement d\u00e9ploy\u00e9es \u00e0 travers diverses activit\u00e9s avec les leaders mondiaux et les membres du <\/span><\/span><span class=\"s5\"><span class=\"bumpedFont15\">Gouvernement<\/span><\/span><span class=\"s2\"><span class=\"bumpedFont15\"> pr\u00e9sents aux tables rondes et panels. Elle a ensuite soulign\u00e9 qu\u2019il est crucial d\u00e8s maintenant de d\u00e9ployer les efforts n\u00e9cessaires pour saisir les opportunit\u00e9s qu\u2019offrent ces financements internationaux par des initiatives concr\u00e8tes en faveur des communaut\u00e9s locales et la pr\u00e9servation de notre environnement, et a ensuite pr\u00e9cis\u00e9 que c\u2019est justement l\u2019objectif de l\u2019atelier qui n\u2019est pas un simple exercice de restitution mais plut\u00f4t une occasion de r\u00e9flexion sur les voies et moyens de mobiliser davantage de financements verts pour la Guin\u00e9e.<\/span><\/span><\/p>\n<p class=\"s4\"><span class=\"s2\"><span class=\"bumpedFont15\">Avant de clore son allocution, la Ministre a invit\u00e9 tous les d\u00e9partements minist\u00e9riels, suivant leurs Plans Climat Sectoriels respectifs, \u00e0 d\u00e9velopper des projets et concevoir des programmes adapt\u00e9s aux exigences des fonds d\u00e9gag\u00e9s r\u00e9cemment \u00e0 <\/span><\/span><span class=\"s5\"><span class=\"bumpedFont15\">Duba\u00ef<\/span><\/span><span class=\"s2\"><span class=\"bumpedFont15\"> mais aussi ceux issus des pr\u00e9c\u00e9dentes <\/span><\/span><span class=\"s5\"><span class=\"bumpedFont15\">COP<\/span><\/span><span class=\"s2\"><span class=\"bumpedFont15\">.<\/span><\/span><\/p>\n<p>\u00a0<\/p>\n<p>L\u2019article <a href=\"https:\/\/mediaguinee.com\/2024\/04\/medd-atelier-portant-reflexion-restitution-et-vulgarisation-des-conclusions-de-la-cop-28\/\">MEDD : Atelier portant r\u00e9flexion, restitution et vulgarisation des conclusions de la COP 28<\/a> est apparu en premier sur <a href=\"https:\/\/mediaguinee.com\/\">Mediaguinee.com<\/a>.<\/p>\n<\/div>\n","protected":false},"excerpt":{"rendered":"<p>La Ministre de l\u2019Environnement et du D\u00e9veloppement Durable, Madame Djami Diallo accompagn\u00e9e de ses coll\u00e8gues Ministres de l\u2019Energie et des Mines et G\u00e9ologie a pr\u00e9sid\u00e9 la c\u00e9r\u00e9monie d\u2019ouverture des travaux de l\u2019atelier de restitution de la participation guin\u00e9enne \u00e0 la 28\u00e8me COP, tenue \u00e0 Duba\u00ef, aux Emirats Arabes Unis du 30 novembre au 12 d\u00e9cembre &hellip;<\/p>\n","protected":false},"author":1,"featured_media":0,"comment_status":"closed","ping_status":"closed","sticky":false,"template":"","format":"standard","meta":{"footnotes":""},"categories":[2],"tags":[23],"_links":{"self":[{"href":"https:\/\/sn.ambaguinee.org\/index.php?rest_route=\/wp\/v2\/posts\/64895"}],"collection":[{"href":"https:\/\/sn.ambaguinee.org\/index.php?rest_route=\/wp\/v2\/posts"}],"about":[{"href":"https:\/\/sn.ambaguinee.org\/index.php?rest_route=\/wp\/v2\/types\/post"}],"author":[{"embeddable":true,"href":"https:\/\/sn.ambaguinee.org\/index.php?rest_route=\/wp\/v2\/users\/1"}],"replies":[{"embeddable":true,"href":"https:\/\/sn.ambaguinee.org\/index.php?rest_route=%2Fwp%2Fv2%2Fcomments&post=64895"}],"version-history":[{"count":0,"href":"https:\/\/sn.ambaguinee.org\/index.php?rest_route=\/wp\/v2\/posts\/64895\/revisions"}],"wp:attachment":[{"href":"https:\/\/sn.ambaguinee.org\/index.php?rest_route=%2Fwp%2Fv2%2Fmedia&parent=64895"}],"wp:term":[{"taxonomy":"category","embeddable":true,"href":"https:\/\/sn.ambaguinee.org\/index.php?rest_route=%2Fwp%2Fv2%2Fcategories&post=64895"},{"taxonomy":"post_tag","embeddable":true,"href":"https:\/\/sn.ambaguinee.org\/index.php?rest_route=%2Fwp%2Fv2%2Ftags&post=64895"}],"curies":[{"name":"wp","href":"https:\/\/api.w.org\/{rel}","templated":true}]}}