{"id":64899,"date":"2024-04-18T16:10:38","date_gmt":"2024-04-18T14:10:38","guid":{"rendered":"https:\/\/sn.ambaguinee.org\/?p=64899"},"modified":"2024-04-18T16:10:38","modified_gmt":"2024-04-18T14:10:38","slug":"crief-les-10-vendeurs-de-medicaments-recemment-interpelles-a-madina-seront-libres-le-28-avril-prochain","status":"publish","type":"post","link":"https:\/\/sn.ambaguinee.org\/?p=64899","title":{"rendered":"Crief : les 10 vendeurs de m\u00e9dicaments r\u00e9cemment interpell\u00e9s \u00e0 Madina seront libres le 28 avril prochain"},"content":{"rendered":"<div>\n<div style=\"margin-bottom:20px;\"><img width=\"960\" height=\"478\"src=\"https:\/\/i0.wp.com\/mediaguinee.com\/wp-content\/uploads\/2022\/04\/CRIEF-2.jpg?w=960&amp;ssl=1\" class=\"attachment-post-thumbnail size-post-thumbnail wp-post-image\" alt=\"\" decoding=\"async\" srcset=\"https:\/\/i0.wp.com\/mediaguinee.com\/wp-content\/uploads\/2022\/04\/CRIEF-2.jpg?w=960&amp;ssl=1 960w, https:\/\/i0.wp.com\/mediaguinee.com\/wp-content\/uploads\/2022\/04\/CRIEF-2.jpg?resize=300%2C149&amp;ssl=1 300w, https:\/\/i0.wp.com\/mediaguinee.com\/wp-content\/uploads\/2022\/04\/CRIEF-2.jpg?resize=768%2C382&amp;ssl=1 768w\" sizes=\"(max-width: 960px) 100vw, 960px\" data-attachment-id=\"184007\" data-permalink=\"https:\/\/mediaguinee.com\/2022\/04\/detournement-a-la-ceni-la-crief-renvoie-laffaire-au-11-mai-prochain\/crief-2-2\/\" data-orig-file=\"https:\/\/i0.wp.com\/mediaguinee.com\/wp-content\/uploads\/2022\/04\/CRIEF-2.jpg?fit=960%2C478&amp;ssl=1\" data-orig-size=\"960,478\" data-comments-opened=\"1\" data-image-meta='{\"aperture\":\"0\",\"credit\":\"\",\"camera\":\"\",\"caption\":\"\",\"created_timestamp\":\"0\",\"copyright\":\"\",\"focal_length\":\"0\",\"iso\":\"0\",\"shutter_speed\":\"0\",\"title\":\"\",\"orientation\":\"0\"}' data-image-title=\"CRIEF-2\" data-image-description=\"\" data-image-caption=\"\" data-medium-file=\"https:\/\/i0.wp.com\/mediaguinee.com\/wp-content\/uploads\/2022\/04\/CRIEF-2.jpg?fit=300%2C149&amp;ssl=1\" data-large-file=\"https:\/\/i0.wp.com\/mediaguinee.com\/wp-content\/uploads\/2022\/04\/CRIEF-2.jpg?fit=960%2C478&amp;ssl=1\"><\/div>\n<p>C\u2019est un Ouf de soulagement. Condamn\u00e9s le 8 janvier dernier par la chambre du jugement \u00e0 3 ans d\u2019emprisonnement dont 2 ans assorties de sursis, les dix(10) vendeurs de m\u00e9dicaments r\u00e9cemment interpell\u00e9s au grand march\u00e9 de Madina ont vu leur sentence r\u00e9duite, ce jeudi 18 avril 2024 par devant la chambre des appels de la Cour de r\u00e9pression des infractions \u00e9conomiques et financi\u00e8res (Crief).<\/p>\n<p>Cette chambre des appels a ramen\u00e9 la dur\u00e9e de l\u2019emprisonnement des pr\u00e9venus poursuivis pour des faits \u00ab\u00a0d\u2019atteinte \u00e0 la sant\u00e9 publique, usurpation de fonction\u00a0\u00bb \u00e0 5 mois au lieu d\u2019une ann\u00e9e.<\/p>\n<p>Par cons\u00e9quent, il ne reste que dix (10) jours \u00e0 passer en prison aux pr\u00e9venus plac\u00e9s sous mandat de d\u00e9p\u00f4t \u00e0 la maison centrale de Conakry depuis 28 novembre 2023. Ce qui veut dire qu\u2019ils sortiront le 28 avril prochain.<\/p>\n<p>Dans sa d\u00e9cision rendue publique, le juge Daye Mara a dit ceci : \u00ab\u00a0au fond dit et juge que ces appels sont partiellement fond\u00e9s. En cons\u00e9quence, infirme partiellement le jugement num\u00e9ro 003 du 08 janvier 2024 rendu par le chambre de jugement de la Cour de r\u00e9pression des infractions \u00e9conomiques et financi\u00e8res dans son volet action publique relatif \u00e0 la peine d\u2019emprisonnement. CriSur l\u2019action publique, d\u00e9clare Djibril Barry, Alpha Abdoulaye Diallo, Oumar Bobo Bald\u00e9 Ibrahima Sory Bald\u00e9, Abdoulaye Djibril Diallo, Mamadou Saliou Diallo, Thierno Mamadou Dram\u00e9, Elhadj Boubacar Bah, Bakary Nab\u00e9 et Amadou Sara Nab\u00e9 coupables d\u2019usurpation de fonction et d\u2019atteinte \u00e0 la sant\u00e9 publique par la d\u00e9tention en vue de la vente de m\u00e9dicaments et mat\u00e9riels pharmaceutique ou m\u00e9dicaux nuisibles \u00e0 la sant\u00e9 humaine. Pour la r\u00e9pression, les condamne \u00e0 5 mois d\u2019emprisonnement chacun. Le reste sans changement.\u00a0\u00bb<br \/>\nElisa Camara<br \/>\n+224654957322<\/p>\n<p>\u00a0<\/p>\n<p>\u00a0<\/p>\n<p>\u00a0<\/p>\n<p>L\u2019article <a href=\"https:\/\/mediaguinee.com\/2024\/04\/crief-les-10-vendeurs-de-medicaments-recemment-interpelles-a-madina-seront-libres-le-28-avril-prochain\/\">Crief : les 10 vendeurs de m\u00e9dicaments r\u00e9cemment interpell\u00e9s \u00e0 Madina seront libres le 28 avril prochain<\/a> est apparu en premier sur <a href=\"https:\/\/mediaguinee.com\/\">Mediaguinee.com<\/a>.<\/p>\n<\/div>\n","protected":false},"excerpt":{"rendered":"<p>C\u2019est un Ouf de soulagement. Condamn\u00e9s le 8 janvier dernier par la chambre du jugement \u00e0 3 ans d\u2019emprisonnement dont 2 ans assorties de sursis, les dix(10) vendeurs de m\u00e9dicaments r\u00e9cemment interpell\u00e9s au grand march\u00e9 de Madina ont vu leur sentence r\u00e9duite, ce jeudi 18 avril 2024 par devant la chambre des appels de la &hellip;<\/p>\n","protected":false},"author":1,"featured_media":0,"comment_status":"closed","ping_status":"closed","sticky":false,"template":"","format":"standard","meta":{"footnotes":""},"categories":[2],"tags":[23],"_links":{"self":[{"href":"https:\/\/sn.ambaguinee.org\/index.php?rest_route=\/wp\/v2\/posts\/64899"}],"collection":[{"href":"https:\/\/sn.ambaguinee.org\/index.php?rest_route=\/wp\/v2\/posts"}],"about":[{"href":"https:\/\/sn.ambaguinee.org\/index.php?rest_route=\/wp\/v2\/types\/post"}],"author":[{"embeddable":true,"href":"https:\/\/sn.ambaguinee.org\/index.php?rest_route=\/wp\/v2\/users\/1"}],"replies":[{"embeddable":true,"href":"https:\/\/sn.ambaguinee.org\/index.php?rest_route=%2Fwp%2Fv2%2Fcomments&post=64899"}],"version-history":[{"count":0,"href":"https:\/\/sn.ambaguinee.org\/index.php?rest_route=\/wp\/v2\/posts\/64899\/revisions"}],"wp:attachment":[{"href":"https:\/\/sn.ambaguinee.org\/index.php?rest_route=%2Fwp%2Fv2%2Fmedia&parent=64899"}],"wp:term":[{"taxonomy":"category","embeddable":true,"href":"https:\/\/sn.ambaguinee.org\/index.php?rest_route=%2Fwp%2Fv2%2Fcategories&post=64899"},{"taxonomy":"post_tag","embeddable":true,"href":"https:\/\/sn.ambaguinee.org\/index.php?rest_route=%2Fwp%2Fv2%2Ftags&post=64899"}],"curies":[{"name":"wp","href":"https:\/\/api.w.org\/{rel}","templated":true}]}}