{"id":65197,"date":"2024-04-24T23:01:13","date_gmt":"2024-04-24T21:01:13","guid":{"rendered":"https:\/\/sn.ambaguinee.org\/?p=65197"},"modified":"2024-04-24T23:01:13","modified_gmt":"2024-04-24T21:01:13","slug":"conakry-le-service-de-sante-de-la-police-et-de-la-protection-civile-inaugure-a-kaloum","status":"publish","type":"post","link":"https:\/\/sn.ambaguinee.org\/?p=65197","title":{"rendered":"Conakry: le service de sant\u00e9 de la police et de la protection civile inaugur\u00e9, \u00e0 Kaloum"},"content":{"rendered":"<div>\n<div style=\"margin-bottom:20px;\"><img width=\"1920\" height=\"1440\"src=\"https:\/\/i0.wp.com\/mediaguinee.com\/wp-content\/uploads\/2024\/04\/IMG_7687.jpeg?w=1920&amp;ssl=1\" class=\"attachment-post-thumbnail size-post-thumbnail wp-post-image\" alt=\"\" decoding=\"async\" srcset=\"https:\/\/i0.wp.com\/mediaguinee.com\/wp-content\/uploads\/2024\/04\/IMG_7687.jpeg?w=1920&amp;ssl=1 1920w, https:\/\/i0.wp.com\/mediaguinee.com\/wp-content\/uploads\/2024\/04\/IMG_7687.jpeg?resize=300%2C225&amp;ssl=1 300w, https:\/\/i0.wp.com\/mediaguinee.com\/wp-content\/uploads\/2024\/04\/IMG_7687.jpeg?resize=1024%2C768&amp;ssl=1 1024w, https:\/\/i0.wp.com\/mediaguinee.com\/wp-content\/uploads\/2024\/04\/IMG_7687.jpeg?resize=768%2C576&amp;ssl=1 768w, https:\/\/i0.wp.com\/mediaguinee.com\/wp-content\/uploads\/2024\/04\/IMG_7687.jpeg?resize=1536%2C1152&amp;ssl=1 1536w, https:\/\/i0.wp.com\/mediaguinee.com\/wp-content\/uploads\/2024\/04\/IMG_7687.jpeg?resize=86%2C64&amp;ssl=1 86w\" sizes=\"(max-width: 1920px) 100vw, 1920px\" data-attachment-id=\"256540\" data-permalink=\"https:\/\/mediaguinee.com\/2024\/04\/conakry-le-service-de-sante-de-la-police-et-de-la-protection-civile-inaugure-a-kaloum\/img_7687\/\" data-orig-file=\"https:\/\/i0.wp.com\/mediaguinee.com\/wp-content\/uploads\/2024\/04\/IMG_7687.jpeg?fit=1920%2C1440&amp;ssl=1\" data-orig-size=\"1920,1440\" data-comments-opened=\"1\" data-image-meta='{\"aperture\":\"0\",\"credit\":\"\",\"camera\":\"\",\"caption\":\"\",\"created_timestamp\":\"0\",\"copyright\":\"\",\"focal_length\":\"0\",\"iso\":\"0\",\"shutter_speed\":\"0\",\"title\":\"\",\"orientation\":\"1\"}' data-image-title=\"IMG_7687\" data-image-description=\"\" data-image-caption=\"\" data-medium-file=\"https:\/\/i0.wp.com\/mediaguinee.com\/wp-content\/uploads\/2024\/04\/IMG_7687.jpeg?fit=300%2C225&amp;ssl=1\" data-large-file=\"https:\/\/i0.wp.com\/mediaguinee.com\/wp-content\/uploads\/2024\/04\/IMG_7687.jpeg?fit=1024%2C768&amp;ssl=1\"><\/div>\n<p>Le gouvernement guin\u00e9en \u00e0 travers le minist\u00e8re de la s\u00e9curit\u00e9 et de la protection civile a proc\u00e9d\u00e9 \u00e0 l\u2019inauguration du service de sant\u00e9 destin\u00e9 aux agents de la s\u00e9curit\u00e9 et de la protection civile ce mercredi 24 janvier 2024.<\/p>\n<p><img decoding=\"async\" data-attachment-id=\"256550\" data-permalink=\"https:\/\/mediaguinee.com\/2024\/04\/conakry-le-service-de-sante-de-la-police-et-de-la-protection-civile-inaugure-a-kaloum\/img_7682\/\" data-orig-file=\"https:\/\/i0.wp.com\/mediaguinee.com\/wp-content\/uploads\/2024\/04\/IMG_7682.jpeg?fit=1920%2C1440&amp;ssl=1\" data-orig-size=\"1920,1440\" data-comments-opened=\"1\" data-image-meta='{\"aperture\":\"0\",\"credit\":\"\",\"camera\":\"\",\"caption\":\"\",\"created_timestamp\":\"0\",\"copyright\":\"\",\"focal_length\":\"0\",\"iso\":\"0\",\"shutter_speed\":\"0\",\"title\":\"\",\"orientation\":\"1\"}' data-image-title=\"IMG_7682\" data-image-description=\"\" data-image-caption=\"\" data-medium-file=\"https:\/\/i0.wp.com\/mediaguinee.com\/wp-content\/uploads\/2024\/04\/IMG_7682.jpeg?fit=300%2C225&amp;ssl=1\" data-large-file=\"https:\/\/i0.wp.com\/mediaguinee.com\/wp-content\/uploads\/2024\/04\/IMG_7682.jpeg?fit=1024%2C768&amp;ssl=1\" class=\"alignnone size-medium wp-image-256550\"src=\"https:\/\/i0.wp.com\/mediaguinee.com\/wp-content\/uploads\/2024\/04\/IMG_7682.jpeg?w=1920&amp;ssl=1\" alt=\"\" width=\"300\" height=\"225\" srcset=\"https:\/\/i0.wp.com\/mediaguinee.com\/wp-content\/uploads\/2024\/04\/IMG_7682.jpeg?resize=300%2C225&amp;ssl=1 300w, https:\/\/i0.wp.com\/mediaguinee.com\/wp-content\/uploads\/2024\/04\/IMG_7682.jpeg?resize=1024%2C768&amp;ssl=1 1024w, https:\/\/i0.wp.com\/mediaguinee.com\/wp-content\/uploads\/2024\/04\/IMG_7682.jpeg?resize=768%2C576&amp;ssl=1 768w, https:\/\/i0.wp.com\/mediaguinee.com\/wp-content\/uploads\/2024\/04\/IMG_7682.jpeg?resize=1536%2C1152&amp;ssl=1 1536w, https:\/\/i0.wp.com\/mediaguinee.com\/wp-content\/uploads\/2024\/04\/IMG_7682.jpeg?resize=86%2C64&amp;ssl=1 86w, https:\/\/i0.wp.com\/mediaguinee.com\/wp-content\/uploads\/2024\/04\/IMG_7682.jpeg?w=1920&amp;ssl=1 1920w\" sizes=\"(max-width: 300px) 100vw, 300px\" data-recalc-dims=\"1\"><img decoding=\"async\" data-attachment-id=\"256551\" data-permalink=\"https:\/\/mediaguinee.com\/2024\/04\/conakry-le-service-de-sante-de-la-police-et-de-la-protection-civile-inaugure-a-kaloum\/img_7685\/\" data-orig-file=\"https:\/\/i0.wp.com\/mediaguinee.com\/wp-content\/uploads\/2024\/04\/IMG_7685.jpeg?fit=1920%2C1440&amp;ssl=1\" data-orig-size=\"1920,1440\" data-comments-opened=\"1\" data-image-meta='{\"aperture\":\"0\",\"credit\":\"\",\"camera\":\"\",\"caption\":\"\",\"created_timestamp\":\"0\",\"copyright\":\"\",\"focal_length\":\"0\",\"iso\":\"0\",\"shutter_speed\":\"0\",\"title\":\"\",\"orientation\":\"1\"}' data-image-title=\"IMG_7685\" data-image-description=\"\" data-image-caption=\"\" data-medium-file=\"https:\/\/i0.wp.com\/mediaguinee.com\/wp-content\/uploads\/2024\/04\/IMG_7685.jpeg?fit=300%2C225&amp;ssl=1\" data-large-file=\"https:\/\/i0.wp.com\/mediaguinee.com\/wp-content\/uploads\/2024\/04\/IMG_7685.jpeg?fit=1024%2C768&amp;ssl=1\" class=\"alignnone size-medium wp-image-256551\"src=\"https:\/\/i0.wp.com\/mediaguinee.com\/wp-content\/uploads\/2024\/04\/IMG_7685.jpeg?w=1920&amp;ssl=1\" alt=\"\" width=\"300\" height=\"225\" srcset=\"https:\/\/i0.wp.com\/mediaguinee.com\/wp-content\/uploads\/2024\/04\/IMG_7685.jpeg?resize=300%2C225&amp;ssl=1 300w, https:\/\/i0.wp.com\/mediaguinee.com\/wp-content\/uploads\/2024\/04\/IMG_7685.jpeg?resize=1024%2C768&amp;ssl=1 1024w, https:\/\/i0.wp.com\/mediaguinee.com\/wp-content\/uploads\/2024\/04\/IMG_7685.jpeg?resize=768%2C576&amp;ssl=1 768w, https:\/\/i0.wp.com\/mediaguinee.com\/wp-content\/uploads\/2024\/04\/IMG_7685.jpeg?resize=1536%2C1152&amp;ssl=1 1536w, https:\/\/i0.wp.com\/mediaguinee.com\/wp-content\/uploads\/2024\/04\/IMG_7685.jpeg?resize=86%2C64&amp;ssl=1 86w, https:\/\/i0.wp.com\/mediaguinee.com\/wp-content\/uploads\/2024\/04\/IMG_7685.jpeg?w=1920&amp;ssl=1 1920w\" sizes=\"(max-width: 300px) 100vw, 300px\" data-recalc-dims=\"1\"><img decoding=\"async\" data-attachment-id=\"256553\" data-permalink=\"https:\/\/mediaguinee.com\/2024\/04\/conakry-le-service-de-sante-de-la-police-et-de-la-protection-civile-inaugure-a-kaloum\/img_7684\/\" data-orig-file=\"https:\/\/i0.wp.com\/mediaguinee.com\/wp-content\/uploads\/2024\/04\/IMG_7684.jpeg?fit=1920%2C1440&amp;ssl=1\" data-orig-size=\"1920,1440\" data-comments-opened=\"1\" data-image-meta='{\"aperture\":\"0\",\"credit\":\"\",\"camera\":\"\",\"caption\":\"\",\"created_timestamp\":\"0\",\"copyright\":\"\",\"focal_length\":\"0\",\"iso\":\"0\",\"shutter_speed\":\"0\",\"title\":\"\",\"orientation\":\"1\"}' data-image-title=\"IMG_7684\" data-image-description=\"\" data-image-caption=\"\" data-medium-file=\"https:\/\/i0.wp.com\/mediaguinee.com\/wp-content\/uploads\/2024\/04\/IMG_7684.jpeg?fit=300%2C225&amp;ssl=1\" data-large-file=\"https:\/\/i0.wp.com\/mediaguinee.com\/wp-content\/uploads\/2024\/04\/IMG_7684.jpeg?fit=1024%2C768&amp;ssl=1\" class=\"alignnone size-medium wp-image-256553\"src=\"https:\/\/i0.wp.com\/mediaguinee.com\/wp-content\/uploads\/2024\/04\/IMG_7684.jpeg?w=1920&amp;ssl=1\" alt=\"\" width=\"300\" height=\"225\" srcset=\"https:\/\/i0.wp.com\/mediaguinee.com\/wp-content\/uploads\/2024\/04\/IMG_7684.jpeg?resize=300%2C225&amp;ssl=1 300w, https:\/\/i0.wp.com\/mediaguinee.com\/wp-content\/uploads\/2024\/04\/IMG_7684.jpeg?resize=1024%2C768&amp;ssl=1 1024w, https:\/\/i0.wp.com\/mediaguinee.com\/wp-content\/uploads\/2024\/04\/IMG_7684.jpeg?resize=768%2C576&amp;ssl=1 768w, https:\/\/i0.wp.com\/mediaguinee.com\/wp-content\/uploads\/2024\/04\/IMG_7684.jpeg?resize=1536%2C1152&amp;ssl=1 1536w, https:\/\/i0.wp.com\/mediaguinee.com\/wp-content\/uploads\/2024\/04\/IMG_7684.jpeg?resize=86%2C64&amp;ssl=1 86w, https:\/\/i0.wp.com\/mediaguinee.com\/wp-content\/uploads\/2024\/04\/IMG_7684.jpeg?w=1920&amp;ssl=1 1920w\" sizes=\"(max-width: 300px) 100vw, 300px\" data-recalc-dims=\"1\"><img decoding=\"async\" data-attachment-id=\"256554\" data-permalink=\"https:\/\/mediaguinee.com\/2024\/04\/conakry-le-service-de-sante-de-la-police-et-de-la-protection-civile-inaugure-a-kaloum\/img_7679\/\" data-orig-file=\"https:\/\/i0.wp.com\/mediaguinee.com\/wp-content\/uploads\/2024\/04\/IMG_7679.jpeg?fit=1822%2C1024&amp;ssl=1\" data-orig-size=\"1822,1024\" data-comments-opened=\"1\" data-image-meta='{\"aperture\":\"0\",\"credit\":\"\",\"camera\":\"\",\"caption\":\"\",\"created_timestamp\":\"0\",\"copyright\":\"\",\"focal_length\":\"0\",\"iso\":\"0\",\"shutter_speed\":\"0\",\"title\":\"\",\"orientation\":\"1\"}' data-image-title=\"IMG_7679\" data-image-description=\"\" data-image-caption=\"\" data-medium-file=\"https:\/\/i0.wp.com\/mediaguinee.com\/wp-content\/uploads\/2024\/04\/IMG_7679.jpeg?fit=300%2C169&amp;ssl=1\" data-large-file=\"https:\/\/i0.wp.com\/mediaguinee.com\/wp-content\/uploads\/2024\/04\/IMG_7679.jpeg?fit=1024%2C576&amp;ssl=1\" class=\"alignnone size-medium wp-image-256554\"src=\"https:\/\/i0.wp.com\/mediaguinee.com\/wp-content\/uploads\/2024\/04\/IMG_7679.jpeg?w=1822&amp;ssl=1\" alt=\"\" width=\"300\" height=\"169\" srcset=\"https:\/\/i0.wp.com\/mediaguinee.com\/wp-content\/uploads\/2024\/04\/IMG_7679.jpeg?resize=300%2C169&amp;ssl=1 300w, https:\/\/i0.wp.com\/mediaguinee.com\/wp-content\/uploads\/2024\/04\/IMG_7679.jpeg?resize=1024%2C576&amp;ssl=1 1024w, https:\/\/i0.wp.com\/mediaguinee.com\/wp-content\/uploads\/2024\/04\/IMG_7679.jpeg?resize=768%2C432&amp;ssl=1 768w, https:\/\/i0.wp.com\/mediaguinee.com\/wp-content\/uploads\/2024\/04\/IMG_7679.jpeg?resize=1536%2C863&amp;ssl=1 1536w, https:\/\/i0.wp.com\/mediaguinee.com\/wp-content\/uploads\/2024\/04\/IMG_7679.jpeg?w=1822&amp;ssl=1 1822w\" sizes=\"(max-width: 300px) 100vw, 300px\" data-recalc-dims=\"1\"><img decoding=\"async\" data-attachment-id=\"256555\" data-permalink=\"https:\/\/mediaguinee.com\/2024\/04\/conakry-le-service-de-sante-de-la-police-et-de-la-protection-civile-inaugure-a-kaloum\/img_7686-2\/\" data-orig-file=\"https:\/\/i0.wp.com\/mediaguinee.com\/wp-content\/uploads\/2024\/04\/IMG_7686.jpeg?fit=1920%2C1440&amp;ssl=1\" data-orig-size=\"1920,1440\" data-comments-opened=\"1\" data-image-meta='{\"aperture\":\"0\",\"credit\":\"\",\"camera\":\"\",\"caption\":\"\",\"created_timestamp\":\"0\",\"copyright\":\"\",\"focal_length\":\"0\",\"iso\":\"0\",\"shutter_speed\":\"0\",\"title\":\"\",\"orientation\":\"1\"}' data-image-title=\"IMG_7686\" data-image-description=\"\" data-image-caption=\"\" data-medium-file=\"https:\/\/i0.wp.com\/mediaguinee.com\/wp-content\/uploads\/2024\/04\/IMG_7686.jpeg?fit=300%2C225&amp;ssl=1\" data-large-file=\"https:\/\/i0.wp.com\/mediaguinee.com\/wp-content\/uploads\/2024\/04\/IMG_7686.jpeg?fit=1024%2C768&amp;ssl=1\" class=\"alignnone size-medium wp-image-256555\"src=\"https:\/\/i0.wp.com\/mediaguinee.com\/wp-content\/uploads\/2024\/04\/IMG_7686.jpeg?w=1920&amp;ssl=1\" alt=\"\" width=\"300\" height=\"225\" srcset=\"https:\/\/i0.wp.com\/mediaguinee.com\/wp-content\/uploads\/2024\/04\/IMG_7686.jpeg?resize=300%2C225&amp;ssl=1 300w, https:\/\/i0.wp.com\/mediaguinee.com\/wp-content\/uploads\/2024\/04\/IMG_7686.jpeg?resize=1024%2C768&amp;ssl=1 1024w, https:\/\/i0.wp.com\/mediaguinee.com\/wp-content\/uploads\/2024\/04\/IMG_7686.jpeg?resize=768%2C576&amp;ssl=1 768w, https:\/\/i0.wp.com\/mediaguinee.com\/wp-content\/uploads\/2024\/04\/IMG_7686.jpeg?resize=1536%2C1152&amp;ssl=1 1536w, https:\/\/i0.wp.com\/mediaguinee.com\/wp-content\/uploads\/2024\/04\/IMG_7686.jpeg?resize=86%2C64&amp;ssl=1 86w, https:\/\/i0.wp.com\/mediaguinee.com\/wp-content\/uploads\/2024\/04\/IMG_7686.jpeg?w=1920&amp;ssl=1 1920w\" sizes=\"(max-width: 300px) 100vw, 300px\" data-recalc-dims=\"1\"><img decoding=\"async\" data-attachment-id=\"256556\" data-permalink=\"https:\/\/mediaguinee.com\/2024\/04\/conakry-le-service-de-sante-de-la-police-et-de-la-protection-civile-inaugure-a-kaloum\/img_7680\/\" data-orig-file=\"https:\/\/i0.wp.com\/mediaguinee.com\/wp-content\/uploads\/2024\/04\/IMG_7680.jpeg?fit=1822%2C1024&amp;ssl=1\" data-orig-size=\"1822,1024\" data-comments-opened=\"1\" data-image-meta='{\"aperture\":\"0\",\"credit\":\"\",\"camera\":\"\",\"caption\":\"\",\"created_timestamp\":\"0\",\"copyright\":\"\",\"focal_length\":\"0\",\"iso\":\"0\",\"shutter_speed\":\"0\",\"title\":\"\",\"orientation\":\"1\"}' data-image-title=\"IMG_7680\" data-image-description=\"\" data-image-caption=\"\" data-medium-file=\"https:\/\/i0.wp.com\/mediaguinee.com\/wp-content\/uploads\/2024\/04\/IMG_7680.jpeg?fit=300%2C169&amp;ssl=1\" data-large-file=\"https:\/\/i0.wp.com\/mediaguinee.com\/wp-content\/uploads\/2024\/04\/IMG_7680.jpeg?fit=1024%2C576&amp;ssl=1\" class=\"alignnone size-medium wp-image-256556\"src=\"https:\/\/i0.wp.com\/mediaguinee.com\/wp-content\/uploads\/2024\/04\/IMG_7680.jpeg?w=1822&amp;ssl=1\" alt=\"\" width=\"300\" height=\"169\" srcset=\"https:\/\/i0.wp.com\/mediaguinee.com\/wp-content\/uploads\/2024\/04\/IMG_7680.jpeg?resize=300%2C169&amp;ssl=1 300w, https:\/\/i0.wp.com\/mediaguinee.com\/wp-content\/uploads\/2024\/04\/IMG_7680.jpeg?resize=1024%2C576&amp;ssl=1 1024w, https:\/\/i0.wp.com\/mediaguinee.com\/wp-content\/uploads\/2024\/04\/IMG_7680.jpeg?resize=768%2C432&amp;ssl=1 768w, https:\/\/i0.wp.com\/mediaguinee.com\/wp-content\/uploads\/2024\/04\/IMG_7680.jpeg?resize=1536%2C863&amp;ssl=1 1536w, https:\/\/i0.wp.com\/mediaguinee.com\/wp-content\/uploads\/2024\/04\/IMG_7680.jpeg?w=1822&amp;ssl=1 1822w\" sizes=\"(max-width: 300px) 100vw, 300px\" data-recalc-dims=\"1\"><\/p>\n<div dir=\"auto\" data-removefontsize=\"true\" data-originalcomputedfontsize=\"16\">Durant cette c\u00e9r\u00e9monie inaugurale, le ministre de la s\u00e9curit\u00e9 et de la protection civile le g\u00e9n\u00e9ral Bachir Diallo, le Chef d\u2019\u00c9tat-Major G\u00e9n\u00e9ral des Arm\u00e9es G\u00e9n\u00e9ral de brigade Ibrahima Sory Bangoura, g\u00e9n\u00e9rale Aminata Diallo et plusieurs responsables du secteur sanitaire et locaux y ont pris part.<\/div>\n<div dir=\"auto\" data-removefontsize=\"true\" data-originalcomputedfontsize=\"16\">Construit en 1992, apr\u00e8s cette premi\u00e8re r\u00e9novation, le Directeur g\u00e9n\u00e9ral du service de sant\u00e9 de la police et de la protection civile, Dr Fran\u00e7ois Georges Tolno a indiqu\u00e9 l\u2019importance de ce centre hospitalier : \u00ab Ce Service a pour mission principale la prise en charge de tous les probl\u00e8mes sanitaires se rapportant \u00e0 la Police et \u00e0 la Protection Civile. La remise en \u00e9tat de fonctionnement L\u2019expression \u00e9loquente que Monsieur de ce centre, le Ministre de la S\u00e9curit\u00e9 et de la Protection Civile accorde \u00e0 la Police Nationale et \u00e0 la Protection Civile \u00e0 l\u2019effet de mener \u00e0 bien leurs r\u00e9galiennes Distingu\u00e9s Invit\u00e9s: Ce service de Sant\u00e9, enti\u00e8rement r\u00e9nov\u00e9 et \u00e9quip\u00e9 de mat\u00e9riels m\u00e9dicaux de pointe et des mobiliers modernes est engag\u00e9 \u00e0 assurer le bien-\u00eatre des fonctionnaires de Police, de la Protection Civile, Il offre \u00e9galement des soins de sant\u00e9 de qualit\u00e9 aux populations riveraines. Il y a lieu de pr\u00e9ciser que cette inauguration marque un pas important et significatif dans d\u2019am\u00e9lioration des services de sant\u00e9 apport\u00e9s aux fonctionnaires de la Police, de la Protection Civile et les citoyens \u00bb.<\/div>\n<div dir=\"auto\">\n<div dir=\"auto\"><\/div>\n<div dir=\"auto\">Plus loin, il a sollicit\u00e9 \u00a0l\u2019appui du ministre de la s\u00e9curit\u00e9 pour plus de r\u00e9alisations dans ce sens.<\/div>\n<div dir=\"auto\" data-removefontsize=\"true\" data-originalcomputedfontsize=\"16\">\u00abPar ailleurs, nous sollicitons \u00e9galement aupr\u00e9s de Monsieur le Ministre de la S\u00e9curit\u00e9 et de la Protection Civile son appui inlassable pour un maillage territorial de notre service dans tous les services de Police et de Protection civile d\u00e9concentr\u00e9s de l\u2019int\u00e9rieur du pays. Ce faisant, l\u2019ensemble du personnel de la Police Nationale et de la Protection Civile b\u00e9n\u00e9ficiera des m\u00eames opportunit\u00e9s aussi bien \u00e0 Conakry qu\u2019\u00e0 l\u2019int\u00e9rieur\u00bb.<\/div>\n<div dir=\"auto\"><\/div>\n<div dir=\"auto\" data-removefontsize=\"true\" data-originalcomputedfontsize=\"16\">Pour la d\u00e9l\u00e9gation de la commune de Kaloum, c\u2019est un honneur et un soulagement pour les riverains. Un joyaux auquel ils prendront soin.<\/div>\n<div dir=\"auto\" data-removefontsize=\"true\" data-originalcomputedfontsize=\"16\">\u00abLa c\u00e9r\u00e9monie qui nous r\u00e9unit ce matin est consacr\u00e9e \u00e0 l\u2019inauguration du centre de sant\u00e9 de la police et de la protection civile au niveau de la commune de kaloum.\u00a0 C\u2019est un honneur pour les citoyens de kaloum d\u2019\u00eatre aujourd\u2019hui en faveur de cette r\u00e9novation. Vous savez que la sant\u00e9 est la principale priorit\u00e9 du gouvernement de monsieur le pr\u00e9sident de la R\u00e9publique.\u00a0 Aujourd\u2019hui, les citoyens de Kaloum sont fiers de \u00e7a parce que la proximit\u00e9 \u00e9tant nous sommes aujourd\u2019hui \u00e0 mesure aujourd\u2019hui d\u2019\u00eatre tout pr\u00e8s pour soigner nos familles\u00bb, s\u2019est-il r\u00e9joui au nom des Kaloumkas.<\/div>\n<div dir=\"auto\"><\/div>\n<div dir=\"auto\" data-removefontsize=\"true\" data-originalcomputedfontsize=\"16\">Dans son discours, le ministre de la s\u00e9curit\u00e9 et de la protection civile, le g\u00e9n\u00e9ral Bachir Diallo indique que cette r\u00e9alisation est la volont\u00e9 manifeste du pr\u00e9sident de la transition de faire de la sant\u00e9 de ces hommes de s\u00e9curit\u00e9 une priorit\u00e9.<\/div>\n<div dir=\"auto\" data-removefontsize=\"true\" data-originalcomputedfontsize=\"16\"><img decoding=\"async\" data-attachment-id=\"256559\" data-permalink=\"https:\/\/mediaguinee.com\/2024\/04\/conakry-le-service-de-sante-de-la-police-et-de-la-protection-civile-inaugure-a-kaloum\/img_7681\/\" data-orig-file=\"https:\/\/i0.wp.com\/mediaguinee.com\/wp-content\/uploads\/2024\/04\/IMG_7681.jpeg?fit=1920%2C1088&amp;ssl=1\" data-orig-size=\"1920,1088\" data-comments-opened=\"1\" data-image-meta='{\"aperture\":\"0\",\"credit\":\"\",\"camera\":\"\",\"caption\":\"\",\"created_timestamp\":\"0\",\"copyright\":\"\",\"focal_length\":\"0\",\"iso\":\"0\",\"shutter_speed\":\"0\",\"title\":\"\",\"orientation\":\"1\"}' data-image-title=\"IMG_7681\" data-image-description=\"\" data-image-caption=\"\" data-medium-file=\"https:\/\/i0.wp.com\/mediaguinee.com\/wp-content\/uploads\/2024\/04\/IMG_7681.jpeg?fit=300%2C170&amp;ssl=1\" data-large-file=\"https:\/\/i0.wp.com\/mediaguinee.com\/wp-content\/uploads\/2024\/04\/IMG_7681.jpeg?fit=1024%2C580&amp;ssl=1\" class=\"alignnone size-medium wp-image-256559\"src=\"https:\/\/i0.wp.com\/mediaguinee.com\/wp-content\/uploads\/2024\/04\/IMG_7681.jpeg?w=1920&amp;ssl=1\" alt=\"\" width=\"300\" height=\"170\" srcset=\"https:\/\/i0.wp.com\/mediaguinee.com\/wp-content\/uploads\/2024\/04\/IMG_7681.jpeg?resize=300%2C170&amp;ssl=1 300w, https:\/\/i0.wp.com\/mediaguinee.com\/wp-content\/uploads\/2024\/04\/IMG_7681.jpeg?resize=1024%2C580&amp;ssl=1 1024w, https:\/\/i0.wp.com\/mediaguinee.com\/wp-content\/uploads\/2024\/04\/IMG_7681.jpeg?resize=768%2C435&amp;ssl=1 768w, https:\/\/i0.wp.com\/mediaguinee.com\/wp-content\/uploads\/2024\/04\/IMG_7681.jpeg?resize=1536%2C870&amp;ssl=1 1536w, https:\/\/i0.wp.com\/mediaguinee.com\/wp-content\/uploads\/2024\/04\/IMG_7681.jpeg?w=1920&amp;ssl=1 1920w\" sizes=\"(max-width: 300px) 100vw, 300px\" data-recalc-dims=\"1\"><\/div>\n<div dir=\"auto\"><\/div>\n<div dir=\"auto\" data-removefontsize=\"true\" data-originalcomputedfontsize=\"16\">\u00abCet \u00e9difice, quoique de taille r\u00e9duite, r\u00e9pond \u00e0 la promesse du Chef de l\u2019\u00c9tat de cr\u00e9er les meilleures conditions de travail et de vie pour nos forces de D\u00e9fense et de S\u00e9curit\u00e9 et de nos concitoyens.<\/div>\n<div dir=\"auto\">\n<div dir=\"auto\" data-removefontsize=\"true\" data-originalcomputedfontsize=\"16\">Cette c\u00e9r\u00e9monie cadre parfaitement avec la vision \u00e9clair\u00e9e de Son Excellence Monsieur le Pr\u00e9sident de la R\u00e9publique, Chef de l\u2019\u00c9tat, Chef Supr\u00eame des Arm\u00e9es, le G\u00e9n\u00e9ral Mamadi DOUMBOUYA, qui fait du bien-\u00eatre des travailleurs un des axes importants de la Refondation de l\u2019\u00c9tat. Chers compagnons d\u2019armes, je sais combien ce jour est important pour nous, car cette structure sanitaire, r\u00e9nov\u00e9e et dot\u00e9e d\u2019\u00e9quipements de travail modernes et de mat\u00e9riels roulants : Ambulance, Corbillard et de v\u00e9hicules de Service, ces moyens vous permettront, d\u00e9sormais, de disposer d\u2019une structure sanitaire de proximit\u00e9, au c\u0153ur de Conakry, non loin de la Direction G\u00e9n\u00e9rale du Service de sant\u00e9 des Arm\u00e9es ainsi que le Centre Hospitalier-Universitaire Ignace Deen, qui recevait nos bless\u00e9es.<\/div>\n<div dir=\"auto\">\n<div dir=\"auto\" data-removefontsize=\"true\" data-originalcomputedfontsize=\"16\">Je tiens \u00e0 souligner que le sous-investissement dans les structures sanitaires de notre D\u00e9partement depuis de nombreuses d\u00e9cennies, a fini par avoir un impact n\u00e9gatif sur la disponibilit\u00e9 des services et de prestations ainsi que sur la qualit\u00e9 des soins administr\u00e9s \u00e0 nos personnels\u00bb, dit le ministre.<\/div>\n<\/div>\n<\/div>\n<div dir=\"auto\"><\/div>\n<div dir=\"auto\" data-removefontsize=\"true\" data-originalcomputedfontsize=\"16\">\u00a0Au del\u00e0 de cette r\u00e9alisation, annonce le g\u00e9n\u00e9ral Bachir, \u00abil faut souligner que ce centre de sant\u00e9 incarne notre vision d\u2019une politique de sant\u00e9 pour notre corporation qui ne fait pas de distinction entre les patients Policiers et les Citoyens \u00e0 tous les niveaux, pour lesquels nous travaillons, ils sont les bienvenus dans ce centre de sant\u00e9. C\u2019est en cela aussi, que nous c\u00e9l\u00e9brons aujourd\u2019hui, ce succ\u00e8s collectif.<\/div>\n<div dir=\"auto\">\n<div dir=\"auto\" data-removefontsize=\"true\" data-originalcomputedfontsize=\"16\">Aussi, en parcourant ces couloirs tout \u00e0 l\u2019heure, en d\u00e9couvrant les \u00e9quipements de pointe et en \u00e9coutant le personnel soignant, nous serons d\u2019avantage \u00e9difi\u00e9s de la force de l\u2019esprit d\u2019un service public de qualit\u00e9. Cette structure sanitaire est bien plus qu\u2019un b\u00e2timent ; il est le reflet de notre d\u00e9termination \u00e0 offrir des soins de qualit\u00e9 \u00e0 nos fonctionnaires\u00bb. Soulignant que tous les citoyens \u00e0 tous les niveaux en plus ceux de la protection sont les bienvenus.<\/div>\n<\/div>\n<div dir=\"auto\"><\/div>\n<div dir=\"auto\" data-removefontsize=\"true\" data-originalcomputedfontsize=\"16\">C\u2019est sur ces mots que le centre de sant\u00e9 de la police et de la protection a \u00e9t\u00e9 officiellement inaugur\u00e9.<\/div>\n<div dir=\"auto\" data-removefontsize=\"true\" data-originalcomputedfontsize=\"16\">Dans les jours qui suivent un corbillard, des ambulances et d\u2019autres mat\u00e9riels de transport feront l\u2019objet d\u2019une remise officielle.<\/div>\n<div dir=\"auto\"><\/div>\n<div dir=\"auto\" data-removefontsize=\"true\" data-originalcomputedfontsize=\"16\"><strong>Mayi Ciss\u00e9\u00a0<\/strong><\/div>\n<\/div>\n<p>L\u2019article <a href=\"https:\/\/mediaguinee.com\/2024\/04\/conakry-le-service-de-sante-de-la-police-et-de-la-protection-civile-inaugure-a-kaloum\/\">Conakry: le service de sant\u00e9 de la police et de la protection civile inaugur\u00e9, \u00e0 Kaloum<\/a> est apparu en premier sur <a href=\"https:\/\/mediaguinee.com\/\">Mediaguinee.com<\/a>.<\/p>\n<\/div>\n","protected":false},"excerpt":{"rendered":"<p>Le gouvernement guin\u00e9en \u00e0 travers le minist\u00e8re de la s\u00e9curit\u00e9 et de la protection civile a proc\u00e9d\u00e9 \u00e0 l\u2019inauguration du service de sant\u00e9 destin\u00e9 aux agents de la s\u00e9curit\u00e9 et de la protection civile ce mercredi 24 janvier 2024. Durant cette c\u00e9r\u00e9monie inaugurale, le ministre de la s\u00e9curit\u00e9 et de la protection civile le g\u00e9n\u00e9ral &hellip;<\/p>\n","protected":false},"author":1,"featured_media":0,"comment_status":"closed","ping_status":"closed","sticky":false,"template":"","format":"standard","meta":{"footnotes":""},"categories":[2],"tags":[23],"_links":{"self":[{"href":"https:\/\/sn.ambaguinee.org\/index.php?rest_route=\/wp\/v2\/posts\/65197"}],"collection":[{"href":"https:\/\/sn.ambaguinee.org\/index.php?rest_route=\/wp\/v2\/posts"}],"about":[{"href":"https:\/\/sn.ambaguinee.org\/index.php?rest_route=\/wp\/v2\/types\/post"}],"author":[{"embeddable":true,"href":"https:\/\/sn.ambaguinee.org\/index.php?rest_route=\/wp\/v2\/users\/1"}],"replies":[{"embeddable":true,"href":"https:\/\/sn.ambaguinee.org\/index.php?rest_route=%2Fwp%2Fv2%2Fcomments&post=65197"}],"version-history":[{"count":0,"href":"https:\/\/sn.ambaguinee.org\/index.php?rest_route=\/wp\/v2\/posts\/65197\/revisions"}],"wp:attachment":[{"href":"https:\/\/sn.ambaguinee.org\/index.php?rest_route=%2Fwp%2Fv2%2Fmedia&parent=65197"}],"wp:term":[{"taxonomy":"category","embeddable":true,"href":"https:\/\/sn.ambaguinee.org\/index.php?rest_route=%2Fwp%2Fv2%2Fcategories&post=65197"},{"taxonomy":"post_tag","embeddable":true,"href":"https:\/\/sn.ambaguinee.org\/index.php?rest_route=%2Fwp%2Fv2%2Ftags&post=65197"}],"curies":[{"name":"wp","href":"https:\/\/api.w.org\/{rel}","templated":true}]}}