{"id":65260,"date":"2024-04-26T13:28:01","date_gmt":"2024-04-26T11:28:01","guid":{"rendered":"https:\/\/sn.ambaguinee.org\/?p=65260"},"modified":"2024-04-26T13:28:01","modified_gmt":"2024-04-26T11:28:01","slug":"reforme-constitutionnelle-en-guinee-et-si-la-solution-se-trouvait-dans-le-federalisme-zeinab-camara","status":"publish","type":"post","link":"https:\/\/sn.ambaguinee.org\/?p=65260","title":{"rendered":"R\u00e9forme constitutionnelle en Guin\u00e9e : Et si la Solution se trouvait dans le F\u00e9d\u00e9ralisme? [Zeinab Camara]"},"content":{"rendered":"<div>\n<div style=\"margin-bottom:20px;\"><img width=\"720\" height=\"528\"src=\"https:\/\/i0.wp.com\/mediaguinee.com\/wp-content\/uploads\/2024\/04\/3548c5ae-c4f7-4718-92dd-4c723f1f8239.jpeg?w=720&amp;ssl=1\" class=\"attachment-post-thumbnail size-post-thumbnail wp-post-image\" alt=\"\" decoding=\"async\" srcset=\"https:\/\/i0.wp.com\/mediaguinee.com\/wp-content\/uploads\/2024\/04\/3548c5ae-c4f7-4718-92dd-4c723f1f8239.jpeg?w=720&amp;ssl=1 720w, https:\/\/i0.wp.com\/mediaguinee.com\/wp-content\/uploads\/2024\/04\/3548c5ae-c4f7-4718-92dd-4c723f1f8239.jpeg?resize=300%2C220&amp;ssl=1 300w, https:\/\/i0.wp.com\/mediaguinee.com\/wp-content\/uploads\/2024\/04\/3548c5ae-c4f7-4718-92dd-4c723f1f8239.jpeg?resize=86%2C64&amp;ssl=1 86w\" sizes=\"(max-width: 720px) 100vw, 720px\" data-attachment-id=\"256698\" data-permalink=\"https:\/\/mediaguinee.com\/2024\/04\/reforme-constitutionnelle-en-guinee-et-si-la-solution-se-trouvait-dans-le-federalisme-zeinab-camara\/3548c5ae-c4f7-4718-92dd-4c723f1f8239\/\" data-orig-file=\"https:\/\/i0.wp.com\/mediaguinee.com\/wp-content\/uploads\/2024\/04\/3548c5ae-c4f7-4718-92dd-4c723f1f8239.jpeg?fit=720%2C528&amp;ssl=1\" data-orig-size=\"720,528\" data-comments-opened=\"1\" data-image-meta='{\"aperture\":\"0\",\"credit\":\"\",\"camera\":\"\",\"caption\":\"\",\"created_timestamp\":\"1714101464\",\"copyright\":\"\",\"focal_length\":\"0\",\"iso\":\"0\",\"shutter_speed\":\"0\",\"title\":\"\",\"orientation\":\"1\"}' data-image-title=\"3548c5ae-c4f7-4718-92dd-4c723f1f8239\" data-image-description=\"\" data-image-caption=\"\" data-medium-file=\"https:\/\/i0.wp.com\/mediaguinee.com\/wp-content\/uploads\/2024\/04\/3548c5ae-c4f7-4718-92dd-4c723f1f8239.jpeg?fit=300%2C220&amp;ssl=1\" data-large-file=\"https:\/\/i0.wp.com\/mediaguinee.com\/wp-content\/uploads\/2024\/04\/3548c5ae-c4f7-4718-92dd-4c723f1f8239.jpeg?fit=720%2C528&amp;ssl=1\"><\/div>\n<p><span class=\"s4\"><span class=\"bumpedFont15\">E<\/span><\/span><span class=\"s4\"><span class=\"bumpedFont15\">n ces moments cruciaux o\u00f9 la Guin\u00e9e envisage une profonde refonte de sa Constitution, nous nous trouvons \u00e0 un carrefour historique qui interpelle chacun d\u2019entre nous : citoyens d\u00e9vou\u00e9s, dirigeants politiques<\/span><\/span><span class=\"s4\"><span class=\"bumpedFont15\">, <\/span><\/span><span class=\"s4\"><span class=\"bumpedFont15\">acteurs <\/span><\/span><span class=\"s4\"><span class=\"bumpedFont15\">soci<\/span><\/span><span class=\"s4\"><span class=\"bumpedFont15\">o-\u00e9conomiques<\/span><\/span><span class=\"s4\"><span class=\"bumpedFont15\">.<\/span><\/span> <span class=\"s4\"><span class=\"bumpedFont15\">En ma qualit\u00e9<\/span><\/span><span class=\"s4\"><span class=\"bumpedFont15\"> d<\/span><\/span><span class=\"s4\"><span class=\"bumpedFont15\">\u2018ancienne l\u00e9gislatrice, je ressens avec acuit\u00e9 le devoir de contribuer activement \u00e0 l\u2019\u00e9dification d\u2019une solution durable pour notre patrie. <\/span><\/span><span class=\"s4\"><span class=\"bumpedFont15\">A<\/span><\/span><span class=\"s4\"><span class=\"bumpedFont15\"> l\u2019aube des <\/span><\/span><span class=\"s5\"><span class=\"bumpedFont15\">D\u00e9bats d\u2019Orientation Constitutionnelle sous l\u2019\u00e9gide du Conseil National de Transition<\/span><\/span><span class=\"s4\"><span class=\"bumpedFont15\">, <\/span><\/span><span class=\"s4\"><span class=\"bumpedFont15\">j\u2019ai jug\u00e9 utile<\/span><\/span><span class=\"s4\"><span class=\"bumpedFont15\"> d\u2019<\/span><\/span><span class=\"s4\"><span class=\"bumpedFont15\">apporter une contribution constructive <\/span><\/span><span class=\"s4\"><span class=\"bumpedFont15\">aux d\u00e9bats<\/span><\/span><span class=\"s4\"><span class=\"bumpedFont15\">,<\/span><\/span><span class=\"s4\"><span class=\"bumpedFont15\"> car<\/span><\/span><span class=\"s4\"><span class=\"bumpedFont15\"> le moment<\/span><\/span><span class=\"s4\"><span class=\"bumpedFont15\"> est<\/span><\/span> <span class=\"s4\"><span class=\"bumpedFont15\">une occasion in\u00e9dite de r\u00e9former notre contrat social afin qu\u2019il incarne fid\u00e8lement les aspirations profondes de notre peuple.<\/span><\/span><\/p>\n<p class=\"s3\">\n<p class=\"s3\"><span class=\"s4\"><span class=\"bumpedFont15\">En effet, cette p\u00e9riode de notre histoire commune nous <\/span><\/span><span class=\"s4\"><span class=\"bumpedFont15\">interpelle tous. <\/span><\/span><span class=\"s4\"><span class=\"bumpedFont15\">Les interrogations qui me tourmentent constamment \u2013 <\/span><\/span><span class=\"s4\"><span class=\"bumpedFont15\">c<\/span><\/span><span class=\"s4\"><span class=\"bumpedFont15\">omment transcender l\u2019impasse socio-politique guin\u00e9enne ? Comment arracher nos compatriotes de la pauvret\u00e9 end\u00e9mique qui s\u00e9vit dans nos villages ? Comment instaurer une \u00e9quit\u00e9 universelle et hisser la Guin\u00e9e \u00e0 un rang de fiert\u00e9 sur la sc\u00e8ne internationale ? <\/span><\/span><span class=\"s4\"><span class=\"bumpedFont15\">\u2013<\/span><\/span><span class=\"s4\"><span class=\"bumpedFont15\">r\u00e9sonnent<\/span><\/span><span class=\"s4\"><span class=\"bumpedFont15\"> aussi,<\/span><\/span><span class=\"s4\"><span class=\"bumpedFont15\"> douloureusement<\/span><\/span><span class=\"s4\"><span class=\"bumpedFont15\">,<\/span><\/span><span class=\"s4\"><span class=\"bumpedFont15\"> dans le c\u0153ur de chaque Guin\u00e9en. Il est manifeste que chaque g\u00e9n\u00e9ration se trouve confront\u00e9e aux m\u00eames maux, exacerb\u00e9s par une malveillance croissante, l\u2019absence de rep\u00e8res pour la jeunesse, le manque de mod\u00e8les inspirants, et une d\u00e9sagr\u00e9gation alarmante de la coh\u00e9sion sociale.<\/span><\/span><\/p>\n<p class=\"s3\">\n<p class=\"s3\"><span class=\"s4\"><span class=\"bumpedFont15\">Cette r\u00e9alit\u00e9 sombre est aggrav\u00e9e par un syst\u00e8me de gouvernance o\u00f9 le pouvoir est per\u00e7u comme le seul moyen d\u2019acc\u00e9der \u00e0 la justice et aux opportunit\u00e9s, nourrissant ainsi une comp\u00e9tition destructrice pour l\u2019ascension sociale. Quelle que soit l\u2019id\u00e9ologie adopt\u00e9e \u2013 socialiste, lib\u00e9rale, ou social-d\u00e9mocrate \u2013 chaque r\u00e9gime a \u00e9t\u00e9 marqu\u00e9 par une centralisation du pouvoir autour d\u2019une figure dominante et de son cercle restreint. Ce pr\u00e9sidentialisme omnipr\u00e9sent et omnipotent a syst\u00e9matiquement ralenti notre progression et aliment\u00e9 la stagnation politique et sociale ; tant que ce mod\u00e8le perdurera, les afflictions de notre soci\u00e9t\u00e9 ne feront que s\u2019intensifier, m\u00eame sous la houlette du plus \u00e9minent des leaders.<\/span><\/span><\/p>\n<p class=\"s3\"><span class=\"s4\"><span class=\"bumpedFont15\">L\u2019\u00e9lite intellectuelle, autrefois pilier de la pens\u00e9e et du d\u00e9bat constructif, se retrouve souvent intimid\u00e9e par la peur d\u2019\u00eatre vilipend\u00e9e par un tribunal populaire<\/span><\/span><span class=\"s4\"><span class=\"bumpedFont15\">,<\/span><\/span><span class=\"s4\"><span class=\"bumpedFont15\"> ou sacrifi\u00e9e comme bouc \u00e9missaire. Ce retrait a appauvri notre sph\u00e8re politique et notre gestion nationale, facilitant l\u2019\u00e9laboration de politiques publiques inefficaces, la d\u00e9gradation de l\u2019\u00e9ducation et des services sociaux de base, et a quasi effac\u00e9 notre pr\u00e9sence dans les ar\u00e8nes de <\/span><\/span><span class=\"s4\"><span class=\"bumpedFont15\">d\u00e9cisions<\/span><\/span> <span class=\"s4\"><span class=\"bumpedFont15\">internationales. Elle doit d\u00e9sormais reprendre son r\u00f4le pr\u00e9pond\u00e9rant en r\u00e9pondant \u00e0 l\u2019appel imp\u00e9rieux et aux cris du c\u0153ur de nos compatriotes.<\/span><\/span><\/p>\n<p class=\"s3\">\n<p class=\"s3\"><span class=\"s4\"><span class=\"bumpedFont15\">Les \u00e9chos de violence r\u00e9sonnent dans nos rues et nos demeures sous diverses formes, tandis qu\u2019un d\u00e9ficit de confiance profond\u00e9ment enracin\u00e9 sape notre capacit\u00e9 \u00e0 collaborer. Cette m\u00e9fiance, manifest\u00e9e par une pr\u00e9f\u00e9rence exacerb\u00e9e pour l\u2019\u00e9tranger au d\u00e9triment de nos propres citoyens, perp\u00e9tue une soci\u00e9t\u00e9 o\u00f9, si l\u2019initiative personnelle n\u2019est pas la mienne, elle doit p\u00e9rir ; ceux qui tentent de s\u2019\u00e9lever sont impitoyablement r\u00e9prim\u00e9s.<\/span><\/span><\/p>\n<p class=\"s3\">\n<p class=\"s3\"><span class=\"s4\"><span class=\"bumpedFont15\">Face \u00e0 ces d\u00e9fis monumentaux, nous sommes convoqu\u00e9s \u00e0 une r\u00e9flexion, mais surtout \u00e0 l\u2019action. Il ne s\u2019agit pas uniquement de reconstruire nos institutions, mais de r\u00e9parer le tissu m\u00eame de notre soci\u00e9t\u00e9 pour <\/span><\/span><span class=\"s4\"><span class=\"bumpedFont15\">co<\/span><\/span><span class=\"s4\"><span class=\"bumpedFont15\">-construire notre avenir commun. Le <\/span><\/span><span class=\"s4\"><span class=\"bumpedFont15\">F<\/span><\/span><span class=\"s4\"><span class=\"bumpedFont15\">\u00e9d\u00e9ralisme se pr\u00e9sente comme la cl\u00e9 d\u2019une v\u00e9ritable d\u00e9mocratisation de notre pays, favorisant une d\u00e9centralisation du pouvoir indispensable non seulement pour une d\u00e9mocratie participative renforc\u00e9e, mais aussi pour un d\u00e9veloppement harmonieux et endog\u00e8ne qui respecte nos structures traditionnelles et nos formes de soci\u00e9t\u00e9. Nos anc\u00eatres l\u2019ont envisag\u00e9<\/span><\/span><span class=\"s4\"><span class=\"bumpedFont15\">,<\/span><\/span> <span class=\"s4\"><span class=\"bumpedFont15\">notamment<\/span><\/span><span class=\"s4\"><span class=\"bumpedFont15\"> en <\/span><\/span><span class=\"s5\"><span class=\"bumpedFont15\">1236 avec la Charte du <\/span><\/span><span class=\"s5\"><span class=\"bumpedFont15\">Kouroukan<\/span><\/span> <span class=\"s5\"><span class=\"bumpedFont15\">Fouga<\/span><\/span><span class=\"s4\"><span class=\"bumpedFont15\">, \u00e9tablissant des principes de gouvernance f\u00e9d\u00e9rative qui pr\u00e9conisaient l\u2019harmonie et l\u2019\u00e9quilibre entre diverses communaut\u00e9s et tribus<\/span><\/span><span class=\"s4\"><span class=\"bumpedFont15\">,<\/span><\/span><span class=\"s4\"><span class=\"bumpedFont15\"> des<\/span><\/span><span class=\"s4\"><span class=\"bumpedFont15\"> mod\u00e8les<\/span><\/span><span class=\"s4\"><span class=\"bumpedFont15\"> tels que les <\/span><\/span><span class=\"s4\"><span class=\"bumpedFont15\">Diw\u00e9s<\/span><\/span><span class=\"s4\"><span class=\"bumpedFont15\"> du <\/span><\/span><span class=\"s4\"><span class=\"bumpedFont15\">Foutah<\/span><\/span> <span class=\"s4\"><span class=\"bumpedFont15\">et tant d\u2019autres. <\/span><\/span><\/p>\n<p class=\"s3\">\n<p class=\"s3\"><strong><span class=\"s5\"><span class=\"bumpedFont15\">Le Fardeau de l\u2019Histoire : Continuit\u00e9 des Formes de Gouvernance \u00e0 Travers les R\u00e9gimes en Guin\u00e9e<\/span><\/span><\/strong><\/p>\n<p class=\"s3\"><span class=\"s4\"><span class=\"bumpedFont15\">Au cours de son histoire post-coloniale, la Guin\u00e9e a exp\u00e9riment\u00e9 divers r\u00e9gimes politiques sous des \u00e9tiquettes vari\u00e9es \u2013 socialiste, parti-\u00c9tat, lib\u00e9ral, et social-d\u00e9mocrate. Cependant, malgr\u00e9 ces variations apparentes, la structure fondamentale de la gouvernance est rest\u00e9e remarquablement constante et fortement centralis\u00e9e, illustrant un mod\u00e8le pr\u00e9sidentialiste persistant. Cette continuit\u00e9 refl\u00e8te une forme de gouvernance o\u00f9, quels que soient les changements superficiels de politique ou de leadership, le pouvoir reste concentr\u00e9 dans les mains d\u2019un individu ou d\u2019un groupe restreint, souvent au d\u00e9triment de la diversification du pouvoir l\u00e9gislatif ou judiciaire.<\/span><\/span><\/p>\n<p class=\"s3\">\n<p class=\"s3\"><span class=\"s4\"><span class=\"bumpedFont15\">Cette constance trouve ses racines dans <\/span><\/span><span class=\"s4\"><span class=\"bumpedFont15\">la forme de l\u2019\u00c9tat commun\u00e9ment appel\u00e9 <\/span><\/span><span class=\"s5\"><span class=\"bumpedFont15\">\u2018\u2019\u00c9tat Jacobin\u2019\u2019<\/span><\/span><span class=\"s4\"><span class=\"bumpedFont15\">, qui a \u00e9tabli les fondements de l\u2019\u00c9tat-nation souverain, pr\u00f4nant une centralisation du pouvoir qui a \u00e9t\u00e9 adapt\u00e9e et adopt\u00e9e par de nombreux \u00c9tats<\/span><\/span><span class=\"s4\"><span class=\"bumpedFont15\">colonis<\/span><\/span><span class=\"s4\"><span class=\"bumpedFont15\">\u00e9<\/span><\/span><span class=\"s4\"><span class=\"bumpedFont15\">s par la France<\/span><\/span><span class=\"s4\"><span class=\"bumpedFont15\">, y compris la Guin\u00e9e. Comme l\u2019observait Alexis de Tocqueville, cette concentration de pouvoir peut mener \u00e0 un \u00ab despotisme d\u00e9mocratique \u00bb, o\u00f9 le contr\u00f4le absolu sous couvert de mandat <\/span><\/span><span class=\"s4\"><span class=\"bumpedFont15\">populaire efface les distinctions essentielles des pouvoirs et limite les libert\u00e9s civiles.<\/span><\/span><\/p>\n<p class=\"s3\"><span class=\"s4\"><span class=\"bumpedFont15\">Que ce soit sou<\/span><\/span><span class=\"s4\"><span class=\"bumpedFont15\">s <\/span><\/span><span class=\"s4\"><span class=\"bumpedFont15\">les dirigeants<\/span><\/span> <span class=\"s4\"><span class=\"bumpedFont15\">pass\u00e9s<\/span><\/span><span class=\"s4\"><span class=\"bumpedFont15\"> ou les futurs <\/span><\/span><span class=\"s4\"><span class=\"bumpedFont15\">leaders<\/span><\/span><span class=\"s4\"><span class=\"bumpedFont15\">, le mod\u00e8le pr\u00e9sidentialiste a non seulement surv\u00e9cu mais aussi prosp\u00e9r\u00e9, souvent sous des apparences de multipartisme ou de r\u00e9formes d\u00e9mocratiques. Ces configurations ont invariablement limit\u00e9 l\u2019efficacit\u00e9 des institutions parlementaires et judiciaires, les r\u00e9duisant \u00e0 des r\u00f4les largement symboliques, et ont inhib\u00e9 le d\u00e9veloppement d\u2019une gouvernance r\u00e9ellement repr\u00e9sentative et <\/span><\/span><span class=\"s4\"><span class=\"bumpedFont15\">accountable<\/span><\/span><span class=\"s4\"><span class=\"bumpedFont15\">.<\/span><\/span><\/p>\n<p class=\"s3\">\n<p class=\"s3\"><span class=\"s4\"><span class=\"bumpedFont15\">Il est imp\u00e9ratif de tirer des enseignements de ces exp\u00e9riences pour \u00e9viter de r\u00e9p\u00e9ter les m\u00eames erreurs. Il faut reconna\u00eetre que chaque r\u00e9gime, malgr\u00e9 ses failles, a contribu\u00e9 \u00e0 fa\u00e7onner le paysage politique et \u00e9conomique de la Guin\u00e9e. En reconnaissant leurs efforts et en identifiant clairement les obstacles rencontr\u00e9s, nous pouvons envisager un mod\u00e8le de gouvernance, qui capitalise sur ces apprentissages tout en rem\u00e9diant aux d\u00e9ficiences observ\u00e9es. <\/span><\/span><\/p>\n<p class=\"s3\">\n<p class=\"s3\"><span class=\"s4\"><span class=\"bumpedFont15\">C\u2019est dans ce contexte historique et politique que le <\/span><\/span><span class=\"s5\"><span class=\"bumpedFont15\">F\u00e9d\u00e9ralisme <\/span><\/span><span class=\"s4\"><span class=\"bumpedFont15\">se pr\u00e9sente non seulement comme une alternative, mais aussi comme une n\u00e9cessit\u00e9 imp\u00e9rieuse pour briser ce cycle de centralisation excessive et pour instaurer une forme de gouvernance qui refl\u00e8te v\u00e9ritablement la diversit\u00e9 et les besoins sp\u00e9cifiques de toutes les r\u00e9gions de la Guin\u00e9e. En d\u00e9centralisant le pouvoir, le F\u00e9d\u00e9ralisme offre une r\u00e9ponse concr\u00e8te tout en ouvrant la voie \u00e0 une d\u00e9mocratie plus mature et \u00e9quilibr\u00e9e. <\/span><\/span><\/p>\n<p class=\"s3\">\n<p class=\"s3\"><strong><span class=\"s5\"><span class=\"bumpedFont15\">Le F\u00e9d\u00e9ralisme comme R\u00e9forme de Gouvernance : Imp\u00e9ratifs et Perspectives<\/span><\/span><\/strong><\/p>\n<p class=\"s3\"><span class=\"s4\"><span class=\"bumpedFont15\">La n\u00e9cessit\u00e9 de r\u00e9former le syst\u00e8me de gouvernance en Guin\u00e9e s\u2019impose avec une urgence palpable, et le F\u00e9d\u00e9ralisme se pr\u00e9sente comme une solution non seulement logique mais comme une r\u00e9ponse pragmatique aux d\u00e9fis administratifs, \u00e9conomiques et sociaux, et <\/span><\/span><span class=\"s4\"><span class=\"bumpedFont15\">pour <\/span><\/span><span class=\"s4\"><span class=\"bumpedFont15\">att\u00e9nuer l\u2019ethnocentrisme, favorisant une gestion plus inclusive et repr\u00e9sentative des diversit\u00e9s. Loin d\u2019\u00eatre une nouveaut\u00e9 imprudente, il offre des structures ancr\u00e9es profond\u00e9ment dans notre h\u00e9ritage tout en se mirant dans le succ\u00e8s de nations contemporaines.<\/span><\/span><\/p>\n<p class=\"s3\">\n<p class=\"s3\"><span class=\"s4\"><span class=\"bumpedFont15\">Bien avant l\u2019adoption des mod\u00e8les occidentaux de gouvernance, nos anc\u00eatres g\u00e9raient leurs affaires publiques \u00e0 travers des syst\u00e8mes f\u00e9d\u00e9ratifs, comme le d\u00e9montre la <\/span><\/span><span class=\"s5\"><span class=\"bumpedFont15\">Charte de <\/span><\/span><span class=\"s5\"><span class=\"bumpedFont15\">Kouroukan<\/span><\/span><span class=\"s5\"><span class=\"bumpedFont15\">Fougan<\/span><\/span><span class=\"s4\"><span class=\"bumpedFont15\">. Ce document historique, pr\u00e9curseur des constitutions modernes, organisait les soci\u00e9t\u00e9s en f\u00e9d\u00e9rations de tribus o\u00f9 l\u2019autonomie locale et la coop\u00e9ration r\u00e9gionale \u00e9taient \u00e9quilibr\u00e9es avec habilet\u00e9. Ce mod\u00e8le ancestral illustre notre capacit\u00e9 intrins\u00e8que \u00e0 coexister <\/span><\/span><span class=\"s4\"><span class=\"bumpedFont15\">pacifiquement et \u00e0 prosp\u00e9rer au sein de structures d\u00e9centralis\u00e9es, mettant en lumi\u00e8re l\u2019alignement du f\u00e9d\u00e9ralisme avec nos traditions socioculturelles.<\/span><\/span><\/p>\n<p class=\"s3\"><span class=\"s4\"><span class=\"bumpedFont15\">Il faille \u00e9galement noter que d<\/span><\/span><span class=\"s4\"><span class=\"bumpedFont15\">e nombreuses grandes d\u00e9mocraties, d\u2019ailleurs les plus puissantes au monde, comm<\/span><\/span><span class=\"s4\"><span class=\"bumpedFont15\">e<\/span><\/span> <span class=\"s5\"><span class=\"bumpedFont15\">l\u2019Allemagne, l\u2019Inde, l\u2019Afrique du Sud, le Br\u00e9sil, les <\/span><\/span><span class=\"s5\"><span class=\"bumpedFont15\">\u00c9tats-Unis, l\u2019\u00c9thiopie,<\/span><\/span><span class=\"s5\"><span class=\"bumpedFont15\"> la Chine, la Russie, le Nigeria, les EAU<\/span><\/span><span class=\"s5\"><span class=\"bumpedFont15\"> et<\/span><\/span><span class=\"s5\"><span class=\"bumpedFont15\"> la Suisse<\/span><\/span><span class=\"s4\"><span class=\"bumpedFont15\">, ont adopt\u00e9 des syst\u00e8mes f\u00e9d\u00e9raux, permettant une gestion plus efficace de la diversit\u00e9 naturelle, ethnique, linguistique et culturelle. Ces pays d\u00e9montrent que le f\u00e9d\u00e9ralisme favorise la stabilit\u00e9 politique, stimule le d\u00e9veloppement \u00e9conomique r\u00e9gional et engendre une comp\u00e9titivit\u00e9 internationale accrue. Sa flexibilit\u00e9 permet non seulement d\u2019accommoder les sp\u00e9cificit\u00e9s r\u00e9gionales mais aussi de dynamiser l\u2019innovation et l\u2019efficience \u00e0 travers une concurrence saine entre les \u00e9tats ou les r\u00e9gions. D\u2019ailleurs la Guin\u00e9e du fait de sa g\u00e9ographie, est riche de ces quatre r\u00e9gions naturelles.<\/span><\/span><\/p>\n<p class=\"s3\">\n<p class=\"s3\"><strong><span class=\"s5\"><span class=\"bumpedFont15\">Les Avantages Imp\u00e9ratifs du F\u00e9d\u00e9ralisme<\/span><\/span><\/strong><\/p>\n<p class=\"s3\"><span class=\"s4\"><span class=\"bumpedFont15\">Le F\u00e9d\u00e9ralisme propose une autonomie r\u00e9gionale significative, o\u00f9 chaque r\u00e9gion se voit confier la gestion de ses ressources et l\u2019\u00e9laboration de ses politiques. Cette autonomie r\u00e9gionale est le fondement d\u2019une gouvernance r\u00e9ellement repr\u00e9sentative et responsive, minimisant les conflits internes et la sur-centralisation du pouvoir qui ont historiquement paralys\u00e9 notre d\u00e9veloppement.<\/span><\/span><\/p>\n<p class=\"s3\">\n<p class=\"s3\"><span class=\"s4\"><span class=\"bumpedFont15\">Un tel syst\u00e8me assure un d\u00e9veloppement plus \u00e9quilibr\u00e9 et juste, gr\u00e2ce \u00e0 une r\u00e9partition \u00e9quitable des ressources et des opportunit\u00e9s \u00e9conomiques. Cela peut transformer des zones auparavant n\u00e9glig\u00e9es en centres de croissance dynamiques, r\u00e9duisant ainsi les disparit\u00e9s \u00e9conomiques et favorisant une prosp\u00e9rit\u00e9 partag\u00e9e \u00e0 travers tout le pays, sans avoir besoin d\u2019avoir un parrain au niveau central. Nous savons tous que les conflits ethniques ont, \u00e0 leur base, la lutte de repr\u00e9sentativit\u00e9 au sommet de l\u2019\u00c9tat afin de b\u00e9n\u00e9ficier des largesses du pouvoir; \u2018\u2019il faut un parent au niveau de l\u2019administration centrale pour b\u00e9n\u00e9ficier de programmes et projets gouvernementaux dans ma r\u00e9gion, ou de maintenir mon poste dans une pr\u00e9fecture. Toutes les d\u00e9cisions importantes \u00e9tant prises \u00e0 Conakry, ainsi il faut un de nous dans les sph\u00e8res de d\u00e9cisions pour ne pas \u00eatre l\u00e9s\u00e9s\u2019\u2019. <\/span><\/span><\/p>\n<p class=\"s3\">\n<p class=\"s3\"><strong><span class=\"s6\"><span class=\"bumpedFont15\">Diminution de l\u2019Ethnocentrisme<\/span><\/span><\/strong><\/p>\n<p class=\"s3\"><span class=\"s4\"><span class=\"bumpedFont15\">Ce syst\u00e8me, par sa capacit\u00e9 \u00e0 offrir une autonomie significative aux r\u00e9gions, permet \u00e0 chaque r\u00e9gion de g\u00e9rer ses affaires locales et de promouvoir ses int\u00e9r\u00eats culturels et sociaux de mani\u00e8re constructive. Loin d\u2019exacerber les conflits, cette autonomie peut diminuer les rivalit\u00e9s en r\u00e9duisant la comp\u00e9tition pour le contr\u00f4le d\u2019un pouvoir central unique et souvent \u00e9loign\u00e9 des r\u00e9alit\u00e9s locales. En mettant en avant la coop\u00e9ration et la coexistence pacifique, comme <\/span><\/span><span class=\"s4\"><span class=\"bumpedFont15\">l\u2019ont pr\u00e9vu nos anc\u00eatres avec <\/span><\/span><span class=\"s5\"><span class=\"bumpedFont15\">la Charte du <\/span><\/span><span class=\"s5\"><span class=\"bumpedFont15\">Manden<\/span><\/span><span class=\"s4\"><span class=\"bumpedFont15\">, le f\u00e9d\u00e9ralisme pose les bases d\u2019une harmonie sociale renouvel\u00e9e, essentielle dans un pays marqu\u00e9 par une riche mosa\u00efque socio-culturelle.<\/span><\/span><\/p>\n<p class=\"s3\">\n<p class=\"s3\"><strong><span class=\"s6\"><span class=\"bumpedFont15\">Fondation de Toutes Id\u00e9ologies Politiques<\/span><\/span><\/strong><\/p>\n<p class=\"s3\"><span class=\"s4\"><span class=\"bumpedFont15\">Ce mode de gouvernance ne doit pas \u00eatre vu uniquement comme une structure administrative mais comme la fondation sur laquelle toutes les id\u00e9ologies politiques peuvent se reposer pour le d\u00e9veloppement r\u00e9gional et, par extension, national. Cette structure favorise l\u2019exp\u00e9rimentation de diverses politiques \u00e9conomiques et sociales adapt\u00e9es aux sp\u00e9cificit\u00e9s de chaque r\u00e9gion, ce qui contribue directement au dynamisme et \u00e0 la comp\u00e9titivit\u00e9 de la nation dans son ensemble. Les r\u00e9gions deviennent des laboratoires d\u2019innovation politique et \u00e9conomique, o\u00f9 les succ\u00e8s de l\u2019une peuvent inspirer les autres et vice versa.<\/span><\/span><\/p>\n<p class=\"s3\">\n<p class=\"s3\"><strong><span class=\"s6\"><span class=\"bumpedFont15\">R\u00e9duction des Tensions Politiques<\/span><\/span><\/strong><\/p>\n<p class=\"s3\"><span class=\"s4\"><span class=\"bumpedFont15\">Sur le plan politique, il contribuera \u00e0 la diminution<\/span><\/span><span class=\"s4\"><span class=\"bumpedFont15\">des tensions en diversifiant les centres de pouvoir. Au lieu de concentrer l\u2019ambition politique sur un seul fauteuil pr\u00e9sidentiel, il offre plusieurs postes de leadership \u00e0 diff\u00e9rents niveaux \u2013 f\u00e9d\u00e9ral, r\u00e9gional, et pr\u00e9fectoral. Cette pluralit\u00e9 de r\u00f4les permet \u00e0 un plus grand nombre de citoyens de s\u2019impliquer dans la gestion publique, r\u00e9duisant ainsi les frustrations et les sentiments d\u2019exclusion. Chaque leader r\u00e9gional ou local ayant son propre mandat, les citoyens peuvent influencer plus directement les d\u00e9cisions politiques qui affectent leur quotidien.<\/span><\/span><\/p>\n<p class=\"s3\">\n<p class=\"s3\"><strong><span class=\"s6\"><span class=\"bumpedFont15\">Vers <\/span><\/span><span class=\"s6\"><span class=\"bumpedFont15\">les \u00c9tats-Unis d\u2019Afrique<\/span><\/span><\/strong><\/p>\n<p class=\"s3\"><span class=\"s4\"><span class=\"bumpedFont15\">En adoptant le F\u00e9d\u00e9ralisme, la Guin\u00e9e ne se positionne pas seulement pour une transformation interne mais aussi comme pr\u00e9curseur d\u2019une vision plus large : celle des <\/span><\/span><span class=\"s5\"><span class=\"bumpedFont15\">Nations Unies d\u2019Afrique<\/span><\/span><span class=\"s4\"><span class=\"bumpedFont15\">, comme nos P\u00e8res Fondateurs lors de la cr\u00e9ation de l\u2019Organisation de l\u2019Union Africaine (OUA). Un tel mod\u00e8le pourrait \u00e9ventuellement inspirer d\u2019autres nations africaines, surtout francophones, \u00e0 envisager le f\u00e9d\u00e9ralisme comme un moyen de surmonter les divisions diverses et de promouvoir un d\u00e9veloppement \u00e9conomique et social \u00e9quilibr\u00e9 \u00e0 l\u2019\u00e9chelle continentale.<\/span><\/span><\/p>\n<p class=\"s3\">\n<p class=\"s3\"><strong><span class=\"s5\"><span class=\"bumpedFont15\">Adresser les D\u00e9fis Inh\u00e9rents au F\u00e9d\u00e9ralisme : Une Voie Vers l\u2019\u00c9quit\u00e9 R\u00e9gionale et le D\u00e9veloppement Durable<\/span><\/span><\/strong><\/p>\n<p class=\"s3\"><span class=\"s4\"><span class=\"bumpedFont15\">Le passage au syst\u00e8me f\u00e9d\u00e9ral, bien qu\u2019offrant de multiples avantages, n\u2019est pas sans d\u00e9fis. Toutefois, il est crucial de reconna\u00eetre que aucun syst\u00e8me de gouvernance n\u2019est parfait; l\u2019essentiel est de trouver un cadre flexible et robuste qui permette d\u2019adapter les solutions aux r\u00e9alit\u00e9s locales. Les d\u00e9fis tels que les <\/span><\/span><span class=\"s4\"><span class=\"bumpedFont15\">disparit\u00e9s r\u00e9gionales et les risques de fragmentation peuvent non seulement \u00eatre att\u00e9nu\u00e9s mais aussi transform\u00e9s en opportunit\u00e9s de d\u00e9veloppement \u00e9quitable \u00e0 travers une approche strat\u00e9gique centr\u00e9e sur l\u2019\u00e9ducation, la p\u00e9r\u00e9quation financi\u00e8re, et la valorisation des ressources locales.<\/span><\/span><\/p>\n<p class=\"s3\">\n<p class=\"s3\"><strong><span class=\"s6\"><span class=\"bumpedFont15\">La N\u00e9cessit\u00e9 d\u2019Autonomisation au-del\u00e0 de la Simple D\u00e9centralisation<\/span><\/span><\/strong><\/p>\n<p class=\"s3\"><span class=\"s4\"><span class=\"bumpedFont15\">Certains pourraient arguer que la Guin\u00e9e a d\u00e9j\u00e0 entam\u00e9 un processus de d\u00e9centralisation et que cela devrait suffire \u00e0 r\u00e9pondre aux besoins de gouvernance locale. Il est vrai que ce processus entam\u00e9 depuis <\/span><\/span><span class=\"s4\"><span class=\"bumpedFont15\">la p\u00e9riode post-colo<\/span><\/span><span class=\"s4\"><span class=\"bumpedFont15\">niale jusqu\u2019\u00e0<\/span><\/span><span class=\"s4\"><span class=\"bumpedFont15\"> la derni\u00e8re loi <\/span><\/span><span class=\"s5\"><span class=\"bumpedFont15\">L\/2017\/N\u00b00040\/AN du 26\/05\/2017, Portant code r\u00e9vis\u00e9 des Collectivit\u00e9s Locales de la R\u00e9publique de Guin\u00e9e<\/span><\/span><span class=\"s4\"><span class=\"bumpedFont15\"> est \u00e0 saluer. Cependant, il est crucial de comprendre que la d\u00e9centralisation sans une v\u00e9ritable autonomisation financi\u00e8re et administrative reste superficielle et potentiellement contre-productive. En effet, sans ces \u00e9l\u00e9ments cl\u00e9s, la d\u00e9centralisation peut \u00eatre d\u00e9tourn\u00e9e en un instrument politique pour le gouvernement central, visant \u00e0 maintenir le contr\u00f4le sur les municipalit\u00e9s plut\u00f4t qu\u2019\u00e0 promouvoir une v\u00e9ritable gestion autonome.<\/span><\/span><\/p>\n<p class=\"s3\">\n<p class=\"s3\"><span class=\"s4\"><span class=\"bumpedFont15\">La d\u00e9centralisation, telle qu\u2019elle est actuellement mise en \u0153uvre, transf\u00e8re certaines responsabilit\u00e9s administratives aux gouvernements locaux mais ne leur conf\u00e8re pas n\u00e9cessairement les ressources financi\u00e8res ou les pouvoirs l\u00e9gaux n\u00e9cessaires pour les exercer efficacement. Cette demi-mesure peut aboutir \u00e0 une d\u00e9centralisation de fa\u00e7ade o\u00f9 les r\u00e9gions semblent avoir plus de pouvoir, alors qu\u2019en r\u00e9alit\u00e9, elles restent \u00e9troitement d\u00e9pendantes du <\/span><\/span><span class=\"s4\"><span class=\"bumpedFont15\">gouvernement central<\/span><\/span><span class=\"s4\"><span class=\"bumpedFont15\"> pour les budgets, les <\/span><\/span><span class=\"s4\"><span class=\"bumpedFont15\">approbations<\/span><\/span><span class=\"s4\"><span class=\"bumpedFont15\"> de projets, et d\u2019autres aspects critiques de la gouvernance; nous pouvons<\/span><\/span><span class=\"s4\"><span class=\"bumpedFont15\">observer<\/span><\/span><span class=\"s4\"><span class=\"bumpedFont15\"> ces faits avec plusieurs programmes d\u00e9funts tels que les diff\u00e9rents <\/span><\/span><span class=\"s5\"><span class=\"bumpedFont15\">PACVs<\/span><\/span><span class=\"s5\"><span class=\"bumpedFont15\">, et <\/span><\/span><span class=\"s5\"><span class=\"bumpedFont15\">l\u2019actuel <\/span><\/span><span class=\"s5\"><span class=\"bumpedFont15\">l\u2019ANAFIC.<\/span><\/span><\/p>\n<p class=\"s3\">\n<p class=\"s3\"><span class=\"s4\"><span class=\"bumpedFont15\">L\u2019autonomisation, en revanche, implique un transfert substantiel de pouvoirs et de ressources du gouvernement central vers les gouvernements locaux. Cela inclut la capacit\u00e9 de lever de r\u00e9els imp\u00f4ts (oui de r\u00e9els car les imp\u00f4ts les plus importants sont lev\u00e9s par Conakry), de g\u00e9rer les budgets locaux, de cr\u00e9er des r\u00e8glementations adapt\u00e9es aux r\u00e9alit\u00e9s locales, et de mettre en \u0153uvre des politiques de d\u00e9veloppement \u00e9conomique et social sans ing\u00e9rence excessive de Conakry. L\u2019autonomisation permet ainsi aux r\u00e9gions de devenir des acteurs de d\u00e9veloppement \u00e0 part enti\u00e8re, capables<\/span><\/span> <span class=\"s4\"><span class=\"bumpedFont15\">de prendre des initiatives innovantes qui refl\u00e8tent les besoins et les aspirations de leurs populations. Les municipalit\u00e9s peuvent \u00eatre emmen\u00e9s \u00e0 lever des Fonds avec des institutions financi\u00e8res, sans l\u2019accord pr\u00e9alable du d\u00e9partement de tutelle, et mettre en place des Fonds de d\u00e9veloppement, tels que les <\/span><\/span><span class=\"s5\"><span class=\"bumpedFont15\">Diaspora Funds<\/span><\/span><span class=\"s4\"><span class=\"bumpedFont15\"> pour une meilleure coordination et impact des fonds des diff\u00e9rents ressortissants vivants <\/span><\/span><span class=\"s4\"><span class=\"bumpedFont15\">\u00e0 l\u2019\u00e9tranger mais qui contribuent de fa\u00e7on tr\u00e8s importante au d\u00e9veloppement de leurs localit\u00e9s.<\/span><\/span><\/p>\n<p class=\"s3\">\n<p class=\"s3\"><span class=\"s4\"><span class=\"bumpedFont15\">Sans une autonomisation r\u00e9elle, la d\u00e9centralisation peut<\/span><\/span><span class=\"s4\"><span class=\"bumpedFont15\"> aussi,<\/span><\/span><span class=\"s4\"><span class=\"bumpedFont15\"> malheureusement se transformer en un outil de manipulation politique. Le gouvernement central peut choisir de distribuer des fonds de mani\u00e8re s\u00e9lective, de sanctionner les r\u00e9gions qui ne sont pas politiquement align\u00e9es, et de limiter les capacit\u00e9s des administrations locales \u00e0 prendre des d\u00e9cisions ind\u00e9pendantes. Ce genre de pratique ne fait qu\u2019exacerber les frustrations r\u00e9gionales et peut mener \u00e0 des tensions et des conflits accrus au lieu de promouvoir l\u2019unit\u00e9 et le d\u00e9veloppement harmonieux.<\/span><\/span><\/p>\n<p class=\"s3\">\n<p class=\"s3\"><span class=\"s4\"><span class=\"bumpedFont15\">Ainsi p<\/span><\/span><span class=\"s4\"><span class=\"bumpedFont15\">our que la d\u00e9centralisation soit v\u00e9ritablement efficace et pour \u00e9viter qu\u2019elle ne devienne un outil de contr\u00f4le centralis\u00e9, il est imp\u00e9ratif que notre pays adopte un mod\u00e8le de gouvernance qui garantit une autonomisation compl\u00e8te des r\u00e9gions. Cela signifierait non seulement transf\u00e9rer des responsabilit\u00e9s, mais aussi \u00e9quiper les r\u00e9gions des outils financiers et l\u00e9gaux n\u00e9cessaires pour g\u00e9rer ces responsabilit\u00e9s de mani\u00e8re autonome. En proc\u00e9dant ainsi, nous pourrons nous assurer que notre structure de gouvernance est non seulement d\u00e9centralis\u00e9e en apparence mais aussi profond\u00e9ment d\u00e9mocratique et efficace en pratique, ouvrant la voie \u00e0 une \u00e8re de prosp\u00e9rit\u00e9 partag\u00e9e et durable pour toutes ses r\u00e9gions.<\/span><\/span><\/p>\n<p class=\"s3\">\n<p class=\"s3\"><strong><span class=\"s6\"><span class=\"bumpedFont15\">La P\u00e9r\u00e9quation Financi\u00e8re : Un Outil de Justice Sociale<\/span><\/span><\/strong><\/p>\n<p class=\"s3\"><span class=\"s4\"><span class=\"bumpedFont15\">L\u2019une des principales pr\u00e9occupations \u00e9galement li\u00e9es au f\u00e9d\u00e9ralisme est la disparit\u00e9 \u00e9conomique entre les r\u00e9gions. Pour y rem\u00e9dier, des politiques de p\u00e9r\u00e9quation financi\u00e8re rigoureuses sont indispensables. Ces politiques garantiraient que toutes les r\u00e9gions, quelle que soit leur richesse \u00e9conomique initiale, disposent des ressources n\u00e9cessaires pour offrir des services de base, tels que l\u2019\u00e9ducation, la sant\u00e9, et les infrastructures. Cette redistribution des ressources aidera \u00e0 \u00e9quilibrer le terrain de jeu \u00e9conomique et \u00e0 promouvoir un d\u00e9veloppement local adapt\u00e9 aux besoins sp\u00e9cifiques de chaque r\u00e9gion.<\/span><\/span><\/p>\n<p class=\"s3\">\n<p class=\"s3\"><strong><span class=\"s6\"><span class=\"bumpedFont15\">Emploi : Dynamiser les R\u00e9gions par l\u2019Expertise Locale<\/span><\/span><\/strong><\/p>\n<p class=\"s3\"><span class=\"s4\"><span class=\"bumpedFont15\">Actuellement, un des probl\u00e8mes majeurs est la concentration des ressources humaines qualifi\u00e9es \u00e0 Conakry, laissant les autres r\u00e9gions en manque criant de comp\u00e9tences. Le f\u00e9d\u00e9ralisme encouragerait une r\u00e9partition plus \u00e9quilibr\u00e9e des talents \u00e0 travers le pays. Si les professionnels qualifi\u00e9s choisissent de travailler dans leur r\u00e9gion d\u2019origine ou de c\u0153ur, cela pourrait non seulement r\u00e9duire le taux de ch\u00f4mage mais aussi stimuler les \u00e9conomies locales gr\u00e2ce \u00e0 la cr\u00e9ation de nouvelles opportunit\u00e9s d\u2019emploi. Ce mouvement favoriserait <\/span><\/span><span class=\"s4\"><span class=\"bumpedFont15\">\u00e9galement les \u00e9changes inter-r\u00e9gionaux et valoriserait les richesses sp\u00e9cifiques de chaque r\u00e9gion, transformant les ressources locales en moteurs de prosp\u00e9rit\u00e9 r\u00e9gionale et nationale.<\/span><\/span><\/p>\n<p class=\"s3\">\n<p class=\"s3\"><strong><span class=\"s6\"><span class=\"bumpedFont15\">Renforcement des Institutions et Valorisation de la Diversit\u00e9<\/span><\/span><\/strong><\/p>\n<p class=\"s3\"><span class=\"s4\"><span class=\"bumpedFont15\">Le maintien de l\u2019unit\u00e9 nationale, tout en exploitant les avantages de la d\u00e9centralisation, n\u00e9cessite des institutions fortes. Renforcer les institutions nationales et r\u00e9gionales garantira que les politiques de d\u00e9centralisation ne m\u00e8nent pas \u00e0 une fragmentation politique ou sociale, mais plut\u00f4t \u00e0 une diversit\u00e9 valoris\u00e9e comme une force. Cela implique \u00e9galement de mettre en place des cadres l\u00e9gislatifs et administratifs qui facilitent la coop\u00e9ration entre les r\u00e9gions et le gouvernement central, assurant ainsi que les grands projets de d\u00e9veloppement b\u00e9n\u00e9ficient \u00e0 l\u2019ensemble du pays. <\/span><\/span><span class=\"s5\"><span class=\"bumpedFont15\">L\u2019\u00c9ducation jouera un r\u00f4le central dans cette approche avec des \u00e9changes inter-r\u00e9gionaux et la mise en place d\u2019un Service <\/span><\/span><span class=\"s5\"><span class=\"bumpedFont15\">Civilo<\/span><\/span><span class=\"s5\"><span class=\"bumpedFont15\">-Militaire National.<\/span><\/span><\/p>\n<p class=\"s3\">\n<p class=\"s3\"><strong><span class=\"s5\"><span class=\"bumpedFont15\">Un Engagement Commun pour le F\u00e9d\u00e9ralisme<\/span><\/span><\/strong><\/p>\n<p class=\"s3\"><span class=\"s4\"><span class=\"bumpedFont15\">L\u2019<\/span><\/span><span class=\"s4\"><span class=\"bumpedFont15\">histoire nous regarde et nous appelle \u00e0 un courage r\u00e9formateur. Nous ne devons pas seulement r\u00e9parer ce qui a \u00e9t\u00e9 endommag\u00e9, mais r\u00e9imaginer ce que nous pouvons devenir. Le F\u00e9d\u00e9ralisme est plus qu\u2019une proposition politique; il est le reflet d\u2019une conviction profonde que la diversit\u00e9 de la Guin\u00e9e, correctement structur\u00e9e, est sa plus grande force. <\/span><\/span><\/p>\n<p class=\"s3\">\n<p class=\"s3\"><span class=\"s4\"><span class=\"bumpedFont15\">Adopter le <\/span><\/span><span class=\"s4\"><span class=\"bumpedFont15\">F<\/span><\/span><span class=\"s4\"><span class=\"bumpedFont15\">\u00e9d\u00e9ralisme repr\u00e9sente donc bien plus qu\u2019une modification structurelle; c\u2019est un engagement vers un mod\u00e8le de d\u00e9veloppement plus juste et plus inclusif. Par l\u2019\u00e9ducation, nous pouvons \u00e9quiper nos citoyens pour qu\u2019ils contribuent efficacement au d\u00e9veloppement de leurs r\u00e9gions. Par la p\u00e9r\u00e9quation financi\u00e8re, nous pouvons assurer que chaque r\u00e9gion est capable de r\u00e9pondre aux besoins de ses habitants. Et par le renforcement des institutions, nous pouvons pr\u00e9server notre unit\u00e9 nationale tout en c\u00e9l\u00e9brant et en valorisant notre diversit\u00e9. Ensemble, nous pouvons surmonter les d\u00e9fis associ\u00e9s au F\u00e9d\u00e9ralisme et ouvrir la voie \u00e0 une \u00e8re de prosp\u00e9rit\u00e9 partag\u00e9e et de v\u00e9ritable autonomie r\u00e9gionale.<\/span><\/span><\/p>\n<p class=\"s3\"><span class=\"s4\"><span class=\"bumpedFont15\">Il offre un cadre robuste pour une Guin\u00e9e r\u00e9nov\u00e9e o\u00f9 la gouvernance locale enrichit la nation tout enti\u00e8re. Il est temps de d\u00e9passer les peurs infond\u00e9es et d\u2019embrasser une structure de gouvernance qui respecte notre diversit\u00e9 tout en construisant des ponts solides entre les diff\u00e9rentes composantes de notre soci\u00e9t\u00e9. En forgeant la <\/span><\/span><span class=\"s5\"><span class=\"bumpedFont15\">R\u00e9publique F\u00e9d\u00e9rale de Guin\u00e9e<\/span><\/span><span class=\"s4\"><span class=\"bumpedFont15\">, nous posons les jalons d\u2019un avenir o\u00f9 la prosp\u00e9rit\u00e9 est partag\u00e9e et o\u00f9 chaque citoyen peut se sentir v\u00e9ritablement repr\u00e9sent\u00e9 et impliqu\u00e9 dans le destin national. C\u2019est une marche vers un avenir o\u00f9 nous, en tant que nation, serons un mod\u00e8le de coexistence et de r\u00e9ussite en Afrique. <\/span><\/span><\/p>\n<p class=\"s3\"><span class=\"s4\"><span class=\"bumpedFont15\">Je vous prie de consid\u00e9rer cette proposition non comme un retour aux sources, mais comme<\/span><\/span><span class=\"s4\"><span class=\"bumpedFont15\">l\u2019ouverture<\/span><\/span> <span class=\"s4\"><span class=\"bumpedFont15\">d\u2019une r\u00e9flexion approfondie <\/span><\/span><span class=\"s4\"><span class=\"bumpedFont15\">afin d\u2019emboiter<\/span><\/span><span class=\"s4\"><span class=\"bumpedFont15\"> le<\/span><\/span><span class=\"s4\"><span class=\"bumpedFont15\"> pas vers un avenir o\u00f9 chaque Guin\u00e9en<\/span><\/span><span class=\"s4\"><span class=\"bumpedFont15\"> et Guin\u00e9enne<\/span><\/span><span class=\"s4\"><span class=\"bumpedFont15\">, de Kankan \u00e0 <\/span><\/span><span class=\"s4\"><span class=\"bumpedFont15\">Lab\u00e9<\/span><\/span><span class=\"s4\"><span class=\"bumpedFont15\">, <\/span><\/span><span class=\"s4\"><span class=\"bumpedFont15\">de Kindia \u00e0 <\/span><\/span><span class=\"s4\"><span class=\"bumpedFont15\">Bok\u00e9, de Conakry \u00e0 Nz\u00e9r\u00e9kor\u00e9, se sentira pleinement repr\u00e9sent\u00e9. C\u2019est avec un esprit <\/span><\/span><span class=\"s4\"><span class=\"bumpedFont15\">citoyen <\/span><\/span><span class=\"s4\"><span class=\"bumpedFont15\">que je soumets cette contribution, esp\u00e9rant qu\u2019ensemble,<\/span><\/span><span class=\"s4\"><span class=\"bumpedFont15\"> les filles et fils<\/span><\/span><span class=\"s4\"><span class=\"bumpedFont15\"> de Guin\u00e9e<\/span><\/span><span class=\"s4\"><span class=\"bumpedFont15\"> b\u00e2tirons une <\/span><\/span><span class=\"s4\"><span class=\"bumpedFont15\">Nation <\/span><\/span><span class=\"s4\"><span class=\"bumpedFont15\">\u00e9quitable, stable et prosp\u00e8re.<\/span><\/span><\/p>\n<p class=\"s3\"><strong>Zeinab Camara<\/strong><\/p>\n<p class=\"s8\"><span class=\"s7\"><span class=\"bumpedFont15\">Ancienne D\u00e9put\u00e9e <\/span><\/span><\/p>\n<p class=\"s8\"><span class=\"s7\"><span class=\"bumpedFont15\">Institut <\/span><\/span><span class=\"s7\"><span class=\"bumpedFont15\">Poliethic<\/span><\/span><span class=\"s7\"><span class=\"bumpedFont15\"> pour le Leadership et la Gouvernance <\/span><\/span><\/p>\n<p class=\"s8\">\n<p>L\u2019article <a href=\"https:\/\/mediaguinee.com\/2024\/04\/reforme-constitutionnelle-en-guinee-et-si-la-solution-se-trouvait-dans-le-federalisme-zeinab-camara\/\">R\u00e9forme constitutionnelle en Guin\u00e9e : Et si la Solution se trouvait dans le F\u00e9d\u00e9ralisme? [Zeinab Camara]<\/a> est apparu en premier sur <a href=\"https:\/\/mediaguinee.com\/\">Mediaguinee.com<\/a>.<\/p>\n<\/div>\n","protected":false},"excerpt":{"rendered":"<p>En ces moments cruciaux o\u00f9 la Guin\u00e9e envisage une profonde refonte de sa Constitution, nous nous trouvons \u00e0 un carrefour historique qui interpelle chacun d\u2019entre nous : citoyens d\u00e9vou\u00e9s, dirigeants politiques, acteurs socio-\u00e9conomiques. En ma qualit\u00e9 d\u2018ancienne l\u00e9gislatrice, je ressens avec acuit\u00e9 le devoir de contribuer activement \u00e0 l\u2019\u00e9dification d\u2019une solution durable pour notre patrie. &hellip;<\/p>\n","protected":false},"author":1,"featured_media":0,"comment_status":"closed","ping_status":"closed","sticky":false,"template":"","format":"standard","meta":{"footnotes":""},"categories":[2],"tags":[23],"_links":{"self":[{"href":"https:\/\/sn.ambaguinee.org\/index.php?rest_route=\/wp\/v2\/posts\/65260"}],"collection":[{"href":"https:\/\/sn.ambaguinee.org\/index.php?rest_route=\/wp\/v2\/posts"}],"about":[{"href":"https:\/\/sn.ambaguinee.org\/index.php?rest_route=\/wp\/v2\/types\/post"}],"author":[{"embeddable":true,"href":"https:\/\/sn.ambaguinee.org\/index.php?rest_route=\/wp\/v2\/users\/1"}],"replies":[{"embeddable":true,"href":"https:\/\/sn.ambaguinee.org\/index.php?rest_route=%2Fwp%2Fv2%2Fcomments&post=65260"}],"version-history":[{"count":0,"href":"https:\/\/sn.ambaguinee.org\/index.php?rest_route=\/wp\/v2\/posts\/65260\/revisions"}],"wp:attachment":[{"href":"https:\/\/sn.ambaguinee.org\/index.php?rest_route=%2Fwp%2Fv2%2Fmedia&parent=65260"}],"wp:term":[{"taxonomy":"category","embeddable":true,"href":"https:\/\/sn.ambaguinee.org\/index.php?rest_route=%2Fwp%2Fv2%2Fcategories&post=65260"},{"taxonomy":"post_tag","embeddable":true,"href":"https:\/\/sn.ambaguinee.org\/index.php?rest_route=%2Fwp%2Fv2%2Ftags&post=65260"}],"curies":[{"name":"wp","href":"https:\/\/api.w.org\/{rel}","templated":true}]}}