{"id":65262,"date":"2024-04-26T13:28:01","date_gmt":"2024-04-26T11:28:01","guid":{"rendered":"https:\/\/sn.ambaguinee.org\/?p=65262"},"modified":"2024-04-26T13:28:01","modified_gmt":"2024-04-26T11:28:01","slug":"guinee-et-senegal-deux-pays-lies-par-lhistoire-et-la-geographie-dont-les-relations-meritent-attention-mohamed-sylla","status":"publish","type":"post","link":"https:\/\/sn.ambaguinee.org\/?p=65262","title":{"rendered":"Guin\u00e9e et S\u00e9n\u00e9gal: deux pays li\u00e9s par l\u2019histoire et la g\u00e9ographie dont les relations m\u00e9ritent attention [Mohamed Sylla]"},"content":{"rendered":"<div>\n<div style=\"margin-bottom:20px;\"><img width=\"1022\" height=\"766\"src=\"https:\/\/i0.wp.com\/mediaguinee.com\/wp-content\/uploads\/2024\/04\/IMG_7785.jpeg?w=1022&amp;ssl=1\" class=\"attachment-post-thumbnail size-post-thumbnail wp-post-image\" alt=\"\" decoding=\"async\" srcset=\"https:\/\/i0.wp.com\/mediaguinee.com\/wp-content\/uploads\/2024\/04\/IMG_7785.jpeg?w=1022&amp;ssl=1 1022w, https:\/\/i0.wp.com\/mediaguinee.com\/wp-content\/uploads\/2024\/04\/IMG_7785.jpeg?resize=300%2C225&amp;ssl=1 300w, https:\/\/i0.wp.com\/mediaguinee.com\/wp-content\/uploads\/2024\/04\/IMG_7785.jpeg?resize=768%2C576&amp;ssl=1 768w, https:\/\/i0.wp.com\/mediaguinee.com\/wp-content\/uploads\/2024\/04\/IMG_7785.jpeg?resize=86%2C64&amp;ssl=1 86w\" sizes=\"(max-width: 1022px) 100vw, 1022px\" data-attachment-id=\"256704\" data-permalink=\"https:\/\/mediaguinee.com\/2024\/04\/guinee-et-senegal-deux-pays-lies-par-lhistoire-et-la-geographie-dont-les-relations-meritent-attention-mohamed-sylla\/img_7785\/\" data-orig-file=\"https:\/\/i0.wp.com\/mediaguinee.com\/wp-content\/uploads\/2024\/04\/IMG_7785.jpeg?fit=1022%2C766&amp;ssl=1\" data-orig-size=\"1022,766\" data-comments-opened=\"1\" data-image-meta='{\"aperture\":\"0\",\"credit\":\"\",\"camera\":\"\",\"caption\":\"\",\"created_timestamp\":\"0\",\"copyright\":\"\",\"focal_length\":\"0\",\"iso\":\"0\",\"shutter_speed\":\"0\",\"title\":\"\",\"orientation\":\"1\"}' data-image-title=\"IMG_7785\" data-image-description=\"\" data-image-caption=\"\" data-medium-file=\"https:\/\/i0.wp.com\/mediaguinee.com\/wp-content\/uploads\/2024\/04\/IMG_7785.jpeg?fit=300%2C225&amp;ssl=1\" data-large-file=\"https:\/\/i0.wp.com\/mediaguinee.com\/wp-content\/uploads\/2024\/04\/IMG_7785.jpeg?fit=1022%2C766&amp;ssl=1\"><\/div>\n<p>Les pays africains aspirent , en cette p\u00e9riode cruciale, \u00e0 une nouvelle orientation sociale, \u00e9conomique et environnementale . Ce qui ne pourra se r\u00e9aliser que dans l\u2019\u00e9mancipation des peuples en g\u00e9n\u00e9ral et des \u00e9lites en particulier.<\/p>\n<p>Souvent confondue avec le rejet syst\u00e9matique du pass\u00e9, de son histoire et de ses alli\u00e9s, la volont\u00e9 souverainiste des peuples africains d\u00e9passe largement cette vision. C\u2019est une autre forme de r\u00e9volution, une autre dimension du r\u00e9veil des consciences, encore plus pouss\u00e9e que pendant la p\u00e9riode des ind\u00e9pendances qui est port\u00e9e par les g\u00e9n\u00e9rations actuelles.<\/p>\n<p>Dans cette perspective, les pays africains sont \u00e0 la\u00a0 recherche d\u2019une sortie de l\u2019impasse emprunt\u00e9e depuis les ind\u00e9pendances. Ils sont, la plupart du temps, accabl\u00e9s par la mis\u00e8re, la corruption ou les conflits de g\u00e9n\u00e9rations. Sans oublier les probl\u00e8mes ethniques et r\u00e9gionalistes.<br \/>\nBref, apr\u00e8s plus de 60 ans d\u2019ind\u00e9pendance ils restent encore profond\u00e9ment divis\u00e9s . Que ce soit \u00e0 l\u2019int\u00e9rieur ou l\u2019ext\u00e9rieur de leurs fronti\u00e8res. Les institutions r\u00e9gionales et panafricaines peinent \u00e0 contribuer au d\u00e9veloppement des Etats.<br \/>\nDans cette recherche de solutions, les gouvernements des pays africains op\u00e8rent-ils les bons choix, prennent-ils des d\u00e9cisions opportunes et r\u00e9alistes ?<\/p>\n<p>Aujourd\u2019hui, deux pays li\u00e9s par l\u2019histoire et la g\u00e9ographie nous interpellent : la Guin\u00e9e et le S\u00e9n\u00e9gal.<\/p>\n<p>La Guin\u00e9e Conakry et le S\u00e9n\u00e9gal sont deux pays distincts et souverains.\u00a0 Chacun poss\u00e9dant des atouts \u00e9conomiques, sociaux et environnementaux certains. Une combinaison de ces atouts pourrait \u00eatre un mod\u00e8le de r\u00eave.<br \/>\nIls ont en commun un solide et naturel bloc \u00ab \u00e9conomie et richesse \u00bb qui se d\u00e9sagr\u00e8ge depuis des ann\u00e9es par manque d\u2019attention ou\u00a0 absence de prise de conscience des \u00c9tats. Ces deux pays distincts et souverains pourraient, gr\u00e2ce \u00e0 des actions harmonis\u00e9es, devenir un mod\u00e8le \u00e9conomique prosp\u00e8re et efficace dans la sous-r\u00e9gion.<\/p>\n<p>Que nous soyons Guin\u00e9en ou S\u00e9n\u00e9galais nous aimons tous quelque chose dans l\u2019autre pays. Cela ne devrait-il pas inspirer les autorit\u00e9s de ces \u00c9tats ?<\/p>\n<p>Pourtant c\u00f4t\u00e9 S\u00e9n\u00e9galais le regard est plus t\u00f4t ailleurs: en Mauritanie ou en Gambie. Premiers pays visit\u00e9s par le pr\u00e9sident Bassirou Diomaye Faye nouvellement \u00e9lu. Et la visite en Guin\u00e9e ? Peut-\u00eatre un jour !<\/p>\n<p>A ce stade, l\u2019absence de la Guin\u00e9e Conakry dans l\u2019agenda du pr\u00e9sident Bassirou Diomaye Faye peut-elle \u00eatre analys\u00e9e comme une erreur strat\u00e9gique au regard de ce qui est \u00e9voqu\u00e9 plus haut ?<\/p>\n<p>Sans mettre en exergue les initiatives existantes il serait, \u00e0 notre sens, opportun que le S\u00e9n\u00e9gal et la Guin\u00e9e d\u00e9finissent assez rapidement les secteurs de d\u00e9veloppement strat\u00e9giques qu\u2019ils pourraient cibler et mutualiser dans le cadre d\u2019un d\u00e9veloppement b\u00e9n\u00e9fique aux deux pays.<\/p>\n<p>Nous pourrions, entre autres, citer le secteur de l\u2019artisanat, de l\u2019agriculture, de l\u2019industrie et de la culture. Les partenariats sud-sud sont de nos jours les plus r\u00e9alistes comme le d\u00e9montrent les investissements du royaume du Maroc.<\/p>\n<p>La Guin\u00e9e Conakry avec sa monnaie nationale (hors zone franc CFA) a affich\u00e9 d\u2019excellents ratios en 2023, confirm\u00e9s par la Banque Mondiale. La croissance du pays a acc\u00e9l\u00e9r\u00e9 en 2023 pour atteindre 7,1 %. Elle r\u00e9sulterait des bonnes performances du secteur minier. L\u2019inflation sur la m\u00eame p\u00e9riode est \u00e9galement estim\u00e9e \u00e0 9,3% en baisse de 2,3% par rapport \u00e0 l\u2019ann\u00e9e 2022 (Cf les chiffres de la Banque Mondiale).<\/p>\n<p>Si le S\u00e9n\u00e9gal souhaite sortir \u00e9galement de la zone Franc CFA, un regard sur le mod\u00e8le guin\u00e9en n\u2019est pas \u00e0 \u00e9carter. La Guin\u00e9e tient depuis 1960 avec sa monnaie,<br \/>\nPar ailleurs, le retour de la Guin\u00e9e au sein de l\u2019OMVS, l\u2019Organisation pour la Mise en Valeur du fleuve S\u00e9n\u00e9gal doit \u00eatre une priorit\u00e9,\u00a0 notamment dans le cadre de la r\u00e9alisation imminente des projets hydro-agricoles et \u00e9lectriques. A titre d\u2019exemple, le barrage hydro\u00e9lectrique de Koukoutamba, situ\u00e9 dans la r\u00e9gion de Lab\u00e9 dans le nord de la Guin\u00e9e, (non loin du S\u00e9n\u00e9gal) d\u2019une puissance \u00e9valu\u00e9e \u00e0 294 m\u00e9gawatts, pourra susciter un int\u00e9r\u00eat commun.<\/p>\n<p>Le r\u00e9gime militaire actuellement en place en Guin\u00e9e repr\u00e9sente- t-il un obstacle \u00e0 ce projet commun ?<br \/>\nLa r\u00e9ponse est Non.<\/p>\n<p>Le socle du d\u00e9veloppement \u00e9conomique, social et environnemental repose,\u00a0 avant tout, sur la volont\u00e9 sinc\u00e8re du peuple et non sur son mod\u00e8le politique. Plusieurs exemples puis\u00e9s un peu partout dans le monde viennent appuyer cette th\u00e8se.<\/p>\n<p>Le Conseil de l\u2019Europe s\u2019inscrit actuellement dans ce cadre avec la pr\u00e9sence des pays non Europ\u00e9ens qui y si\u00e8gent en qualit\u00e9 d\u2019observateurs. C\u2019est actuellement le cas du Mexique avec un mod\u00e8le \u00e9conomique et social tr\u00e8s \u00e9loign\u00e9 de la r\u00e9alit\u00e9 Europ\u00e9enne. Par contre, l\u2019int\u00e9r\u00eat r\u00e9side dans les \u00e9changes et les partages d\u2019exp\u00e9riences.<\/p>\n<p>L\u2019 Alternance s\u00e9n\u00e9galaise qui a amen\u00e9 r\u00e9cemment le pr\u00e9sident Bassirou Diomaye Faye au pouvoir est un espoir pour le peuple africain. Le peuple S\u00e9n\u00e9galais a r\u00e9ussi \u00e0 instaurer et imposer l\u2019alternance politique l\u00e0 o\u00f9 beaucoup d\u2019autres peuples ont \u00e9chou\u00e9 ou peinent \u00e0 y arriver. \u00c0 moins que quelques hommes courageux ne se l\u00e8vent pour mettre fin \u00e0 la destruction de leur pays.<\/p>\n<p>L\u2019histoire et la g\u00e9ographie sont deux atouts naturels. Exploit\u00e9s ils aboutissent \u00e0 un r\u00e9sultat exceptionnel, extraordinaire et rien pourra les \u00e9branler.<\/p>\n<p>Messieurs les Pr\u00e9sident Bassirou Diomaye Faye et G\u00e9n\u00e9ral Mamady Doumbouyah, \u00e0 vous de planter les bases d\u2019un nouvel essor.<\/p>\n<p><strong>Mohamed SYLLA,<\/strong><br \/>\nJuriste bas\u00e9 en France, sp\u00e9cialiste en gestion des organisations.<br \/>\nEmail : mlaminesylla@yahoo<\/p>\n<p>L\u2019article <a href=\"https:\/\/mediaguinee.com\/2024\/04\/guinee-et-senegal-deux-pays-lies-par-lhistoire-et-la-geographie-dont-les-relations-meritent-attention-mohamed-sylla\/\">Guin\u00e9e et S\u00e9n\u00e9gal: deux pays li\u00e9s par l\u2019histoire et la g\u00e9ographie dont les relations m\u00e9ritent attention [Mohamed Sylla]<\/a> est apparu en premier sur <a href=\"https:\/\/mediaguinee.com\/\">Mediaguinee.com<\/a>.<\/p>\n<\/div>\n","protected":false},"excerpt":{"rendered":"<p>Les pays africains aspirent , en cette p\u00e9riode cruciale, \u00e0 une nouvelle orientation sociale, \u00e9conomique et environnementale . Ce qui ne pourra se r\u00e9aliser que dans l\u2019\u00e9mancipation des peuples en g\u00e9n\u00e9ral et des \u00e9lites en particulier. Souvent confondue avec le rejet syst\u00e9matique du pass\u00e9, de son histoire et de ses alli\u00e9s, la volont\u00e9 souverainiste des &hellip;<\/p>\n","protected":false},"author":1,"featured_media":0,"comment_status":"closed","ping_status":"closed","sticky":false,"template":"","format":"standard","meta":{"footnotes":""},"categories":[2],"tags":[23],"_links":{"self":[{"href":"https:\/\/sn.ambaguinee.org\/index.php?rest_route=\/wp\/v2\/posts\/65262"}],"collection":[{"href":"https:\/\/sn.ambaguinee.org\/index.php?rest_route=\/wp\/v2\/posts"}],"about":[{"href":"https:\/\/sn.ambaguinee.org\/index.php?rest_route=\/wp\/v2\/types\/post"}],"author":[{"embeddable":true,"href":"https:\/\/sn.ambaguinee.org\/index.php?rest_route=\/wp\/v2\/users\/1"}],"replies":[{"embeddable":true,"href":"https:\/\/sn.ambaguinee.org\/index.php?rest_route=%2Fwp%2Fv2%2Fcomments&post=65262"}],"version-history":[{"count":0,"href":"https:\/\/sn.ambaguinee.org\/index.php?rest_route=\/wp\/v2\/posts\/65262\/revisions"}],"wp:attachment":[{"href":"https:\/\/sn.ambaguinee.org\/index.php?rest_route=%2Fwp%2Fv2%2Fmedia&parent=65262"}],"wp:term":[{"taxonomy":"category","embeddable":true,"href":"https:\/\/sn.ambaguinee.org\/index.php?rest_route=%2Fwp%2Fv2%2Fcategories&post=65262"},{"taxonomy":"post_tag","embeddable":true,"href":"https:\/\/sn.ambaguinee.org\/index.php?rest_route=%2Fwp%2Fv2%2Ftags&post=65262"}],"curies":[{"name":"wp","href":"https:\/\/api.w.org\/{rel}","templated":true}]}}