{"id":66048,"date":"2024-05-17T11:39:54","date_gmt":"2024-05-17T09:39:54","guid":{"rendered":"https:\/\/sn.ambaguinee.org\/?p=66048"},"modified":"2024-05-17T11:39:54","modified_gmt":"2024-05-17T09:39:54","slug":"forum-national-de-securite-et-sante-au-travail-le-secretaire-general-du-mtfp-exige-la-mise-en-place-dun-comite-de-suivi-des-resolutions","status":"publish","type":"post","link":"https:\/\/sn.ambaguinee.org\/?p=66048","title":{"rendered":"Forum national de S\u00e9curit\u00e9 et Sant\u00e9 au Travail : le secr\u00e9taire g\u00e9n\u00e9ral du MTFP exige la mise en place d\u2019un comit\u00e9 de suivi des r\u00e9solutions"},"content":{"rendered":"<div>\n<div style=\"margin-bottom:20px;\"><img width=\"1154\" height=\"672\"src=\"https:\/\/i0.wp.com\/mediaguinee.com\/wp-content\/uploads\/2024\/05\/Screenshot_20240517-001305_Facebook.jpg?w=1154&amp;ssl=1\" class=\"attachment-post-thumbnail size-post-thumbnail wp-post-image\" alt=\"\" decoding=\"async\" srcset=\"https:\/\/i0.wp.com\/mediaguinee.com\/wp-content\/uploads\/2024\/05\/Screenshot_20240517-001305_Facebook.jpg?w=1154&amp;ssl=1 1154w, https:\/\/i0.wp.com\/mediaguinee.com\/wp-content\/uploads\/2024\/05\/Screenshot_20240517-001305_Facebook.jpg?resize=300%2C175&amp;ssl=1 300w, https:\/\/i0.wp.com\/mediaguinee.com\/wp-content\/uploads\/2024\/05\/Screenshot_20240517-001305_Facebook.jpg?resize=1024%2C596&amp;ssl=1 1024w, https:\/\/i0.wp.com\/mediaguinee.com\/wp-content\/uploads\/2024\/05\/Screenshot_20240517-001305_Facebook.jpg?resize=768%2C447&amp;ssl=1 768w\" sizes=\"(max-width: 1154px) 100vw, 1154px\" data-attachment-id=\"258075\" data-permalink=\"https:\/\/mediaguinee.com\/2024\/05\/forum-national-de-securite-et-sante-au-travail-le-secretaire-general-du-mtfp-exige-la-mise-en-place-dun-comite-de-suivi-des-resolutions\/screenshot_20240517-001305_facebook\/\" data-orig-file=\"https:\/\/i0.wp.com\/mediaguinee.com\/wp-content\/uploads\/2024\/05\/Screenshot_20240517-001305_Facebook.jpg?fit=1154%2C672&amp;ssl=1\" data-orig-size=\"1154,672\" data-comments-opened=\"1\" data-image-meta='{\"aperture\":\"0\",\"credit\":\"\",\"camera\":\"\",\"caption\":\"\",\"created_timestamp\":\"0\",\"copyright\":\"\",\"focal_length\":\"0\",\"iso\":\"0\",\"shutter_speed\":\"0\",\"title\":\"\",\"orientation\":\"1\"}' data-image-title=\"Screenshot_20240517-001305_Facebook\" data-image-description=\"\" data-image-caption=\"\" data-medium-file=\"https:\/\/i0.wp.com\/mediaguinee.com\/wp-content\/uploads\/2024\/05\/Screenshot_20240517-001305_Facebook.jpg?fit=300%2C175&amp;ssl=1\" data-large-file=\"https:\/\/i0.wp.com\/mediaguinee.com\/wp-content\/uploads\/2024\/05\/Screenshot_20240517-001305_Facebook.jpg?fit=1024%2C596&amp;ssl=1\"><\/div>\n<p>Organis\u00e9e par le d\u00e9partement en charge du Travail et de la Fonction Publique \u00e0 travers le service national de S\u00e9curit\u00e9 et Sant\u00e9 au Travail, la seconde \u00e9dition du forum national a pris fin ce jeudi, 16 mai 2024 \u00e0 Conakry.<\/p>\n<p>Durant deux jours, les participants au nombre de 200 venus de diff\u00e9rents services, les repr\u00e9sentants du bureau international du travail (BIT) et des personnes ressources se sont pench\u00e9s sur diff\u00e9rentes probl\u00e9matiques li\u00e9 au th\u00e8me dudit forum \u00ab\u00a0le temps nous est compt\u00e9. Garantir un travail s\u00fbr et sain d\u00e8s maintenant face au changement climatique\u00a0\u00bb.<br \/>\nSelon le Directeur du service national de S\u00e9curit\u00e9 et Sant\u00e9 au Travail Alousseny Yansan\u00e9, ce pr\u00e9sent forum est un rendez-vous de donner et recevoir o\u00f9 sont r\u00e9unis les acteurs de divers secteurs d\u2019activit\u00e9s professionnelles, de personnels d\u2019entreprises et d\u2019experts, mais aussi de partenaires sociaux pour discuter, \u00e9changer les exp\u00e9riences sur des questions sp\u00e9cifiques li\u00e9es aux bonnes pratiques en mati\u00e8re de s\u00e9curit\u00e9 et sant\u00e9 au travail. Il fera \u00e9galement savoir que le but principal est de r\u00e9pondre aux d\u00e9fis li\u00e9s \u00e0 la garantie d\u2019un environnement de travail d\u00e9cent pour tous.<\/p>\n<p>Dans son allocution de cl\u00f4ture des travaux dudit forum, le secr\u00e9taire g\u00e9n\u00e9ral du Minist\u00e8re du Travail et de la Fonction Publique, a, au nom de son ministre salu\u00e9 tous les participants pour leur pr\u00e9sence et pour des fortes recommandations qui ont \u00e9t\u00e9 faites.<\/p>\n<p>\u00ab\u00a0J\u2019ai tant t\u00f4t parl\u00e9 de vos r\u00e9solutions et comme l\u2019a dit Dr Joseph, nous ne souhaitons pas \u00eatre dans cette cempiternelle probl\u00e9matique de s\u00e9minaire qui font des r\u00e9solutions et apr\u00e8s qui restent dans les tiroirs. C\u2019est pourquoi je vais demander d\u00e8s \u00e0 pr\u00e9sent, qu\u2019un comit\u00e9 soit imm\u00e9diatement mis en place pour le suivi de la mise en \u0153uvre des r\u00e9solutions que vous avez adopter. Nous avons besoin qu\u2019on aille au-del\u00e0 de simples r\u00e9solutions. Que ce comit\u00e9 nous fasse un plan d\u2019action op\u00e9rationnel, lister tous les intervenants, chacun dans ses responsabilit\u00e9s dans la mat\u00e9rialisation de ces r\u00e9solutions. Pour qu\u2019au prochain forum, nous puissions venir plut\u00f4t faire le point de la mise en \u0153uvre des r\u00e9solutions issues de la deuxi\u00e8me \u00e9dition du Forum\u2026\u00a0\u00bb<\/p>\n<p>Youl Keita<\/p>\n<p>L\u2019article <a href=\"https:\/\/mediaguinee.com\/2024\/05\/forum-national-de-securite-et-sante-au-travail-le-secretaire-general-du-mtfp-exige-la-mise-en-place-dun-comite-de-suivi-des-resolutions\/\">Forum national de S\u00e9curit\u00e9 et Sant\u00e9 au Travail : le secr\u00e9taire g\u00e9n\u00e9ral du MTFP exige la mise en place d\u2019un comit\u00e9 de suivi des r\u00e9solutions<\/a> est apparu en premier sur <a href=\"https:\/\/mediaguinee.com\/\">Mediaguinee.com<\/a>.<\/p>\n<\/div>\n","protected":false},"excerpt":{"rendered":"<p>Organis\u00e9e par le d\u00e9partement en charge du Travail et de la Fonction Publique \u00e0 travers le service national de S\u00e9curit\u00e9 et Sant\u00e9 au Travail, la seconde \u00e9dition du forum national a pris fin ce jeudi, 16 mai 2024 \u00e0 Conakry. Durant deux jours, les participants au nombre de 200 venus de diff\u00e9rents services, les repr\u00e9sentants &hellip;<\/p>\n","protected":false},"author":1,"featured_media":0,"comment_status":"closed","ping_status":"closed","sticky":false,"template":"","format":"standard","meta":{"footnotes":""},"categories":[2],"tags":[23],"_links":{"self":[{"href":"https:\/\/sn.ambaguinee.org\/index.php?rest_route=\/wp\/v2\/posts\/66048"}],"collection":[{"href":"https:\/\/sn.ambaguinee.org\/index.php?rest_route=\/wp\/v2\/posts"}],"about":[{"href":"https:\/\/sn.ambaguinee.org\/index.php?rest_route=\/wp\/v2\/types\/post"}],"author":[{"embeddable":true,"href":"https:\/\/sn.ambaguinee.org\/index.php?rest_route=\/wp\/v2\/users\/1"}],"replies":[{"embeddable":true,"href":"https:\/\/sn.ambaguinee.org\/index.php?rest_route=%2Fwp%2Fv2%2Fcomments&post=66048"}],"version-history":[{"count":0,"href":"https:\/\/sn.ambaguinee.org\/index.php?rest_route=\/wp\/v2\/posts\/66048\/revisions"}],"wp:attachment":[{"href":"https:\/\/sn.ambaguinee.org\/index.php?rest_route=%2Fwp%2Fv2%2Fmedia&parent=66048"}],"wp:term":[{"taxonomy":"category","embeddable":true,"href":"https:\/\/sn.ambaguinee.org\/index.php?rest_route=%2Fwp%2Fv2%2Fcategories&post=66048"},{"taxonomy":"post_tag","embeddable":true,"href":"https:\/\/sn.ambaguinee.org\/index.php?rest_route=%2Fwp%2Fv2%2Ftags&post=66048"}],"curies":[{"name":"wp","href":"https:\/\/api.w.org\/{rel}","templated":true}]}}