{"id":68948,"date":"2024-08-20T06:45:32","date_gmt":"2024-08-20T04:45:32","guid":{"rendered":"https:\/\/sn.ambaguinee.org\/?p=68948"},"modified":"2024-08-20T06:45:32","modified_gmt":"2024-08-20T04:45:32","slug":"au-gabon-une-fete-nationale-aux-airs-de-campagne-presidentielle","status":"publish","type":"post","link":"https:\/\/sn.ambaguinee.org\/?p=68948","title":{"rendered":"Au Gabon, une f\u00eate nationale aux airs de campagne pr\u00e9sidentielle"},"content":{"rendered":"<div>\n<div style=\"margin-bottom:20px;\"><img width=\"1023\" height=\"575\"src=\"https:\/\/i0.wp.com\/mediaguinee.com\/wp-content\/uploads\/2024\/08\/01000000-0aff-0242-759e-08dcc036b415_w1023_r1_s.jpg?w=1023&amp;ssl=1\" class=\"attachment-post-thumbnail size-post-thumbnail wp-post-image\" alt=\"\" decoding=\"async\" srcset=\"https:\/\/i0.wp.com\/mediaguinee.com\/wp-content\/uploads\/2024\/08\/01000000-0aff-0242-759e-08dcc036b415_w1023_r1_s.jpg?w=1023&amp;ssl=1 1023w, https:\/\/i0.wp.com\/mediaguinee.com\/wp-content\/uploads\/2024\/08\/01000000-0aff-0242-759e-08dcc036b415_w1023_r1_s.jpg?resize=300%2C169&amp;ssl=1 300w, https:\/\/i0.wp.com\/mediaguinee.com\/wp-content\/uploads\/2024\/08\/01000000-0aff-0242-759e-08dcc036b415_w1023_r1_s.jpg?resize=768%2C432&amp;ssl=1 768w\" sizes=\"(max-width: 1023px) 100vw, 1023px\" data-attachment-id=\"264388\" data-permalink=\"https:\/\/mediaguinee.com\/2024\/08\/au-gabon-une-fete-nationale-aux-airs-de-campagne-presidentielle\/01000000-0aff-0242-759e-08dcc036b415_w1023_r1_s\/\" data-orig-file=\"https:\/\/i0.wp.com\/mediaguinee.com\/wp-content\/uploads\/2024\/08\/01000000-0aff-0242-759e-08dcc036b415_w1023_r1_s.jpg?fit=1023%2C575&amp;ssl=1\" data-orig-size=\"1023,575\" data-comments-opened=\"1\" data-image-meta='{\"aperture\":\"0\",\"credit\":\"\",\"camera\":\"\",\"caption\":\"\",\"created_timestamp\":\"0\",\"copyright\":\"\",\"focal_length\":\"0\",\"iso\":\"0\",\"shutter_speed\":\"0\",\"title\":\"\",\"orientation\":\"0\"}' data-image-title=\"01000000-0aff-0242-759e-08dcc036b415_w1023_r1_s\" data-image-description=\"\" data-image-caption=\"\" data-medium-file=\"https:\/\/i0.wp.com\/mediaguinee.com\/wp-content\/uploads\/2024\/08\/01000000-0aff-0242-759e-08dcc036b415_w1023_r1_s.jpg?fit=300%2C169&amp;ssl=1\" data-large-file=\"https:\/\/i0.wp.com\/mediaguinee.com\/wp-content\/uploads\/2024\/08\/01000000-0aff-0242-759e-08dcc036b415_w1023_r1_s.jpg?fit=1023%2C575&amp;ssl=1\" tabindex=\"0\" role=\"button\"><\/div>\n<div class=\"intro intro--bold\">\n<p>Sur le bord de mer de Libreville, une foule v\u00eatue de vert, jaune, bleu s\u2019amasse pour assister samedi \u00e0 la premi\u00e8re f\u00eate nationale de la transition, largement d\u00e9di\u00e9e au g\u00e9n\u00e9ral Brice Oligui Nguema, un peu moins d\u2019un an apr\u00e8s son coup d\u2019\u00c9tat contre Ali Bongo.<\/p>\n<\/div>\n<div id=\"article-content\" class=\"content-floated-wrap fb-quotable\">\n<div class=\"wsw\">\n<p>Ce jour l\u00e0, les militaires men\u00e9s par celui qui est alors chef de la garde pr\u00e9sidentielle, ont<em>\u00a0\u00ab\u00a0mis fin au r\u00e9gime\u00a0\u00bb<\/em>\u00a0et \u00e0 55 ans de\u00a0<em>\u00ab\u00a0dynastie Bongo\u00a0\u00bb<\/em>, en renversant Ali Bongo Ondimba tout juste r\u00e9\u00e9lu. Il avait succ\u00e9d\u00e9 \u00e0 sa mort en 2009 \u00e0 son p\u00e8re Omar, qui dirigeait ce petit \u00c9tat d\u2019Afrique centrale riche de son p\u00e9trole depuis plus de 41 ans.<\/p>\n<p>Depuis, chacune des apparitions de Brice Oligui Nguema est largement acclam\u00e9e au point d\u2019anticiper son maintien \u00e0 la t\u00eate de l\u2019Etat \u00e0 un an de la fin de la p\u00e9riode de transition.<\/p>\n<h2 class=\"wsw__h2\"><em>\u00ab\u00a0Aujourd\u2019hui, demain et apr\u00e8s\u00a0\u00bb<\/em><\/h2>\n<p><em>\u00ab\u00a0Il nous a redonn\u00e9 ce que nous n\u2019avions pas: l\u2019espoir mais aussi des routes\u00a0\u00bb<\/em>\u00a0s\u2019enthousiasme Jean-Mardoch\u00e9 Mabida, un agent immobilier de 22 ans, bandeau aux couleurs du Gabon juch\u00e9 sur un muret pour s\u2019offrir une chance d\u2019apercevoir le g\u00e9n\u00e9ral-pr\u00e9sident debout sur son commando-car.<\/p>\n<p>Dans la capitale, Libreville, les chantiers se multiplient, notamment la r\u00e9fection de routes qui n\u2019ont parfois jamais \u00e9t\u00e9 bitum\u00e9es. La municipalit\u00e9, dirig\u00e9e par un militaire nomm\u00e9 par le CTRI, a \u00e9t\u00e9 dot\u00e9e de nouveaux bacs \u00e0 ordures et a encourag\u00e9 les habitants \u00e0 repeindre les fa\u00e7ades des habitations.<\/p>\n<p><em>\u00ab\u00a0En \u00e0 peine un an, nous avons vu des choses que jamais nous n\u2019avons vu en 14 ans (durant les deux mandats d\u2019Ali Bongo). Nous allons pousser Oligui \u00e0 \u00eatre pr\u00e9sident\u00a0\u00bb,<\/em>\u00a0conclut Maixent Ngouaka, agent d\u2019entretien des espaces verts.\u00a0<em>\u00ab\u00a0Pour nous c\u2019est une joie de savoir que nos enfants verront un Gabon nouveau avec des personnes nouvelles\u00a0\u00bb,<\/em>\u00a0ajoute t-il, soulevant sa fille de 11 ans, Eva, avec qui il a tenu \u00e0 vivre cette journ\u00e9e<em>\u00a0\u00ab\u00a0historique\u00a0\u00bb.<\/em><\/p>\n<p>Pas encore candidat, le g\u00e9n\u00e9ral Oligui est d\u00e9j\u00e0 encourag\u00e9 \u00e0 poursuivre ses actions comme en t\u00e9moignent les affiches le repr\u00e9sentant avec le slogan \u00ab\u00a0Aujourd\u2019hui, demain et apr\u00e8s\u00a0\u00bb install\u00e9es \u00e0 l\u2019occasion d\u2019une tourn\u00e9e dans les neuf provinces du pays qui s\u2019est achev\u00e9e \u00e0 Libreville cette semaine.<\/p>\n<h2 class=\"wsw__h2\"><em>\u00ab\u00a0Confiance\u00a0\u00bb<\/em><\/h2>\n<p><em>\u00ab\u00a0Les \u00e9l\u00e9ments regrettables de ces derni\u00e8res ann\u00e9es ne seront bient\u00f4t qu\u2019un lointain souvenir\u00a0\u00bb,<\/em>\u00a0a d\u00e9clar\u00e9 Oligui Nguema lors de son adresse \u00e0 la nation diffus\u00e9e vendredi \u00e0 la veille de la f\u00eate nationale sur Gabon 24, la t\u00e9l\u00e9vision d\u2019Etat.<\/p>\n<p>Le r\u00e9gime d\u2019Ali Bongo Ondimba avait \u00e9t\u00e9 renvers\u00e9 apr\u00e8s que son entourage avait \u00e9t\u00e9 accus\u00e9 de fraudes lors de l\u2019\u00e9lection pr\u00e9sidentielle et d\u2019avoir massivement d\u00e9tourn\u00e9 l\u2019argent public. Cette premi\u00e8re f\u00eate nationale\u00a0<em>\u00ab\u00a0sans les Bongo\u00a0\u00bb\u00a0<\/em>est un soulagement pour Daniel, 40 ans, sans emploi, qui n\u2019a pas souhait\u00e9 d\u00e9voiler son nom de famille.<\/p>\n<p>A pleins poumons, il entonne avec autant de ferveur l\u2019hymne national que les chants militaires \u00e0 gloire d\u2019Oligui et du CTRI. M\u00eame s\u2019il admet que\u00a0<em>\u00ab\u00a0ce n\u2019est pas en claquant des doigts qu\u2019on efface 55 ans de pouvoir\u00a0\u00bb<\/em>, il\u00a0<em>\u00ab\u00a0accorde d\u00e9j\u00e0 sa confiance\u00a0\u00bb\u00a0<\/em>au g\u00e9n\u00e9ral Oligui pour l\u2019\u00e9lection pr\u00e9sidentielle pr\u00e9vue pour ao\u00fbt 2025.<\/p>\n<p>Plusieurs \u00e9tapes restent \u00e0 franchir avant l\u2019\u00e9ch\u00e9ance finale de la transition d\u2019apr\u00e8s le chronogramme pr\u00e9sent\u00e9 en novembre dernier, notamment la publication d\u2019une\u00a0<em>\u00ab\u00a0premi\u00e8re mouture\u00a0\u00bb\u00a0<\/em>de la Constitution et son vote par r\u00e9f\u00e9rendum d\u2019ici la fin de l\u2019ann\u00e9e.<\/p>\n<\/div>\n<p>AFP<\/p>\n<\/div>\n<p>L\u2019article <a href=\"https:\/\/mediaguinee.com\/2024\/08\/au-gabon-une-fete-nationale-aux-airs-de-campagne-presidentielle\/\">Au Gabon, une f\u00eate nationale aux airs de campagne pr\u00e9sidentielle<\/a> est apparu en premier sur <a href=\"https:\/\/mediaguinee.com\/\">Mediaguinee.com<\/a>.<\/p>\n<\/div>\n","protected":false},"excerpt":{"rendered":"<p>Sur le bord de mer de Libreville, une foule v\u00eatue de vert, jaune, bleu s\u2019amasse pour assister samedi \u00e0 la premi\u00e8re f\u00eate nationale de la transition, largement d\u00e9di\u00e9e au g\u00e9n\u00e9ral Brice Oligui Nguema, un peu moins d\u2019un an apr\u00e8s son coup d\u2019\u00c9tat contre Ali Bongo. Ce jour l\u00e0, les militaires men\u00e9s par celui qui est &hellip;<\/p>\n","protected":false},"author":1,"featured_media":0,"comment_status":"closed","ping_status":"closed","sticky":false,"template":"","format":"standard","meta":{"footnotes":""},"categories":[2],"tags":[23],"_links":{"self":[{"href":"https:\/\/sn.ambaguinee.org\/index.php?rest_route=\/wp\/v2\/posts\/68948"}],"collection":[{"href":"https:\/\/sn.ambaguinee.org\/index.php?rest_route=\/wp\/v2\/posts"}],"about":[{"href":"https:\/\/sn.ambaguinee.org\/index.php?rest_route=\/wp\/v2\/types\/post"}],"author":[{"embeddable":true,"href":"https:\/\/sn.ambaguinee.org\/index.php?rest_route=\/wp\/v2\/users\/1"}],"replies":[{"embeddable":true,"href":"https:\/\/sn.ambaguinee.org\/index.php?rest_route=%2Fwp%2Fv2%2Fcomments&post=68948"}],"version-history":[{"count":0,"href":"https:\/\/sn.ambaguinee.org\/index.php?rest_route=\/wp\/v2\/posts\/68948\/revisions"}],"wp:attachment":[{"href":"https:\/\/sn.ambaguinee.org\/index.php?rest_route=%2Fwp%2Fv2%2Fmedia&parent=68948"}],"wp:term":[{"taxonomy":"category","embeddable":true,"href":"https:\/\/sn.ambaguinee.org\/index.php?rest_route=%2Fwp%2Fv2%2Fcategories&post=68948"},{"taxonomy":"post_tag","embeddable":true,"href":"https:\/\/sn.ambaguinee.org\/index.php?rest_route=%2Fwp%2Fv2%2Ftags&post=68948"}],"curies":[{"name":"wp","href":"https:\/\/api.w.org\/{rel}","templated":true}]}}