{"id":69049,"date":"2024-08-23T10:02:46","date_gmt":"2024-08-23T08:02:46","guid":{"rendered":"https:\/\/sn.ambaguinee.org\/?p=69049"},"modified":"2024-08-23T10:02:46","modified_gmt":"2024-08-23T08:02:46","slug":"grand-conakry-les-forces-vives-annoncent-une-manifestation-le-5-septembre-jour-danniversaire-du-cnrd","status":"publish","type":"post","link":"https:\/\/sn.ambaguinee.org\/?p=69049","title":{"rendered":"Grand Conakry : les Forces vives annoncent une manifestation le 5 septembre, jour d\u2019anniversaire du CNRD"},"content":{"rendered":"<div>\n<div style=\"margin-bottom:20px;\"><img width=\"1079\" height=\"756\"src=\"https:\/\/i0.wp.com\/mediaguinee.com\/wp-content\/uploads\/2023\/05\/FVG-forces-vives.jpg?w=1079&amp;ssl=1\" class=\"attachment-post-thumbnail size-post-thumbnail wp-post-image\" alt=\"\" decoding=\"async\" srcset=\"https:\/\/i0.wp.com\/mediaguinee.com\/wp-content\/uploads\/2023\/05\/FVG-forces-vives.jpg?w=1079&amp;ssl=1 1079w, https:\/\/i0.wp.com\/mediaguinee.com\/wp-content\/uploads\/2023\/05\/FVG-forces-vives.jpg?resize=300%2C210&amp;ssl=1 300w, https:\/\/i0.wp.com\/mediaguinee.com\/wp-content\/uploads\/2023\/05\/FVG-forces-vives.jpg?resize=768%2C538&amp;ssl=1 768w, https:\/\/i0.wp.com\/mediaguinee.com\/wp-content\/uploads\/2023\/05\/FVG-forces-vives.jpg?resize=1024%2C717&amp;ssl=1 1024w\" sizes=\"(max-width: 1079px) 100vw, 1079px\" data-attachment-id=\"554\" data-permalink=\"https:\/\/mediaguinee.com\/fvg-forces-vives\/\" data-orig-file=\"https:\/\/i0.wp.com\/mediaguinee.com\/wp-content\/uploads\/2023\/05\/FVG-forces-vives.jpg?fit=1079%2C756&amp;ssl=1\" data-orig-size=\"1079,756\" data-comments-opened=\"1\" data-image-meta='{\"aperture\":\"0\",\"credit\":\"\",\"camera\":\"\",\"caption\":\"\",\"created_timestamp\":\"0\",\"copyright\":\"\",\"focal_length\":\"0\",\"iso\":\"0\",\"shutter_speed\":\"0\",\"title\":\"\",\"orientation\":\"0\"}' data-image-title=\"FVG forces vives\" data-image-description=\"\" data-image-caption=\"\" data-medium-file=\"https:\/\/i0.wp.com\/mediaguinee.com\/wp-content\/uploads\/2023\/05\/FVG-forces-vives.jpg?fit=300%2C210&amp;ssl=1\" data-large-file=\"https:\/\/i0.wp.com\/mediaguinee.com\/wp-content\/uploads\/2023\/05\/FVG-forces-vives.jpg?fit=1024%2C717&amp;ssl=1\" tabindex=\"0\" role=\"button\"><\/div>\n<p>Dans une d\u00e9claration, les Forces vives de Guin\u00e9e (FVG) annoncent l\u2019organisation d\u2019une \u00ab manifestation pacifique le 05 septembre prochain dans le Grand Conakry \u00bb, jour qui co\u00efncide au 3\u00e8 anniversaire de la prise du pouvoir par le CNRD.<\/p>\n<p>\u00ab Les Forces Vives de Guin\u00e9e se r\u00e9jouissent du succ\u00e8s des manifestations organis\u00e9es par nos compatriotes r\u00e9sidant \u00e0 Paris, Bruxelles et New York, et les f\u00e9licitent chaleureusement pour leur remarquable mobilisation en soutien \u00e0 la lutte que nous menons pour la lib\u00e9ration de Fonik\u00e9 Mengu\u00e8 et Billo Bah, ainsi que pour le strict respect, par la junte, de toutes les dispositions de la Charte de la Transition, y compris celles interdisant la participation des membres du CNRD, du CNT et du Gouvernement aux \u00e9lections \u00bb, se f\u00e9licitent les FVG dans leur communiqu\u00e9.<\/p>\n<p>Poursuivant, elles disent inviter \u00ab l\u2019ensemble des guin\u00e9ens \u00e0 se mobiliser pour exiger \u00e9galement la justice pour toutes les victimes innocentes du CNRD, la restauration des libert\u00e9s publiques, l\u2019abandon des poursuites judiciaires fantaisistes contre les leaders politiques et les acteurs de la soci\u00e9t\u00e9 civile ainsi que le retour \u00e0 l\u2019ordre constitutionnel avant le 31 d\u00e9cembre 2024, conform\u00e9ment aux engagements pris \u00e0 cet \u00e9gard \u00bb. Et d\u2019annoncer : \u00ab dans ce cadre, les Forces Vives de Guin\u00e9e d\u00e9cident d\u2019organiser une manifestation pacifique le 05 septembre prochain dans le Grand Conakry et invitent tous les militants pro d\u00e9mocratie \u00e0 participer massivement, avec la plus grande combativit\u00e9, \u00e0 cette manifestation \u00bb.<\/p>\n<p>\u00ab\u00a0Quand un peuple ne d\u00e9fend plus ses libert\u00e9s et ses droits, il devient m\u00fbr pour l\u2019esclavage\u00a0\u00bb, lancent-elles.<\/p>\n<p><strong>Ousmane CAMARA<\/strong><\/p>\n<p>\u00a0<\/p>\n<p>L\u2019article <a href=\"https:\/\/mediaguinee.com\/2024\/08\/grand-conakry-les-forces-vives-de-guinee-annoncent-une-manifestation-le-5-septembre-3e-anniversaire-du-cnrd\/\">Grand Conakry : les Forces vives annoncent une manifestation le 5 septembre, jour d\u2019anniversaire du CNRD<\/a> est apparu en premier sur <a href=\"https:\/\/mediaguinee.com\/\">Mediaguinee.com<\/a>.<\/p>\n<\/div>\n","protected":false},"excerpt":{"rendered":"<p>Dans une d\u00e9claration, les Forces vives de Guin\u00e9e (FVG) annoncent l\u2019organisation d\u2019une \u00ab manifestation pacifique le 05 septembre prochain dans le Grand Conakry \u00bb, jour qui co\u00efncide au 3\u00e8 anniversaire de la prise du pouvoir par le CNRD. \u00ab Les Forces Vives de Guin\u00e9e se r\u00e9jouissent du succ\u00e8s des manifestations organis\u00e9es par nos compatriotes r\u00e9sidant &hellip;<\/p>\n","protected":false},"author":1,"featured_media":0,"comment_status":"closed","ping_status":"closed","sticky":false,"template":"","format":"standard","meta":{"footnotes":""},"categories":[2],"tags":[23],"_links":{"self":[{"href":"https:\/\/sn.ambaguinee.org\/index.php?rest_route=\/wp\/v2\/posts\/69049"}],"collection":[{"href":"https:\/\/sn.ambaguinee.org\/index.php?rest_route=\/wp\/v2\/posts"}],"about":[{"href":"https:\/\/sn.ambaguinee.org\/index.php?rest_route=\/wp\/v2\/types\/post"}],"author":[{"embeddable":true,"href":"https:\/\/sn.ambaguinee.org\/index.php?rest_route=\/wp\/v2\/users\/1"}],"replies":[{"embeddable":true,"href":"https:\/\/sn.ambaguinee.org\/index.php?rest_route=%2Fwp%2Fv2%2Fcomments&post=69049"}],"version-history":[{"count":0,"href":"https:\/\/sn.ambaguinee.org\/index.php?rest_route=\/wp\/v2\/posts\/69049\/revisions"}],"wp:attachment":[{"href":"https:\/\/sn.ambaguinee.org\/index.php?rest_route=%2Fwp%2Fv2%2Fmedia&parent=69049"}],"wp:term":[{"taxonomy":"category","embeddable":true,"href":"https:\/\/sn.ambaguinee.org\/index.php?rest_route=%2Fwp%2Fv2%2Fcategories&post=69049"},{"taxonomy":"post_tag","embeddable":true,"href":"https:\/\/sn.ambaguinee.org\/index.php?rest_route=%2Fwp%2Fv2%2Ftags&post=69049"}],"curies":[{"name":"wp","href":"https:\/\/api.w.org\/{rel}","templated":true}]}}