{"id":69120,"date":"2024-08-25T09:47:34","date_gmt":"2024-08-25T07:47:34","guid":{"rendered":"https:\/\/sn.ambaguinee.org\/?p=69120"},"modified":"2024-08-25T09:47:34","modified_gmt":"2024-08-25T07:47:34","slug":"le-patron-de-telegram-pavel-durov-interpelle-a-laeroport-du-bourget","status":"publish","type":"post","link":"https:\/\/sn.ambaguinee.org\/?p=69120","title":{"rendered":"Le patron de Telegram Pavel Durov interpell\u00e9 \u00e0 l\u2019a\u00e9roport du Bourget"},"content":{"rendered":"<div>\n<div style=\"margin-bottom:20px;\"><img width=\"650\" height=\"433\"src=\"https:\/\/i0.wp.com\/mediaguinee.com\/wp-content\/uploads\/2024\/08\/IMG_3214.jpg?w=650&amp;ssl=1\" class=\"attachment-post-thumbnail size-post-thumbnail wp-post-image\" alt=\"\" decoding=\"async\" srcset=\"https:\/\/i0.wp.com\/mediaguinee.com\/wp-content\/uploads\/2024\/08\/IMG_3214.jpg?w=650&amp;ssl=1 650w, https:\/\/i0.wp.com\/mediaguinee.com\/wp-content\/uploads\/2024\/08\/IMG_3214.jpg?resize=300%2C200&amp;ssl=1 300w\" sizes=\"(max-width: 650px) 100vw, 650px\" data-attachment-id=\"264680\" data-permalink=\"https:\/\/mediaguinee.com\/2024\/08\/le-patron-de-telegram-pavel-durov-interpelle-a-laeroport-du-bourget\/img_3214\/\" data-orig-file=\"https:\/\/i0.wp.com\/mediaguinee.com\/wp-content\/uploads\/2024\/08\/IMG_3214.jpg?fit=650%2C433&amp;ssl=1\" data-orig-size=\"650,433\" data-comments-opened=\"1\" data-image-meta='{\"aperture\":\"0\",\"credit\":\"\",\"camera\":\"\",\"caption\":\"\",\"created_timestamp\":\"0\",\"copyright\":\"\",\"focal_length\":\"0\",\"iso\":\"0\",\"shutter_speed\":\"0\",\"title\":\"\",\"orientation\":\"0\"}' data-image-title=\"IMG_3214\" data-image-description=\"\" data-image-caption=\"\" data-medium-file=\"https:\/\/i0.wp.com\/mediaguinee.com\/wp-content\/uploads\/2024\/08\/IMG_3214.jpg?fit=300%2C200&amp;ssl=1\" data-large-file=\"https:\/\/i0.wp.com\/mediaguinee.com\/wp-content\/uploads\/2024\/08\/IMG_3214.jpg?fit=650%2C433&amp;ssl=1\" tabindex=\"0\" role=\"button\"><\/div>\n<p>Le patron de Telegram Pavel Durov a \u00e9t\u00e9 interpell\u00e9 samedi soir \u00e0 l\u2019a\u00e9roport du Bourget, pr\u00e8s de Paris, un mandat de recherche \u00e9tant \u00e9mis contre lui par des enqu\u00eateurs fran\u00e7ais visant diverses infractions de sa messagerie crypt\u00e9e, a-t-on appris de sources proches du dossier, confirmant une information de TF1 et LCI.<\/p>\n<p>Accompagn\u00e9 de son garde du corps et de son assistante qui le suivent en permanence, le milliardaire franco-russe de 39 ans a \u00e9t\u00e9 interpell\u00e9 dans l\u2019a\u00e9rogare du Bourget entre 19H30 et 20H00 (entre 17H30 et 18H00 GMT), a pr\u00e9cis\u00e9 une de ces sources \u00e0 l\u2019AFP.<\/p>\n<p>Il venait de Bakou (Azerba\u00efdjan) et devait passer au moins la soir\u00e9e \u00e0 Paris o\u00f9 il avait pr\u00e9vu de d\u00eener, a ajout\u00e9 une autre source proche du dossier.<\/p>\n<p>Il devrait \u00eatre pr\u00e9sent\u00e9 \u00e0 la justice dimanche.<\/p>\n<p>L\u2019Ofmin, charg\u00e9 de la lutte contre les violences faites aux mineurs, avait \u00e9mis un mandat de recherche contre Pavel Durov, au titre du service coordinateur d\u2019une enqu\u00eate pr\u00e9liminaire associant divers services enqu\u00eateurs pour des infractions allant de l\u2019escroquerie, au trafic de stup\u00e9fiants, au cyberharc\u00e8lement, \u00e0 la criminalit\u00e9 organis\u00e9e en passant par l\u2019apologie du terrorisme et la fraude, a expliqu\u00e9 une des sources proches du dossier.<\/p>\n<p>La justice reproche \u00e0 Pavel Durov de ne pas agir (absence de mod\u00e9ration et de collaboration avec les enqu\u00eateurs) contre les utilisations d\u00e9lictuelles de sa messagerie par ses abonn\u00e9s.<\/p>\n<p>\u00ab\u00a0Ca suffit l\u2019impunit\u00e9 de Telegram\u00a0\u00bb, s\u2019est f\u00e9licit\u00e9 un des enqu\u00eateurs, \u00e9tonn\u00e9 que le milliardaire, sachant qu\u2019il \u00e9tait recherch\u00e9 en France, ait d\u00e9cid\u00e9 quand m\u00eame de venir \u00e0 Paris. \u00ab\u00a0Peut-\u00eatre par sentiment d\u2019impunit\u00e9\u00a0\u00bb, a \u00e9voqu\u00e9 une des sources proches du dossier.<\/p>\n<h2>Messagerie crypt\u00e9e<\/h2>\n<p>La messagerie en ligne lanc\u00e9e en 2013 par Pavel Durov et son fr\u00e8re Nikola\u00ef, sur laquelle les communications sont chiffr\u00e9es de bout en bout et dont le si\u00e8ge social se trouve \u00e0 Duba\u00ef, s\u2019est positionn\u00e9e \u00e0 contre-courant des plateformes am\u00e9ricaines, critiqu\u00e9es pour leur exploitation mercantile des donn\u00e9es personnelles.<\/p>\n<p>Elle s\u2019est engag\u00e9e \u00e0 ne jamais d\u00e9voiler d\u2019informations sur ses utilisateurs.<\/p>\n<p>Lors d\u2019une de ses rares interviews, Pavel Durov a racont\u00e9 en avril dernier \u00e0 Duba\u00ef avoir eu l\u2019id\u00e9e de lancer une messagerie crypt\u00e9e apr\u00e8s avoir subi de nombreuses pressions des autorit\u00e9s russes \u00e0 l\u2019\u00e9poque de VK, un r\u00e9seau social qu\u2019il a cr\u00e9\u00e9 dans son pays d\u2019origine avant de le vendre et quitter la Russie en 2014.<\/p>\n<p>Il a dit avoir ensuite essay\u00e9 de s\u2019installer \u00e0 Berlin, Londres, Singapour et San Francisco avant d\u2019opter pour Duba\u00ef, dont il a lou\u00e9 l\u2019environnement des affaires et la \u00ab\u00a0neutralit\u00e9\u00a0\u00bb.<\/p>\n<p>\u00ab\u00a0Je pense que nous faisons du bon travail avec Telegram, avec 900 millions d\u2019utilisateurs qui d\u00e9passeront probablement le milliard d\u2019utilisateurs mensuels actifs d\u2019ici un an\u00a0\u00bb, a-t-il affirm\u00e9.<\/p>\n<p>Dans l\u2019\u00e9mirat du Golfe, Telegram s\u2019est mise \u00e0 l\u2019abri des r\u00e8gles de mod\u00e9ration des Etats, \u00e0 l\u2019heure o\u00f9 l\u2019Union europ\u00e9enne comme les Etats-Unis mettent la pression aux grandes plateformes pour supprimer le contenu ill\u00e9gal.<\/p>\n<p>Avec ses groupes de discussion pouvant accueillir jusqu\u2019\u00e0 200.000 personnes, la messagerie est parfois accus\u00e9e d\u2019augmenter le potentiel viral des fausses informations et la prolif\u00e9ration de contenus haineux, n\u00e9onazis, p\u00e9dophiles, complotistes ou terroristes.<\/p>\n<p>L\u2019article <a href=\"https:\/\/mediaguinee.com\/2024\/08\/le-patron-de-telegram-pavel-durov-interpelle-a-laeroport-du-bourget\/\">Le patron de Telegram Pavel Durov interpell\u00e9 \u00e0 l\u2019a\u00e9roport du Bourget<\/a> est apparu en premier sur <a href=\"https:\/\/mediaguinee.com\/\">Mediaguinee.com<\/a>.<\/p>\n<\/div>\n","protected":false},"excerpt":{"rendered":"<p>Le patron de Telegram Pavel Durov a \u00e9t\u00e9 interpell\u00e9 samedi soir \u00e0 l\u2019a\u00e9roport du Bourget, pr\u00e8s de Paris, un mandat de recherche \u00e9tant \u00e9mis contre lui par des enqu\u00eateurs fran\u00e7ais visant diverses infractions de sa messagerie crypt\u00e9e, a-t-on appris de sources proches du dossier, confirmant une information de TF1 et LCI. Accompagn\u00e9 de son garde &hellip;<\/p>\n","protected":false},"author":1,"featured_media":0,"comment_status":"closed","ping_status":"closed","sticky":false,"template":"","format":"standard","meta":{"footnotes":""},"categories":[2],"tags":[23],"_links":{"self":[{"href":"https:\/\/sn.ambaguinee.org\/index.php?rest_route=\/wp\/v2\/posts\/69120"}],"collection":[{"href":"https:\/\/sn.ambaguinee.org\/index.php?rest_route=\/wp\/v2\/posts"}],"about":[{"href":"https:\/\/sn.ambaguinee.org\/index.php?rest_route=\/wp\/v2\/types\/post"}],"author":[{"embeddable":true,"href":"https:\/\/sn.ambaguinee.org\/index.php?rest_route=\/wp\/v2\/users\/1"}],"replies":[{"embeddable":true,"href":"https:\/\/sn.ambaguinee.org\/index.php?rest_route=%2Fwp%2Fv2%2Fcomments&post=69120"}],"version-history":[{"count":0,"href":"https:\/\/sn.ambaguinee.org\/index.php?rest_route=\/wp\/v2\/posts\/69120\/revisions"}],"wp:attachment":[{"href":"https:\/\/sn.ambaguinee.org\/index.php?rest_route=%2Fwp%2Fv2%2Fmedia&parent=69120"}],"wp:term":[{"taxonomy":"category","embeddable":true,"href":"https:\/\/sn.ambaguinee.org\/index.php?rest_route=%2Fwp%2Fv2%2Fcategories&post=69120"},{"taxonomy":"post_tag","embeddable":true,"href":"https:\/\/sn.ambaguinee.org\/index.php?rest_route=%2Fwp%2Fv2%2Ftags&post=69120"}],"curies":[{"name":"wp","href":"https:\/\/api.w.org\/{rel}","templated":true}]}}