{"id":69211,"date":"2024-08-27T14:14:19","date_gmt":"2024-08-27T12:14:19","guid":{"rendered":"https:\/\/sn.ambaguinee.org\/?p=69211"},"modified":"2024-08-27T14:14:19","modified_gmt":"2024-08-27T12:14:19","slug":"guinee-quand-la-richesse-de-la-guinee-nefface-pas-la-pauvrete-de-son-peuple-abdoulaye-dabo","status":"publish","type":"post","link":"https:\/\/sn.ambaguinee.org\/?p=69211","title":{"rendered":"Guin\u00e9e : Quand la richesse de la Guin\u00e9e n\u2019efface pas la pauvret\u00e9 de son peuple [Abdoulaye Dabo]"},"content":{"rendered":"<div>\n<div style=\"margin-bottom:20px;\"><img width=\"719\" height=\"634\"src=\"https:\/\/i0.wp.com\/mediaguinee.com\/wp-content\/uploads\/2024\/08\/IMG_3293.jpeg?w=719&amp;ssl=1\" class=\"attachment-post-thumbnail size-post-thumbnail wp-post-image\" alt=\"\" decoding=\"async\" srcset=\"https:\/\/i0.wp.com\/mediaguinee.com\/wp-content\/uploads\/2024\/08\/IMG_3293.jpeg?w=719&amp;ssl=1 719w, https:\/\/i0.wp.com\/mediaguinee.com\/wp-content\/uploads\/2024\/08\/IMG_3293.jpeg?resize=300%2C265&amp;ssl=1 300w\" sizes=\"(max-width: 719px) 100vw, 719px\" data-attachment-id=\"264823\" data-permalink=\"https:\/\/mediaguinee.com\/2024\/08\/guinee-quand-la-richesse-de-la-guinee-nefface-pas-la-pauvrete-de-son-peuple-abdoulaye-dabo\/img_3293\/\" data-orig-file=\"https:\/\/i0.wp.com\/mediaguinee.com\/wp-content\/uploads\/2024\/08\/IMG_3293.jpeg?fit=719%2C634&amp;ssl=1\" data-orig-size=\"719,634\" data-comments-opened=\"1\" data-image-meta='{\"aperture\":\"0\",\"credit\":\"\",\"camera\":\"\",\"caption\":\"\",\"created_timestamp\":\"0\",\"copyright\":\"\",\"focal_length\":\"0\",\"iso\":\"0\",\"shutter_speed\":\"0\",\"title\":\"\",\"orientation\":\"1\"}' data-image-title=\"IMG_3293\" data-image-description=\"\" data-image-caption=\"\" data-medium-file=\"https:\/\/i0.wp.com\/mediaguinee.com\/wp-content\/uploads\/2024\/08\/IMG_3293.jpeg?fit=300%2C265&amp;ssl=1\" data-large-file=\"https:\/\/i0.wp.com\/mediaguinee.com\/wp-content\/uploads\/2024\/08\/IMG_3293.jpeg?fit=719%2C634&amp;ssl=1\" tabindex=\"0\" role=\"button\"><\/div>\n<p class=\"s3\"><span class=\"s5\"><span class=\"bumpedFont15\">La<\/span><\/span><span class=\"s5\"><span class=\"bumpedFont15\"> r\u00e9publique de Guin\u00e9e est un pays de paradoxe. La population croupit dans la pauvret\u00e9 alors que le pays <\/span><\/span><span class=\"s5\"><span class=\"bumpedFont15\">poss\u00e8de un potentiel \u00e9conomique consid\u00e9rable qui<\/span><\/span><span class=\"s5\"><span class=\"bumpedFont15\">, judicieusement exploit\u00e9e,<\/span><\/span><span class=\"s5\"><span class=\"bumpedFont15\"> pourrait contribuer <\/span><\/span><span class=\"s5\"><span class=\"bumpedFont15\">au d\u00e9veloppement harmonieux<\/span><\/span><span class=\"s5\"><span class=\"bumpedFont15\"> et prosp\u00e8re<\/span><\/span><span class=\"s5\"><span class=\"bumpedFont15\"> de toute la nation<\/span><\/span><span class=\"s5\"><span class=\"bumpedFont15\">.<\/span><\/span><\/p>\n<p class=\"s4\">\n<p class=\"s4\"><span class=\"s5\"><span class=\"bumpedFont15\">En effet, <\/span><\/span><span class=\"s5\"><span class=\"bumpedFont15\">de l\u2019ind\u00e9pendance \u00e0 nos<\/span><\/span><span class=\"s5\"><span class=\"bumpedFont15\"> jours<\/span><\/span><span class=\"s5\"><span class=\"bumpedFont15\">, de nombreux<\/span><\/span><span class=\"s5\"><span class=\"bumpedFont15\">r\u00e9gimes<\/span><\/span><span class=\"s5\"><span class=\"bumpedFont15\"> se<\/span><\/span><span class=\"s5\"><span class=\"bumpedFont15\"> sont<\/span><\/span> <span class=\"s5\"><span class=\"bumpedFont15\">succ\u00e9d\u00e9<\/span><\/span><span class=\"s5\"><span class=\"bumpedFont15\"> et les pro<\/span><\/span><span class=\"s5\"><span class=\"bumpedFont15\">m<\/span><\/span><span class=\"s5\"><span class=\"bumpedFont15\">esses de <\/span><\/span><span class=\"s5\"><span class=\"bumpedFont15\">bien-\u00eatre<\/span><\/span><span class=\"s5\"><span class=\"bumpedFont15\">collectif <\/span><\/span><span class=\"s5\"><span class=\"bumpedFont15\">ont enfl\u00e9 tous les discours politiques sans se traduire dans les faits. D\u00e9sabus\u00e9e, la<\/span><\/span><span class=\"s5\"><span class=\"bumpedFont15\"> population s\u2019interroge sur l<\/span><\/span><span class=\"s5\"><span class=\"bumpedFont15\">es causes du contraste<\/span><\/span><span class=\"s5\"><span class=\"bumpedFont15\"> entre l\u2019abondance des ressources naturelles et le niveau de pauvret\u00e9. <\/span><\/span><\/p>\n<p class=\"s4\">\n<p class=\"s4\"><span class=\"s5\"><span class=\"bumpedFont15\">En ce<\/span><\/span><span class=\"s5\"><span class=\"bumpedFont15\"> 21\u00e8me si\u00e8cle, le d\u00e9bat sur le d\u00e9veloppement se concentre encore<\/span><\/span><span class=\"s5\"><span class=\"bumpedFont15\"> dans le pays<\/span><\/span><span class=\"s5\"><span class=\"bumpedFont15\"> sur l\u2019approvisionnement ad\u00e9quat et continu en<\/span><\/span><span class=\"s5\"><span class=\"bumpedFont15\"> eau potable et en<\/span><\/span><span class=\"s5\"><span class=\"bumpedFont15\"> \u00e9lectricit\u00e9 de la capitale. Le peuple per\u00e7oit d\u00e9sormais <\/span><\/span><span class=\"s5\"><span class=\"bumpedFont15\">ces denr\u00e9es ou services publics<\/span><\/span><span class=\"s5\"><span class=\"bumpedFont15\">non pas comme un droit, mais comme un cadeau que le pouvoir <\/span><\/span><span class=\"s5\"><span class=\"bumpedFont15\">accorde<\/span><\/span><span class=\"s5\"><span class=\"bumpedFont15\"> \u00e0 une population \u00e9prouv\u00e9e.<\/span><\/span><\/p>\n<p class=\"s4\">\n<p class=\"s4\"><span class=\"s5\"><span class=\"bumpedFont15\">Tout \u00e9tranger qui atterrit dans notre pays, se pose comme premi\u00e8re question\u00a0<\/span><\/span><span class=\"s6\"><span class=\"bumpedFont15\">\u00ab\u00a0<\/span><\/span><span class=\"s6\"><span class=\"bumpedFont15\">comment il est possible de vivre dans une capitale moderne sans adress<\/span><\/span><span class=\"s6\"><span class=\"bumpedFont15\">age<\/span><\/span><span class=\"s6\"><span class=\"bumpedFont15\">, sans \u00e9lectricit\u00e9 24h\/24, sans r\u00e9seau de transport public, sans syst\u00e8me de t\u00e9l\u00e9phonie fixe, sans eau potable et sans syst\u00e8me d\u2019assainissement ad\u00e9quat<\/span><\/span><span class=\"s5\"><span class=\"bumpedFont15\">\u00a0?\u00a0\u00bb<\/span><\/span><span class=\"s5\"><span class=\"bumpedFont15\">. <\/span><\/span><span class=\"s5\"><span class=\"bumpedFont15\">Au fil du temps, il s\u2019apercevra vite que la population de la capitale est bien fondue dans la d\u00e9brouillardise pour r\u00e9pondre aux besoins plus cruciaux de nourriture et de logement. \u00a0<\/span><\/span><\/p>\n<p class=\"s7\">\n<p class=\"s4\"><span class=\"s5\"><span class=\"bumpedFont15\">De l\u2019ind\u00e9pendance jusqu\u2019\u00e0 nos jours, <\/span><\/span><span class=\"s5\"><span class=\"bumpedFont15\">les <\/span><\/span><span class=\"s5\"><span class=\"bumpedFont15\">investissement<\/span><\/span><span class=\"s5\"><span class=\"bumpedFont15\">s publics sont rest\u00e9s en de\u00e7\u00e0 des besoins imm\u00e9diats et futurs. Pire, les choix des infrastructures \u00e0 r\u00e9aliser a toujours \u00e9t\u00e9 \u00e9maill\u00e9 de consid\u00e9rations politiques. Point de <\/span><\/span><span class=\"s5\"><span class=\"bumpedFont15\">m\u00e9rite<\/span><\/span><span class=\"s5\"><span class=\"bumpedFont15\"> pour <\/span><\/span><span class=\"s5\"><span class=\"bumpedFont15\">les citoyens<\/span><\/span><span class=\"s5\"><span class=\"bumpedFont15\">.<\/span><\/span><span class=\"s5\"><span class=\"bumpedFont15\"> Tout est cadeau du Pr\u00e9sident de la R\u00e9publique. \u00a0Cette situation a contraint les citoyens \u00e0 prendre de l\u2019avance sur l\u2019Etat pour se doter les services sociaux de base aux qualit\u00e9s souvent peu acceptables.<\/span><\/span><\/p>\n<p class=\"s4\">\n<p class=\"s4\"><span class=\"s5\"><span class=\"bumpedFont15\">Au cours des deux derni\u00e8res d\u00e9cennies, nos diff\u00e9rents <\/span><\/span><span class=\"s5\"><span class=\"bumpedFont15\">Chefs d\u2019Etat<\/span><\/span><span class=\"s5\"><span class=\"bumpedFont15\"> ont initi\u00e9 des programmes pr\u00e9sidentiels<\/span><\/span><span class=\"s5\"><span class=\"bumpedFont15\">, parall\u00e8les au<\/span><\/span><span class=\"s5\"><span class=\"bumpedFont15\">x<\/span><\/span><span class=\"s5\"><span class=\"bumpedFont15\"> programme<\/span><\/span><span class=\"s5\"><span class=\"bumpedFont15\">s<\/span><\/span><span class=\"s5\"><span class=\"bumpedFont15\"> du Gouvernement,<\/span><\/span><span class=\"s5\"><span class=\"bumpedFont15\"> pour montrer \u00e0 la population que le pr\u00e9sident se soucie plus de leur sort<\/span><\/span><span class=\"s5\"><span class=\"bumpedFont15\"> plus que<\/span><\/span><span class=\"s5\"><span class=\"bumpedFont15\"> le gouvernement <\/span><\/span><span class=\"s5\"><span class=\"bumpedFont15\">qu\u2019il a lui-m\u00eame mis <\/span><\/span><span class=\"s5\"><span class=\"bumpedFont15\">en place. Cela a entra\u00een\u00e9 une duplication des structures \u00e9tatiques, cr\u00e9ant des inefficacit\u00e9s et des conflits de comp\u00e9tences. Il est important de rappeler que la pr\u00e9sidence ne doit en aucun cas \u00eatre une structure de gestion, mais plut\u00f4t une structure <\/span><\/span><span class=\"s5\"><span class=\"bumpedFont15\">de d\u00e9cision et d\u2019orientation<\/span><\/span><span class=\"s5\"><span class=\"bumpedFont15\">.<\/span><\/span><\/p>\n<p class=\"s4\">\n<p class=\"s4\"><span class=\"s5\"><span class=\"bumpedFont15\">Il est incompr\u00e9hensible <\/span><\/span><span class=\"s5\"><span class=\"bumpedFont15\">qu\u2019il soit mis<\/span><\/span><span class=\"s5\"><span class=\"bumpedFont15\"> en place un gouvernement <\/span><\/span><span class=\"s5\"><span class=\"bumpedFont15\">et<\/span><\/span><span class=\"s5\"><span class=\"bumpedFont15\"> cr\u00e9<\/span><\/span><span class=\"s5\"><span class=\"bumpedFont15\">er<\/span><\/span><span class=\"s5\"><span class=\"bumpedFont15\"> une structure parall\u00e8le \u00e0 <\/span><\/span><span class=\"s5\"><span class=\"bumpedFont15\">la primature et \u00e0 la pr\u00e9sidence de la r\u00e9publique<\/span><\/span><span class=\"s5\"><span class=\"bumpedFont15\">. <\/span><\/span><span class=\"s5\"><span class=\"bumpedFont15\">Cette configuration donne une pr\u00e9potence aux conseillers et cadres relavant de la pr\u00e9sidence sur les membres du Gouvernement<\/span><\/span><span class=\"s5\"><span class=\"bumpedFont15\">. <\/span><\/span><\/p>\n<p class=\"s4\">\n<p class=\"s4\"><span class=\"s5\"><span class=\"bumpedFont15\">La duplication des structures de d\u00e9cision et de coordination biaise la visibilit\u00e9 des <\/span><\/span><span class=\"s5\"><span class=\"bumpedFont15\">programme<\/span><\/span><span class=\"s5\"><span class=\"bumpedFont15\">s<\/span><\/span><span class=\"s5\"><span class=\"bumpedFont15\"> de d\u00e9veloppement<\/span><\/span><span class=\"s5\"><span class=\"bumpedFont15\">.<\/span><\/span> <span class=\"s5\"><span class=\"bumpedFont15\">Il ne sert \u00e0 rien de recruter des experts pour \u00e9laborer des plans de d\u00e9veloppement copier-coller sans un management responsable. <\/span><\/span><span class=\"s5\"><span class=\"bumpedFont15\">Toute intervention \u00ab\u00a0urgente<\/span><\/span><span class=\"s5\"><span class=\"bumpedFont15\"> \u00bb sans<\/span><\/span><span class=\"s5\"><span class=\"bumpedFont15\"> une \u00e9tude s\u00e9rieuse<\/span><\/span><span class=\"s5\"><span class=\"bumpedFont15\"> qui prendrait en compte<\/span><\/span> <span class=\"s5\"><span class=\"bumpedFont15\">les<\/span><\/span><span class=\"s5\"><span class=\"bumpedFont15\"> r\u00e9alit\u00e9s<\/span><\/span> <span class=\"s5\"><span class=\"bumpedFont15\">du moments<\/span><\/span><span class=\"s5\"><span class=\"bumpedFont15\"> et <\/span><\/span><span class=\"s5\"><span class=\"bumpedFont15\">les<\/span><\/span><span class=\"s5\"><span class=\"bumpedFont15\">besoins<\/span><\/span><span class=\"s5\"><span class=\"bumpedFont15\"> \u00e0 satisfaire ne produira que des b\u00e9n\u00e9fices \u00e9ph\u00e9m\u00e8res<\/span><\/span><span class=\"s5\"><span class=\"bumpedFont15\">. <\/span><\/span><\/p>\n<p class=\"s4\">\n<p class=\"s4\"><span class=\"s5\"><span class=\"bumpedFont15\">Les mod\u00e8les import\u00e9s d\u2019ailleurs ont du mal \u00e0 fonctionner dans le contexte guin\u00e9en car <\/span><\/span><span class=\"s5\"><span class=\"bumpedFont15\">Il n\u2019y a pas de sch\u00e9ma unique pour b\u00e2tir une nation. Chaque nation a ses propres r\u00e9alit\u00e9s. Toutes les actions que le gouvernement <\/span><\/span><span class=\"s5\"><span class=\"bumpedFont15\">doi<\/span><\/span><span class=\"s5\"><span class=\"bumpedFont15\">ven<\/span><\/span><span class=\"s5\"><span class=\"bumpedFont15\">t<\/span><\/span><span class=\"s5\"><span class=\"bumpedFont15\"> entreprendre doivent<\/span><\/span><span class=\"s5\"><span class=\"bumpedFont15\"> donc<\/span><\/span><span class=\"s5\"><span class=\"bumpedFont15\"> \u00eatre orient\u00e9es vers les besoins r\u00e9els de la population. <\/span><\/span><\/p>\n<p class=\"s7\">\n<p class=\"s4\"><span class=\"s5\"><span class=\"bumpedFont15\">En <\/span><\/span><span class=\"s5\"><span class=\"bumpedFont15\">somme<\/span><\/span><span class=\"s5\"><span class=\"bumpedFont15\">, l<\/span><\/span><span class=\"s5\"><span class=\"bumpedFont15\">\u2019immensit\u00e9 du<\/span><\/span><span class=\"s5\"><span class=\"bumpedFont15\"> potentiel \u00e9conomique de la Guin\u00e9e est <\/span><\/span><span class=\"s5\"><span class=\"bumpedFont15\">connue de tous<\/span><\/span><span class=\"s5\"><span class=\"bumpedFont15\">. Cependant, pour que ce potentiel se traduise en d\u00e9veloppement <\/span><\/span><span class=\"s5\"><span class=\"bumpedFont15\">pour<\/span><\/span><span class=\"s5\"><span class=\"bumpedFont15\">am\u00e9lior<\/span><\/span><span class=\"s5\"><span class=\"bumpedFont15\">er<\/span><\/span> <span class=\"s5\"><span class=\"bumpedFont15\">l<\/span><\/span><span class=\"s5\"><span class=\"bumpedFont15\">es conditions de vie<\/span><\/span><span class=\"s5\"><span class=\"bumpedFont15\"> des citoyens du pays<\/span><\/span><span class=\"s5\"><span class=\"bumpedFont15\">, une gestion<\/span><\/span><span class=\"s5\"><span class=\"bumpedFont15\"> transparente, rigoureuse<\/span><\/span><span class=\"s5\"><span class=\"bumpedFont15\"> et strat\u00e9gique des ressources <\/span><\/span><span class=\"s5\"><span class=\"bumpedFont15\">s\u2019impose<\/span><\/span><span class=\"s5\"><span class=\"bumpedFont15\">. Il est <\/span><\/span><span class=\"s5\"><span class=\"bumpedFont15\">urgent<\/span><\/span><span class=\"s5\"><span class=\"bumpedFont15\"> de sortir des approches politiques de court terme et de mettre en place des politiques de d\u00e9veloppement<\/span><\/span><span class=\"s5\"><span class=\"bumpedFont15\"> sur le long terme<\/span><\/span><span class=\"s5\"><span class=\"bumpedFont15\">, ax\u00e9es sur les besoins <\/span><\/span><span class=\"s5\"><span class=\"bumpedFont15\">actuels<\/span><\/span><span class=\"s5\"><span class=\"bumpedFont15\"> et futurs de la population. Seule une telle approche permettra \u00e0 la Guin\u00e9e de r\u00e9aliser son <\/span><\/span><span class=\"s5\"><span class=\"bumpedFont15\">r\u00eave<\/span><\/span><span class=\"s5\"><span class=\"bumpedFont15\"> de devenir une nation prosp\u00e8re et harmonieuse.<\/span><\/span><\/p>\n<p><strong><span class=\"s5\"><span class=\"bumpedFont15\">Abdoulaye DABO<\/span><\/span><\/strong><\/p>\n<p>L\u2019article <a href=\"https:\/\/mediaguinee.com\/2024\/08\/guinee-quand-la-richesse-de-la-guinee-nefface-pas-la-pauvrete-de-son-peuple-abdoulaye-dabo\/\">Guin\u00e9e : Quand la richesse de la Guin\u00e9e n\u2019efface pas la pauvret\u00e9 de son peuple [Abdoulaye Dabo]<\/a> est apparu en premier sur <a href=\"https:\/\/mediaguinee.com\/\">Mediaguinee.com<\/a>.<\/p>\n<\/div>\n","protected":false},"excerpt":{"rendered":"<p>La r\u00e9publique de Guin\u00e9e est un pays de paradoxe. La population croupit dans la pauvret\u00e9 alors que le pays poss\u00e8de un potentiel \u00e9conomique consid\u00e9rable qui, judicieusement exploit\u00e9e, pourrait contribuer au d\u00e9veloppement harmonieux et prosp\u00e8re de toute la nation. En effet, de l\u2019ind\u00e9pendance \u00e0 nos jours, de nombreuxr\u00e9gimes se sont succ\u00e9d\u00e9 et les promesses de bien-\u00eatrecollectif &hellip;<\/p>\n","protected":false},"author":1,"featured_media":0,"comment_status":"closed","ping_status":"closed","sticky":false,"template":"","format":"standard","meta":{"footnotes":""},"categories":[2],"tags":[23],"_links":{"self":[{"href":"https:\/\/sn.ambaguinee.org\/index.php?rest_route=\/wp\/v2\/posts\/69211"}],"collection":[{"href":"https:\/\/sn.ambaguinee.org\/index.php?rest_route=\/wp\/v2\/posts"}],"about":[{"href":"https:\/\/sn.ambaguinee.org\/index.php?rest_route=\/wp\/v2\/types\/post"}],"author":[{"embeddable":true,"href":"https:\/\/sn.ambaguinee.org\/index.php?rest_route=\/wp\/v2\/users\/1"}],"replies":[{"embeddable":true,"href":"https:\/\/sn.ambaguinee.org\/index.php?rest_route=%2Fwp%2Fv2%2Fcomments&post=69211"}],"version-history":[{"count":0,"href":"https:\/\/sn.ambaguinee.org\/index.php?rest_route=\/wp\/v2\/posts\/69211\/revisions"}],"wp:attachment":[{"href":"https:\/\/sn.ambaguinee.org\/index.php?rest_route=%2Fwp%2Fv2%2Fmedia&parent=69211"}],"wp:term":[{"taxonomy":"category","embeddable":true,"href":"https:\/\/sn.ambaguinee.org\/index.php?rest_route=%2Fwp%2Fv2%2Fcategories&post=69211"},{"taxonomy":"post_tag","embeddable":true,"href":"https:\/\/sn.ambaguinee.org\/index.php?rest_route=%2Fwp%2Fv2%2Ftags&post=69211"}],"curies":[{"name":"wp","href":"https:\/\/api.w.org\/{rel}","templated":true}]}}