{"id":69302,"date":"2024-08-29T08:01:35","date_gmt":"2024-08-29T06:01:35","guid":{"rendered":"https:\/\/sn.ambaguinee.org\/?p=69302"},"modified":"2024-08-29T08:01:35","modified_gmt":"2024-08-29T06:01:35","slug":"interview-le-dg-de-lagence-nationale-de-la-meteorologie-parle-de-possibles-nouveaux-cas-dinondations","status":"publish","type":"post","link":"https:\/\/sn.ambaguinee.org\/?p=69302","title":{"rendered":"Interview- le DG de l\u2019Agence nationale de la M\u00e9t\u00e9orologie parle de possibles nouveaux cas d\u2019inondations\u2026"},"content":{"rendered":"<div>\n<div style=\"margin-bottom:20px;\"><img width=\"1020\" height=\"574\"src=\"https:\/\/i0.wp.com\/mediaguinee.com\/wp-content\/uploads\/2024\/08\/e5efabfa-5580-43b1-b1ac-9fd9fb7c945f.jpeg?w=1020&amp;ssl=1\" class=\"attachment-post-thumbnail size-post-thumbnail wp-post-image\" alt=\"\" decoding=\"async\" srcset=\"https:\/\/i0.wp.com\/mediaguinee.com\/wp-content\/uploads\/2024\/08\/e5efabfa-5580-43b1-b1ac-9fd9fb7c945f.jpeg?w=1020&amp;ssl=1 1020w, https:\/\/i0.wp.com\/mediaguinee.com\/wp-content\/uploads\/2024\/08\/e5efabfa-5580-43b1-b1ac-9fd9fb7c945f.jpeg?resize=300%2C169&amp;ssl=1 300w, https:\/\/i0.wp.com\/mediaguinee.com\/wp-content\/uploads\/2024\/08\/e5efabfa-5580-43b1-b1ac-9fd9fb7c945f.jpeg?resize=768%2C432&amp;ssl=1 768w\" sizes=\"(max-width: 1020px) 100vw, 1020px\" data-attachment-id=\"264972\" data-permalink=\"https:\/\/mediaguinee.com\/2024\/08\/interview-le-dg-de-lagence-nationale-de-la-meteorologie-parle-de-possibles-nouveaux-cas-dinondations\/e5efabfa-5580-43b1-b1ac-9fd9fb7c945f\/\" data-orig-file=\"https:\/\/i0.wp.com\/mediaguinee.com\/wp-content\/uploads\/2024\/08\/e5efabfa-5580-43b1-b1ac-9fd9fb7c945f.jpeg?fit=1020%2C574&amp;ssl=1\" data-orig-size=\"1020,574\" data-comments-opened=\"1\" data-image-meta='{\"aperture\":\"0\",\"credit\":\"\",\"camera\":\"\",\"caption\":\"\",\"created_timestamp\":\"1724855958\",\"copyright\":\"\",\"focal_length\":\"0\",\"iso\":\"0\",\"shutter_speed\":\"0\",\"title\":\"\",\"orientation\":\"1\"}' data-image-title=\"e5efabfa-5580-43b1-b1ac-9fd9fb7c945f\" data-image-description=\"\" data-image-caption=\"\" data-medium-file=\"https:\/\/i0.wp.com\/mediaguinee.com\/wp-content\/uploads\/2024\/08\/e5efabfa-5580-43b1-b1ac-9fd9fb7c945f.jpeg?fit=300%2C169&amp;ssl=1\" data-large-file=\"https:\/\/i0.wp.com\/mediaguinee.com\/wp-content\/uploads\/2024\/08\/e5efabfa-5580-43b1-b1ac-9fd9fb7c945f.jpeg?fit=1020%2C574&amp;ssl=1\" tabindex=\"0\" role=\"button\"><\/div>\n<p style=\"font-weight: 400;\">Ces derniers temps, de fortes pluies s\u2019abattent sur la Guin\u00e9e, occasionnant de nombreux cas d\u2019inondations dans la capitale. Pour en savoir plus sur l\u2019origine de ces inondations qui ont enregistr\u00e9 plusieurs morts et des d\u00e9g\u00e2ts mat\u00e9riels importants \u00e0 Conakry et environs, notre r\u00e9daction est all\u00e9e \u00e0 la rencontre, ce mercredi 28 ao\u00fbt 2024, du Directeur g\u00e9n\u00e9ral de l\u2019Agence nationale de la M\u00e9t\u00e9orologie, Dr Ren\u00e9 Tato Loua. <strong>Vid\u00e9o<\/strong><imgsrc=\"\" alt=\"\ud83d\udd3b\" class=\"wp-smiley\" style=\"height: 1em; max-height: 1em;\"><\/p>\n<p><iframe loading=\"lazy\" title=\"Guin\u00e9e : le DG de la M\u00e9t\u00e9o alerte sur l'intensit\u00e9 des pluies et des possibles cas d'inondations...\" frameborder=\"0\" width=\"1170\" height=\"662\" src=\"https:\/\/geo.dailymotion.com\/player.html?video=x94rwok&amp;\" allowfullscreen allow=\"autoplay; fullscreen; picture-in-picture; web-share\"><\/iframe><\/p>\n<p>\u00a0<\/p>\n<p style=\"font-weight: 400;\"><strong><span data-originalfontsize=\"20pt\" data-originalcomputedfontsize=\"26.666666\">Mediaguinee : <em data-removefontsize=\"true\" data-originalcomputedfontsize=\"26.666666\">Dr Loua Ren\u00e9 Tato, vous n\u2019\u00eates pas sans savoir que ces derniers jours, de nombreux cas d\u2019inondations ont \u00e9t\u00e9 enregistr\u00e9s dans le pays, plus pr\u00e9cis\u00e9ment \u00e0 Conakry et ses environs. Sont-ils le fait d\u2019un d\u00e9r\u00e8glement climatique ou l\u2019anarchie de l\u2019habitat?\u00a0<\/em><\/span><\/strong><\/p>\n<p style=\"font-weight: 400;\"><strong><span data-originalfontsize=\"20pt\" data-originalcomputedfontsize=\"26.666666\">Dr Loua Ren\u00e9 Tato<\/span><\/strong><span data-originalfontsize=\"20pt\" data-originalcomputedfontsize=\"26.666666\">\u00a0: Ces faits sont les effets conjugu\u00e9s de tous ces \u00e9l\u00e9ments. C\u2019est-\u00e0-dire il y a le d\u00e9r\u00e8glement climatique mais aussi il y a les constructions anarchiques. Ensuite, il y a la construction des habitats pr\u00e9caires dans les zones inondables et aussi des constructions qui ne sont pas adapt\u00e9es. Parce que le changement climatique est d\u00e9j\u00e0 pr\u00e9sent, c\u2019est vrai, \u00e7a fait des cons\u00e9quences mais il faut savoir s\u2019adapter. Donc,\u00a0 tous ces \u00e9l\u00e9ments sont pris en compte dans ce qui arrive.\u00a0<\/span><\/p>\n<blockquote>\n<h4 style=\"font-weight: 400;\"><span data-originalfontsize=\"20pt\" data-originalcomputedfontsize=\"26.666666\">\u00ab\u00a0<strong><em data-removefontsize=\"true\" data-originalcomputedfontsize=\"26.666666\">C\u2019est un syst\u00e8me qui est entr\u00e9 depuis hier matin mercredi 27 ao\u00fbt vers l\u2019est du pays et qui a pu traverser le pays. Et, toute la nuit, il \u00e9tait sur la Moyenne Guin\u00e9e. Pr\u00e9sentement il est sur la Moyenne Guin\u00e9e avec une partie de la Basse C\u00f4te avec une intensification consid\u00e9rable. Donc, ce syst\u00e8me est en train de progresser vers l\u2019oc\u00e9an et pourrait causer des cas d\u2019inondations dans les zones inondables s\u2019il continue \u00e0 s\u2019intensifier<\/em><\/strong>\u00ab\u00a0.<\/span><\/h4>\n<\/blockquote>\n<p style=\"font-weight: 400;\"><em>\u00a0<\/em><\/p>\n<p style=\"font-weight: 400;\"><strong><span data-originalfontsize=\"20pt\" data-originalcomputedfontsize=\"26.666666\">Mediaguinee\u00a0: <em data-removefontsize=\"true\" data-originalcomputedfontsize=\"26.666666\">Peut-on s\u2019attendre \u00e0 d\u2019autres cas d\u2019inondations dans les heures et jours \u00e0 venir?<\/em><\/span><\/strong><\/p>\n<p style=\"font-weight: 400;\"><strong><span data-originalfontsize=\"20pt\" data-originalcomputedfontsize=\"26.666666\">Dr Loua Ren\u00e9 Tato\u00a0<\/span><\/strong><span data-originalfontsize=\"20pt\" data-originalcomputedfontsize=\"26.666666\">: Evidemment parce que nous sommes dans la saison des pluies et qui continue toujours. Apr\u00e8s le mois d\u2019ao\u00fbt, il y a septembre qui arrive et c\u2019est vers fin octobre que les pluies vont commencer \u00e0 diminuer. Bien s\u00fbr, avec d\u2019autres caract\u00e9ristiques comme l\u2019intensit\u00e9 des orages et les vents violents aussi. On n\u2019est pas encore en fin de saison, il ne faut pas exclure des cas d\u2019inondations dans son programme. A partir du moment o\u00f9 d\u2019ailleurs le changement climatique provoque des changements brusques dans le comportement des syst\u00e8mes, vous constatez d\u00e9j\u00e0 que depuis hier soir, l\u2019Agence nationale de la M\u00e9t\u00e9orologie a \u00e9mis une alerte qui est m\u00eame pr\u00e9sentement en cours. Vous voyez, il pleut \u00e9norm\u00e9ment et \u00e7a va m\u00eame d\u2019ailleurs s\u2019intensifier. C\u2019est un syst\u00e8me qui est entr\u00e9 depuis hier matin mardi 27 ao\u00fbt vers l\u2019est du pays et qui a pu traverser le pays. Et, toute la nuit, il \u00e9tait sur la Moyenne Guin\u00e9e. Pr\u00e9sentement, il est sur la Moyenne Guin\u00e9e avec une partie de la Basse C\u00f4te, avec une intensification consid\u00e9rable. Donc, ce syst\u00e8me est en train de progresser vers l\u2019oc\u00e9an et pourrait causer des cas d\u2019inondations dans les zones inondables s\u2019il continue \u00e0 s\u2019intensifier.<\/span><\/p>\n<blockquote>\n<h4 style=\"font-weight: 400;\"><span data-originalfontsize=\"20pt\" data-originalcomputedfontsize=\"26.666666\">\u00ab\u00a0<strong data-removefontsize=\"true\" data-originalcomputedfontsize=\"26.666666\">Ceux qui habitent dans les bas quartiers, c\u2019est \u00e0 dire dans les zones inondables, c\u2019est de faire tr\u00e8s attention, d\u2019\u00eatre tr\u00e8s prudents\u00a0\u00bb<\/strong><\/span><\/h4>\n<\/blockquote>\n<p style=\"font-weight: 400;\"><strong><span data-originalfontsize=\"20pt\" data-originalcomputedfontsize=\"26.666666\">Mediaguinee\u00a0: <em data-removefontsize=\"true\" data-originalcomputedfontsize=\"26.666666\">Quel message avez-vous \u00e0 lancer \u00e0 l\u2019endroit des populations?<\/em><\/span><\/strong><\/p>\n<p style=\"font-weight: 400;\"><em>\u00a0<\/em><\/p>\n<p style=\"font-weight: 400;\"><strong><span data-originalfontsize=\"20pt\" data-originalcomputedfontsize=\"26.666666\">Dr Loua Ren\u00e9 Tato : <\/span><\/strong><span data-originalfontsize=\"20pt\" data-originalcomputedfontsize=\"26.666666\">D\u00e9j\u00e0, c\u2019est d\u2019\u00eatre prudent dans les d\u00e9placements et de savoir que les voies qu\u2019on empreinte aussi. Ceux qui habitent dans les bas quartiers, c\u2019est \u00e0 dire dans les zones inondables, c\u2019est de faire tr\u00e8s attention, d\u2019\u00eatre tr\u00e8s prudent. Et, d\u2019\u00eatre en contact avec les services charg\u00e9s de g\u00e9rer les catastrophes parce que ce sont ceux-l\u00e0 qui ont la possibilit\u00e9 d\u2019agir directement avec eux sur le terrain. Et, ils peuvent suivre l\u2019\u00e9volution de la situation avec la m\u00e9t\u00e9o qui ne manque pas de mettre \u00e0 jour les informations.<\/span><\/p>\n<p style=\"font-weight: 400;\"><strong><span data-originalfontsize=\"20pt\" data-originalcomputedfontsize=\"26.666666\">Interview r\u00e9alis\u00e9e par Elisa Camara\u00a0<\/span><\/strong><\/p>\n<p style=\"font-weight: 400;\"><strong><span data-originalfontsize=\"20pt\" data-originalcomputedfontsize=\"26.666666\">00224654957322<\/span><\/strong><\/p>\n<p>L\u2019article <a href=\"https:\/\/mediaguinee.com\/2024\/08\/interview-le-dg-de-lagence-nationale-de-la-meteorologie-parle-de-possibles-nouveaux-cas-dinondations\/\">Interview- le DG de l\u2019Agence nationale de la M\u00e9t\u00e9orologie parle de possibles nouveaux cas d\u2019inondations\u2026<\/a> est apparu en premier sur <a href=\"https:\/\/mediaguinee.com\/\">Mediaguinee.com<\/a>.<\/p>\n<\/div>\n","protected":false},"excerpt":{"rendered":"<p>Ces derniers temps, de fortes pluies s\u2019abattent sur la Guin\u00e9e, occasionnant de nombreux cas d\u2019inondations dans la capitale. Pour en savoir plus sur l\u2019origine de ces inondations qui ont enregistr\u00e9 plusieurs morts et des d\u00e9g\u00e2ts mat\u00e9riels importants \u00e0 Conakry et environs, notre r\u00e9daction est all\u00e9e \u00e0 la rencontre, ce mercredi 28 ao\u00fbt 2024, du Directeur &hellip;<\/p>\n","protected":false},"author":1,"featured_media":0,"comment_status":"closed","ping_status":"closed","sticky":false,"template":"","format":"standard","meta":{"footnotes":""},"categories":[2],"tags":[23],"_links":{"self":[{"href":"https:\/\/sn.ambaguinee.org\/index.php?rest_route=\/wp\/v2\/posts\/69302"}],"collection":[{"href":"https:\/\/sn.ambaguinee.org\/index.php?rest_route=\/wp\/v2\/posts"}],"about":[{"href":"https:\/\/sn.ambaguinee.org\/index.php?rest_route=\/wp\/v2\/types\/post"}],"author":[{"embeddable":true,"href":"https:\/\/sn.ambaguinee.org\/index.php?rest_route=\/wp\/v2\/users\/1"}],"replies":[{"embeddable":true,"href":"https:\/\/sn.ambaguinee.org\/index.php?rest_route=%2Fwp%2Fv2%2Fcomments&post=69302"}],"version-history":[{"count":0,"href":"https:\/\/sn.ambaguinee.org\/index.php?rest_route=\/wp\/v2\/posts\/69302\/revisions"}],"wp:attachment":[{"href":"https:\/\/sn.ambaguinee.org\/index.php?rest_route=%2Fwp%2Fv2%2Fmedia&parent=69302"}],"wp:term":[{"taxonomy":"category","embeddable":true,"href":"https:\/\/sn.ambaguinee.org\/index.php?rest_route=%2Fwp%2Fv2%2Fcategories&post=69302"},{"taxonomy":"post_tag","embeddable":true,"href":"https:\/\/sn.ambaguinee.org\/index.php?rest_route=%2Fwp%2Fv2%2Ftags&post=69302"}],"curies":[{"name":"wp","href":"https:\/\/api.w.org\/{rel}","templated":true}]}}