{"id":69782,"date":"2024-09-13T02:16:12","date_gmt":"2024-09-13T00:16:12","guid":{"rendered":"https:\/\/sn.ambaguinee.org\/?p=69782"},"modified":"2024-09-13T02:16:12","modified_gmt":"2024-09-13T00:16:12","slug":"le-president-doumbouya-nomme-ses-anciens-ministres-yaya-sow-et-seydouba-soumah-a-la-presidence","status":"publish","type":"post","link":"https:\/\/sn.ambaguinee.org\/?p=69782","title":{"rendered":"Le pr\u00e9sident Doumbouya nomme ses anciens ministres Yaya Sow et Seydouba Soumah \u00e0 la Pr\u00e9sidence"},"content":{"rendered":"<div>\n<div style=\"margin-bottom:20px;\"><img width=\"1920\" height=\"1280\"src=\"https:\/\/i0.wp.com\/mediaguinee.com\/wp-content\/uploads\/2024\/05\/IMG_7986.jpeg?w=1920&amp;ssl=1\" class=\"attachment-post-thumbnail size-post-thumbnail wp-post-image\" alt=\"\" decoding=\"async\" srcset=\"https:\/\/i0.wp.com\/mediaguinee.com\/wp-content\/uploads\/2024\/05\/IMG_7986.jpeg?w=1920&amp;ssl=1 1920w, https:\/\/i0.wp.com\/mediaguinee.com\/wp-content\/uploads\/2024\/05\/IMG_7986.jpeg?resize=300%2C200&amp;ssl=1 300w, https:\/\/i0.wp.com\/mediaguinee.com\/wp-content\/uploads\/2024\/05\/IMG_7986.jpeg?resize=1024%2C683&amp;ssl=1 1024w, https:\/\/i0.wp.com\/mediaguinee.com\/wp-content\/uploads\/2024\/05\/IMG_7986.jpeg?resize=768%2C512&amp;ssl=1 768w, https:\/\/i0.wp.com\/mediaguinee.com\/wp-content\/uploads\/2024\/05\/IMG_7986.jpeg?resize=1536%2C1024&amp;ssl=1 1536w\" sizes=\"(max-width: 1920px) 100vw, 1920px\" data-attachment-id=\"256981\" data-permalink=\"https:\/\/mediaguinee.com\/2024\/05\/armee-doumbouya-cree-lecole-de-lair-lumc-et-fixe-le-fonctionnement-de-larmee-de-lair\/img_7986\/\" data-orig-file=\"https:\/\/i0.wp.com\/mediaguinee.com\/wp-content\/uploads\/2024\/05\/IMG_7986.jpeg?fit=1920%2C1280&amp;ssl=1\" data-orig-size=\"1920,1280\" data-comments-opened=\"1\" data-image-meta='{\"aperture\":\"0\",\"credit\":\"\",\"camera\":\"\",\"caption\":\"\",\"created_timestamp\":\"0\",\"copyright\":\"\",\"focal_length\":\"0\",\"iso\":\"0\",\"shutter_speed\":\"0\",\"title\":\"\",\"orientation\":\"1\"}' data-image-title=\"Doumbouya\" data-image-description=\"\" data-image-caption=\"\" data-medium-file=\"https:\/\/i0.wp.com\/mediaguinee.com\/wp-content\/uploads\/2024\/05\/IMG_7986.jpeg?fit=300%2C200&amp;ssl=1\" data-large-file=\"https:\/\/i0.wp.com\/mediaguinee.com\/wp-content\/uploads\/2024\/05\/IMG_7986.jpeg?fit=1024%2C683&amp;ssl=1\" tabindex=\"0\" role=\"button\"><\/div>\n<p>Dans un d\u00e9cret diffus\u00e9 dans la soir\u00e9e de ce jeudi, 12 septembre 2024 \u00e0 la t\u00e9l\u00e9vision nationale, le pr\u00e9sident de la transition guin\u00e9enne, le G\u00e9n\u00e9ral Mamadi Doumbouya, a proc\u00e9d\u00e9 \u00e0 la nomination de deux \u00a0de ses anciens ministres \u00e0 la Pr\u00e9sidence de la R\u00e9publique.<br \/><img decoding=\"async\" data-attachment-id=\"265943\" data-permalink=\"https:\/\/mediaguinee.com\/2024\/09\/le-president-doumbouya-nomme-ses-anciens-ministres-yaya-sow-et-seydouba-soumah-a-la-presidence-decret\/img_4221\/\" data-orig-file=\"https:\/\/i0.wp.com\/mediaguinee.com\/wp-content\/uploads\/2024\/09\/IMG_4221.jpeg?fit=1920%2C1645&amp;ssl=1\" data-orig-size=\"1920,1645\" data-comments-opened=\"1\" data-image-meta='{\"aperture\":\"0\",\"credit\":\"\",\"camera\":\"\",\"caption\":\"\",\"created_timestamp\":\"0\",\"copyright\":\"\",\"focal_length\":\"0\",\"iso\":\"0\",\"shutter_speed\":\"0\",\"title\":\"\",\"orientation\":\"1\"}' data-image-title=\"IMG_4221\" data-image-description=\"\" data-image-caption=\"\" data-medium-file=\"https:\/\/i0.wp.com\/mediaguinee.com\/wp-content\/uploads\/2024\/09\/IMG_4221.jpeg?fit=300%2C257&amp;ssl=1\" data-large-file=\"https:\/\/i0.wp.com\/mediaguinee.com\/wp-content\/uploads\/2024\/09\/IMG_4221.jpeg?fit=1024%2C877&amp;ssl=1\" tabindex=\"0\" role=\"button\" class=\"alignnone wp-image-265943 size-full\"src=\"https:\/\/i0.wp.com\/mediaguinee.com\/wp-content\/uploads\/2024\/09\/IMG_4221.jpeg?w=1920&amp;ssl=1\" alt=\"\" width=\"1170\" height=\"1002\" srcset=\"https:\/\/i0.wp.com\/mediaguinee.com\/wp-content\/uploads\/2024\/09\/IMG_4221.jpeg?w=1920&amp;ssl=1 1920w, https:\/\/i0.wp.com\/mediaguinee.com\/wp-content\/uploads\/2024\/09\/IMG_4221.jpeg?resize=300%2C257&amp;ssl=1 300w, https:\/\/i0.wp.com\/mediaguinee.com\/wp-content\/uploads\/2024\/09\/IMG_4221.jpeg?resize=1024%2C877&amp;ssl=1 1024w, https:\/\/i0.wp.com\/mediaguinee.com\/wp-content\/uploads\/2024\/09\/IMG_4221.jpeg?resize=768%2C658&amp;ssl=1 768w, https:\/\/i0.wp.com\/mediaguinee.com\/wp-content\/uploads\/2024\/09\/IMG_4221.jpeg?resize=1536%2C1316&amp;ssl=1 1536w\" sizes=\"(max-width: 1170px) 100vw, 1170px\" data-recalc-dims=\"1\">Il s\u2019agit de :<br \/>\n1- Conseiller charg\u00e9 des questions d\u2019Energie : M. Seydouba Soumah;<br \/>\n2- Conseiller charg\u00e9 des questions d\u2019Infrastructures et des Transports : M. Yaya Sow<br \/><strong>MediaGuinee<\/strong><\/p>\n<p>L\u2019article <a href=\"https:\/\/mediaguinee.com\/2024\/09\/le-president-doumbouya-nomme-ses-anciens-ministres-yaya-sow-et-seydouba-soumah-a-la-presidence-decret\/\">Le pr\u00e9sident Doumbouya nomme ses anciens ministres Yaya Sow et Seydouba Soumah \u00e0 la Pr\u00e9sidence<\/a> est apparu en premier sur <a href=\"https:\/\/mediaguinee.com\/\">Mediaguinee.com<\/a>.<\/p>\n<\/div>\n","protected":false},"excerpt":{"rendered":"<p>Dans un d\u00e9cret diffus\u00e9 dans la soir\u00e9e de ce jeudi, 12 septembre 2024 \u00e0 la t\u00e9l\u00e9vision nationale, le pr\u00e9sident de la transition guin\u00e9enne, le G\u00e9n\u00e9ral Mamadi Doumbouya, a proc\u00e9d\u00e9 \u00e0 la nomination de deux \u00a0de ses anciens ministres \u00e0 la Pr\u00e9sidence de la R\u00e9publique.Il s\u2019agit de : 1- Conseiller charg\u00e9 des questions d\u2019Energie : M. &hellip;<\/p>\n","protected":false},"author":1,"featured_media":0,"comment_status":"closed","ping_status":"closed","sticky":false,"template":"","format":"standard","meta":{"footnotes":""},"categories":[2],"tags":[23],"_links":{"self":[{"href":"https:\/\/sn.ambaguinee.org\/index.php?rest_route=\/wp\/v2\/posts\/69782"}],"collection":[{"href":"https:\/\/sn.ambaguinee.org\/index.php?rest_route=\/wp\/v2\/posts"}],"about":[{"href":"https:\/\/sn.ambaguinee.org\/index.php?rest_route=\/wp\/v2\/types\/post"}],"author":[{"embeddable":true,"href":"https:\/\/sn.ambaguinee.org\/index.php?rest_route=\/wp\/v2\/users\/1"}],"replies":[{"embeddable":true,"href":"https:\/\/sn.ambaguinee.org\/index.php?rest_route=%2Fwp%2Fv2%2Fcomments&post=69782"}],"version-history":[{"count":0,"href":"https:\/\/sn.ambaguinee.org\/index.php?rest_route=\/wp\/v2\/posts\/69782\/revisions"}],"wp:attachment":[{"href":"https:\/\/sn.ambaguinee.org\/index.php?rest_route=%2Fwp%2Fv2%2Fmedia&parent=69782"}],"wp:term":[{"taxonomy":"category","embeddable":true,"href":"https:\/\/sn.ambaguinee.org\/index.php?rest_route=%2Fwp%2Fv2%2Fcategories&post=69782"},{"taxonomy":"post_tag","embeddable":true,"href":"https:\/\/sn.ambaguinee.org\/index.php?rest_route=%2Fwp%2Fv2%2Ftags&post=69782"}],"curies":[{"name":"wp","href":"https:\/\/api.w.org\/{rel}","templated":true}]}}