{"id":69804,"date":"2024-09-14T04:58:08","date_gmt":"2024-09-14T02:58:08","guid":{"rendered":"https:\/\/sn.ambaguinee.org\/?p=69804"},"modified":"2024-09-14T04:58:08","modified_gmt":"2024-09-14T02:58:08","slug":"le-pape-estime-que-trump-anti-migrants-et-harris-qui-defend-lavortement-sont-contre-la-vie","status":"publish","type":"post","link":"https:\/\/sn.ambaguinee.org\/?p=69804","title":{"rendered":"Le pape estime que Trump, anti-migrants, et Harris, qui d\u00e9fend l\u2019avortement, sont \u00abcontre la vie\u00bb"},"content":{"rendered":"<div>\n<div style=\"margin-bottom:20px;\"><img width=\"622\" height=\"311\"src=\"https:\/\/i0.wp.com\/mediaguinee.com\/wp-content\/uploads\/2024\/09\/IMG_4256.webp?w=622&amp;ssl=1\" class=\"attachment-post-thumbnail size-post-thumbnail wp-post-image\" alt=\"\" decoding=\"async\" srcset=\"https:\/\/i0.wp.com\/mediaguinee.com\/wp-content\/uploads\/2024\/09\/IMG_4256.webp?w=622&amp;ssl=1 622w, https:\/\/i0.wp.com\/mediaguinee.com\/wp-content\/uploads\/2024\/09\/IMG_4256.webp?resize=300%2C150&amp;ssl=1 300w\" sizes=\"(max-width: 622px) 100vw, 622px\" data-attachment-id=\"266025\" data-permalink=\"https:\/\/mediaguinee.com\/2024\/09\/le-pape-estime-que-trump-anti-migrants-et-harris-qui-defend-lavortement-sont-contre-la-vie\/img_4256-2\/\" data-orig-file=\"https:\/\/i0.wp.com\/mediaguinee.com\/wp-content\/uploads\/2024\/09\/IMG_4256.webp?fit=622%2C311&amp;ssl=1\" data-orig-size=\"622,311\" data-comments-opened=\"1\" data-image-meta='{\"aperture\":\"0\",\"credit\":\"\",\"camera\":\"\",\"caption\":\"\",\"created_timestamp\":\"0\",\"copyright\":\"\",\"focal_length\":\"0\",\"iso\":\"0\",\"shutter_speed\":\"0\",\"title\":\"\",\"orientation\":\"0\"}' data-image-title=\"IMG_4256\" data-image-description=\"\" data-image-caption=\"\" data-medium-file=\"https:\/\/i0.wp.com\/mediaguinee.com\/wp-content\/uploads\/2024\/09\/IMG_4256.webp?fit=300%2C150&amp;ssl=1\" data-large-file=\"https:\/\/i0.wp.com\/mediaguinee.com\/wp-content\/uploads\/2024\/09\/IMG_4256.webp?fit=622%2C311&amp;ssl=1\" tabindex=\"0\" role=\"button\"><\/div>\n<h4 class=\"ap-Title ap-StoryChapo\">Le pape a estim\u00e9 vendredi que les deux candidats \u00e0 la pr\u00e9sidentielle am\u00e9ricaine de novembre, le r\u00e9publicain Donald Trump, \u00ab\u00a0qui rejette les migrants\u00a0\u00bb, et la d\u00e9mocrate Kamala Harris, qui \u00ab\u00a0tue des enfants\u00a0\u00bb en d\u00e9fendant le droit \u00e0 l\u2019avortement, \u00e9taient tous les deux \u00ab\u00a0contre la vie\u00a0\u00bb.<\/h4>\n<p>\u00ab\u00a0Les deux (candidats) sont contre la vie. Que ce soit celui qui renvoie les migrants, ou celui qui tue les enfants. Les deux sont contre la vie\u00a0\u00bb, a d\u00e9clar\u00e9 Fran\u00e7ois aux journalistes dans l\u2019avion qui le ramenait \u00e0 Rome d\u2019une longue tourn\u00e9e en Asie et en Oc\u00e9anie.<\/p>\n<p class=\"text-left ap-StoryElement ap-StoryElement--mb ap-StoryText\">\u00ab\u00a0Je ne suis pas am\u00e9ricain, je ne peux pas voter l\u00e0-bas, mais que ce soit clair, qu\u2019il s\u2019agisse de renvoyer les migrants, de leur refuser l\u2019opportunit\u00e9 de travailler, de leur refuser l\u2019accueil, est un p\u00e9ch\u00e9, c\u2019est grave\u00a0\u00bb.<\/p>\n<div><\/div>\n<p class=\"text-left ap-StoryElement ap-StoryElement--mb ap-StoryText\">\u00ab\u00a0Dans la morale politique, en g\u00e9n\u00e9ral, ne pas voter est mal. Ce n\u2019est pas bien, on doit voter et on doit choisir le moindre mal. Qu\u2019est-ce que le moindre mal ? Cette dame, ou ce monsieur ? Je ne sais pas, chacun a sa conscience\u00a0\u00bb.<\/p>\n<p><strong>Belga Agence<\/strong><\/p>\n<p>L\u2019article <a href=\"https:\/\/mediaguinee.com\/2024\/09\/le-pape-estime-que-trump-anti-migrants-et-harris-qui-defend-lavortement-sont-contre-la-vie\/\">Le pape estime que Trump, anti-migrants, et Harris, qui d\u00e9fend l\u2019avortement, sont \u00abcontre la vie\u00bb<\/a> est apparu en premier sur <a href=\"https:\/\/mediaguinee.com\/\">Mediaguinee.com<\/a>.<\/p>\n<\/div>\n","protected":false},"excerpt":{"rendered":"<p>Le pape a estim\u00e9 vendredi que les deux candidats \u00e0 la pr\u00e9sidentielle am\u00e9ricaine de novembre, le r\u00e9publicain Donald Trump, \u00ab\u00a0qui rejette les migrants\u00a0\u00bb, et la d\u00e9mocrate Kamala Harris, qui \u00ab\u00a0tue des enfants\u00a0\u00bb en d\u00e9fendant le droit \u00e0 l\u2019avortement, \u00e9taient tous les deux \u00ab\u00a0contre la vie\u00a0\u00bb. \u00ab\u00a0Les deux (candidats) sont contre la vie. Que ce soit &hellip;<\/p>\n","protected":false},"author":1,"featured_media":0,"comment_status":"closed","ping_status":"closed","sticky":false,"template":"","format":"standard","meta":{"footnotes":""},"categories":[2],"tags":[23],"_links":{"self":[{"href":"https:\/\/sn.ambaguinee.org\/index.php?rest_route=\/wp\/v2\/posts\/69804"}],"collection":[{"href":"https:\/\/sn.ambaguinee.org\/index.php?rest_route=\/wp\/v2\/posts"}],"about":[{"href":"https:\/\/sn.ambaguinee.org\/index.php?rest_route=\/wp\/v2\/types\/post"}],"author":[{"embeddable":true,"href":"https:\/\/sn.ambaguinee.org\/index.php?rest_route=\/wp\/v2\/users\/1"}],"replies":[{"embeddable":true,"href":"https:\/\/sn.ambaguinee.org\/index.php?rest_route=%2Fwp%2Fv2%2Fcomments&post=69804"}],"version-history":[{"count":0,"href":"https:\/\/sn.ambaguinee.org\/index.php?rest_route=\/wp\/v2\/posts\/69804\/revisions"}],"wp:attachment":[{"href":"https:\/\/sn.ambaguinee.org\/index.php?rest_route=%2Fwp%2Fv2%2Fmedia&parent=69804"}],"wp:term":[{"taxonomy":"category","embeddable":true,"href":"https:\/\/sn.ambaguinee.org\/index.php?rest_route=%2Fwp%2Fv2%2Fcategories&post=69804"},{"taxonomy":"post_tag","embeddable":true,"href":"https:\/\/sn.ambaguinee.org\/index.php?rest_route=%2Fwp%2Fv2%2Ftags&post=69804"}],"curies":[{"name":"wp","href":"https:\/\/api.w.org\/{rel}","templated":true}]}}