{"id":70097,"date":"2024-09-21T03:51:15","date_gmt":"2024-09-21T01:51:15","guid":{"rendered":"https:\/\/sn.ambaguinee.org\/?p=70097"},"modified":"2024-09-21T03:51:15","modified_gmt":"2024-09-21T01:51:15","slug":"le-president-doumbouya-nomme-plusieurs-cadres-au-ministere-de-lenvironnement-decret","status":"publish","type":"post","link":"https:\/\/sn.ambaguinee.org\/?p=70097","title":{"rendered":"Le pr\u00e9sident Doumbouya nomme plusieurs cadres au Minist\u00e8re de l\u2019Environnement (d\u00e9cret)"},"content":{"rendered":"<div>\n<div style=\"margin-bottom:20px;\"><img width=\"1920\" height=\"1280\"src=\"https:\/\/i0.wp.com\/mediaguinee.com\/wp-content\/uploads\/2024\/05\/IMG_7986.jpeg?w=1920&amp;ssl=1\" class=\"attachment-post-thumbnail size-post-thumbnail wp-post-image\" alt=\"\" decoding=\"async\" srcset=\"https:\/\/i0.wp.com\/mediaguinee.com\/wp-content\/uploads\/2024\/05\/IMG_7986.jpeg?w=1920&amp;ssl=1 1920w, https:\/\/i0.wp.com\/mediaguinee.com\/wp-content\/uploads\/2024\/05\/IMG_7986.jpeg?resize=300%2C200&amp;ssl=1 300w, https:\/\/i0.wp.com\/mediaguinee.com\/wp-content\/uploads\/2024\/05\/IMG_7986.jpeg?resize=1024%2C683&amp;ssl=1 1024w, https:\/\/i0.wp.com\/mediaguinee.com\/wp-content\/uploads\/2024\/05\/IMG_7986.jpeg?resize=768%2C512&amp;ssl=1 768w, https:\/\/i0.wp.com\/mediaguinee.com\/wp-content\/uploads\/2024\/05\/IMG_7986.jpeg?resize=1536%2C1024&amp;ssl=1 1536w\" sizes=\"(max-width: 1920px) 100vw, 1920px\" data-attachment-id=\"256981\" data-permalink=\"https:\/\/mediaguinee.com\/2024\/05\/armee-doumbouya-cree-lecole-de-lair-lumc-et-fixe-le-fonctionnement-de-larmee-de-lair\/img_7986\/\" data-orig-file=\"https:\/\/i0.wp.com\/mediaguinee.com\/wp-content\/uploads\/2024\/05\/IMG_7986.jpeg?fit=1920%2C1280&amp;ssl=1\" data-orig-size=\"1920,1280\" data-comments-opened=\"1\" data-image-meta='{\"aperture\":\"0\",\"credit\":\"\",\"camera\":\"\",\"caption\":\"\",\"created_timestamp\":\"0\",\"copyright\":\"\",\"focal_length\":\"0\",\"iso\":\"0\",\"shutter_speed\":\"0\",\"title\":\"\",\"orientation\":\"1\"}' data-image-title=\"Doumbouya\" data-image-description=\"\" data-image-caption=\"\" data-medium-file=\"https:\/\/i0.wp.com\/mediaguinee.com\/wp-content\/uploads\/2024\/05\/IMG_7986.jpeg?fit=300%2C200&amp;ssl=1\" data-large-file=\"https:\/\/i0.wp.com\/mediaguinee.com\/wp-content\/uploads\/2024\/05\/IMG_7986.jpeg?fit=1024%2C683&amp;ssl=1\" tabindex=\"0\" role=\"button\"><\/div>\n<p>Dans un d\u00e9cret diffus\u00e9 dans la soir\u00e9e de ce vendredi, 20 septembre 2024 \u00e0 la t\u00e9l\u00e9vision nationale, le pr\u00e9sident de la transition guin\u00e9enne, le G\u00e9n\u00e9ral Mamadi Doumbouya, a proc\u00e9d\u00e9 \u00e0 la nomination de plusieurs hauts cadres au d\u00e9partement en charge de l\u2019Environnement et du D\u00e9veloppement Durable. Ce sont :<br \/>\n1- Conseiller principal : Dr Sa\u00efdou Barry Sidib\u00e9 ;<br \/>\n2- Conseiller juridique : M. Cyril Aboly ;<br \/>\n3- Conseiller charg\u00e9 de l\u2019Environnement : M. Bangaly Djoumessy , pr\u00e9c\u00e9demment secr\u00e9taire ex\u00e9cutif du Conseil national de gestion des produits et substances chimiques.<br \/>\n4- Conseill\u00e8re charg\u00e9e du D\u00e9veloppement Durable : Mme Wata Camara, pr\u00e9c\u00e9demment Directrice g\u00e9n\u00e9rale adjointe de l\u2019office guin\u00e9en des parcs nationaux et r\u00e9serves de faune;<br \/>\n5- Conseiller charg\u00e9 de mission : M. Bangaly Sangar\u00e9, pr\u00e9c\u00e9demment attach\u00e9 de cabinet du ministre de l\u2019Environnement et du D\u00e9veloppement Durable.<br \/>\nMediaguine<\/p>\n<p>L\u2019article <a href=\"https:\/\/mediaguinee.com\/2024\/09\/le-president-doumbouya-nomme-plusieurs-cadres-au-ministere-de-lenvironnement-decret\/\">Le pr\u00e9sident Doumbouya nomme plusieurs cadres au Minist\u00e8re de l\u2019Environnement (d\u00e9cret)<\/a> est apparu en premier sur <a href=\"https:\/\/mediaguinee.com\/\">Mediaguinee.com<\/a>.<\/p>\n<\/div>\n","protected":false},"excerpt":{"rendered":"<p>Dans un d\u00e9cret diffus\u00e9 dans la soir\u00e9e de ce vendredi, 20 septembre 2024 \u00e0 la t\u00e9l\u00e9vision nationale, le pr\u00e9sident de la transition guin\u00e9enne, le G\u00e9n\u00e9ral Mamadi Doumbouya, a proc\u00e9d\u00e9 \u00e0 la nomination de plusieurs hauts cadres au d\u00e9partement en charge de l\u2019Environnement et du D\u00e9veloppement Durable. Ce sont : 1- Conseiller principal : Dr Sa\u00efdou &hellip;<\/p>\n","protected":false},"author":1,"featured_media":0,"comment_status":"closed","ping_status":"closed","sticky":false,"template":"","format":"standard","meta":{"footnotes":""},"categories":[2],"tags":[23],"_links":{"self":[{"href":"https:\/\/sn.ambaguinee.org\/index.php?rest_route=\/wp\/v2\/posts\/70097"}],"collection":[{"href":"https:\/\/sn.ambaguinee.org\/index.php?rest_route=\/wp\/v2\/posts"}],"about":[{"href":"https:\/\/sn.ambaguinee.org\/index.php?rest_route=\/wp\/v2\/types\/post"}],"author":[{"embeddable":true,"href":"https:\/\/sn.ambaguinee.org\/index.php?rest_route=\/wp\/v2\/users\/1"}],"replies":[{"embeddable":true,"href":"https:\/\/sn.ambaguinee.org\/index.php?rest_route=%2Fwp%2Fv2%2Fcomments&post=70097"}],"version-history":[{"count":0,"href":"https:\/\/sn.ambaguinee.org\/index.php?rest_route=\/wp\/v2\/posts\/70097\/revisions"}],"wp:attachment":[{"href":"https:\/\/sn.ambaguinee.org\/index.php?rest_route=%2Fwp%2Fv2%2Fmedia&parent=70097"}],"wp:term":[{"taxonomy":"category","embeddable":true,"href":"https:\/\/sn.ambaguinee.org\/index.php?rest_route=%2Fwp%2Fv2%2Fcategories&post=70097"},{"taxonomy":"post_tag","embeddable":true,"href":"https:\/\/sn.ambaguinee.org\/index.php?rest_route=%2Fwp%2Fv2%2Ftags&post=70097"}],"curies":[{"name":"wp","href":"https:\/\/api.w.org\/{rel}","templated":true}]}}