{"id":70341,"date":"2024-09-27T00:24:46","date_gmt":"2024-09-26T22:24:46","guid":{"rendered":"https:\/\/sn.ambaguinee.org\/?p=70341"},"modified":"2024-09-27T00:24:46","modified_gmt":"2024-09-26T22:24:46","slug":"conakry-la-presidence-de-la-republique-dement-des-tirs-darmes-au-palais","status":"publish","type":"post","link":"https:\/\/sn.ambaguinee.org\/?p=70341","title":{"rendered":"Conakry : la Pr\u00e9sidence de la R\u00e9publique d\u00e9ment des tirs d\u2019armes au palais"},"content":{"rendered":"<div>\n<div style=\"margin-bottom:20px;\"><img width=\"1920\" height=\"1281\"src=\"https:\/\/i0.wp.com\/mediaguinee.com\/wp-content\/uploads\/2024\/09\/IMG_4856.jpeg?w=1920&amp;ssl=1\" class=\"attachment-post-thumbnail size-post-thumbnail wp-post-image\" alt=\"\" decoding=\"async\" srcset=\"https:\/\/i0.wp.com\/mediaguinee.com\/wp-content\/uploads\/2024\/09\/IMG_4856.jpeg?w=1920&amp;ssl=1 1920w, https:\/\/i0.wp.com\/mediaguinee.com\/wp-content\/uploads\/2024\/09\/IMG_4856.jpeg?resize=300%2C200&amp;ssl=1 300w, https:\/\/i0.wp.com\/mediaguinee.com\/wp-content\/uploads\/2024\/09\/IMG_4856.jpeg?resize=1024%2C683&amp;ssl=1 1024w, https:\/\/i0.wp.com\/mediaguinee.com\/wp-content\/uploads\/2024\/09\/IMG_4856.jpeg?resize=768%2C512&amp;ssl=1 768w, https:\/\/i0.wp.com\/mediaguinee.com\/wp-content\/uploads\/2024\/09\/IMG_4856.jpeg?resize=1536%2C1025&amp;ssl=1 1536w\" sizes=\"(max-width: 1920px) 100vw, 1920px\" data-attachment-id=\"266983\" data-permalink=\"https:\/\/mediaguinee.com\/2024\/09\/conakry-la-presidence-de-la-republique-dement-des-tirs-darmes-au-palais\/img_4856\/\" data-orig-file=\"https:\/\/i0.wp.com\/mediaguinee.com\/wp-content\/uploads\/2024\/09\/IMG_4856.jpeg?fit=1920%2C1281&amp;ssl=1\" data-orig-size=\"1920,1281\" data-comments-opened=\"1\" data-image-meta='{\"aperture\":\"0\",\"credit\":\"\",\"camera\":\"\",\"caption\":\"\",\"created_timestamp\":\"0\",\"copyright\":\"\",\"focal_length\":\"0\",\"iso\":\"0\",\"shutter_speed\":\"0\",\"title\":\"\",\"orientation\":\"1\"}' data-image-title=\"IMG_4856\" data-image-description=\"\" data-image-caption=\"\" data-medium-file=\"https:\/\/i0.wp.com\/mediaguinee.com\/wp-content\/uploads\/2024\/09\/IMG_4856.jpeg?fit=300%2C200&amp;ssl=1\" data-large-file=\"https:\/\/i0.wp.com\/mediaguinee.com\/wp-content\/uploads\/2024\/09\/IMG_4856.jpeg?fit=1024%2C683&amp;ssl=1\" tabindex=\"0\" role=\"button\"><\/div>\n<p>La Pr\u00e9sidence de la R\u00e9publique a d\u00e9menti jeudi les rumeurs selon lesquelles des tirs d\u2019armes ont eu lieu ce jeudi dans l\u2019enceinte du palais \u00e0 Kaloum.<\/p>\n<p>\u00ab Dans l\u2019apr\u00e8s-midi de ce Jeudi 26 Septembre 2024, une folle rumeur des pr\u00e9tendus tirs d\u2019armes \u00e0 la Pr\u00e9sidence de la R\u00e9publique a \u00e9t\u00e9 distill\u00e9e dans la ville et \u00e0 l\u2019\u00e9tranger. Cette intoxication a entrain\u00e9 un climat de panique par endroit. \u00bb, indique la Pr\u00e9sidence dans son communiqu\u00e9.<br \/>\n\u00ab A ce propos, la Pr\u00e9sidence de la R\u00e9publique tient \u00e0 rassurer l\u2019opinion nationale et internationale que ces rumeurs sont fausses et mont\u00e9es de toute pi\u00e8ce \u00bb, ajoute le communiqu\u00e9. Invitant les populations \u00e0 vaquer \u00e0 leurs occupations quotidiennes.<\/p>\n<p>\u00ab Par la m\u00eame occasion, la Pr\u00e9sidence de la R\u00e9publique invite les populations de Kaloum et de Conakry \u00e0 continuer de vaquer librement \u00e0 leur occupation quotidienne \u00bb, conclut la Pr\u00e9sidence.<\/p>\n<p><strong>Noumouk\u00e8 S.<\/strong><\/p>\n<p>L\u2019article <a href=\"https:\/\/mediaguinee.com\/2024\/09\/conakry-la-presidence-de-la-republique-dement-des-tirs-darmes-au-palais\/\">Conakry : la Pr\u00e9sidence de la R\u00e9publique d\u00e9ment des tirs d\u2019armes au palais<\/a> est apparu en premier sur <a href=\"https:\/\/mediaguinee.com\/\">Mediaguinee.com<\/a>.<\/p>\n<\/div>\n","protected":false},"excerpt":{"rendered":"<p>La Pr\u00e9sidence de la R\u00e9publique a d\u00e9menti jeudi les rumeurs selon lesquelles des tirs d\u2019armes ont eu lieu ce jeudi dans l\u2019enceinte du palais \u00e0 Kaloum. \u00ab Dans l\u2019apr\u00e8s-midi de ce Jeudi 26 Septembre 2024, une folle rumeur des pr\u00e9tendus tirs d\u2019armes \u00e0 la Pr\u00e9sidence de la R\u00e9publique a \u00e9t\u00e9 distill\u00e9e dans la ville et &hellip;<\/p>\n","protected":false},"author":1,"featured_media":0,"comment_status":"closed","ping_status":"closed","sticky":false,"template":"","format":"standard","meta":{"footnotes":""},"categories":[2],"tags":[23],"_links":{"self":[{"href":"https:\/\/sn.ambaguinee.org\/index.php?rest_route=\/wp\/v2\/posts\/70341"}],"collection":[{"href":"https:\/\/sn.ambaguinee.org\/index.php?rest_route=\/wp\/v2\/posts"}],"about":[{"href":"https:\/\/sn.ambaguinee.org\/index.php?rest_route=\/wp\/v2\/types\/post"}],"author":[{"embeddable":true,"href":"https:\/\/sn.ambaguinee.org\/index.php?rest_route=\/wp\/v2\/users\/1"}],"replies":[{"embeddable":true,"href":"https:\/\/sn.ambaguinee.org\/index.php?rest_route=%2Fwp%2Fv2%2Fcomments&post=70341"}],"version-history":[{"count":0,"href":"https:\/\/sn.ambaguinee.org\/index.php?rest_route=\/wp\/v2\/posts\/70341\/revisions"}],"wp:attachment":[{"href":"https:\/\/sn.ambaguinee.org\/index.php?rest_route=%2Fwp%2Fv2%2Fmedia&parent=70341"}],"wp:term":[{"taxonomy":"category","embeddable":true,"href":"https:\/\/sn.ambaguinee.org\/index.php?rest_route=%2Fwp%2Fv2%2Fcategories&post=70341"},{"taxonomy":"post_tag","embeddable":true,"href":"https:\/\/sn.ambaguinee.org\/index.php?rest_route=%2Fwp%2Fv2%2Ftags&post=70341"}],"curies":[{"name":"wp","href":"https:\/\/api.w.org\/{rel}","templated":true}]}}