{"id":70875,"date":"2024-10-10T06:03:34","date_gmt":"2024-10-10T04:03:34","guid":{"rendered":"https:\/\/sn.ambaguinee.org\/?p=70875"},"modified":"2024-10-10T06:03:34","modified_gmt":"2024-10-10T04:03:34","slug":"compteurs-prepayes-dedg-en-guinee-la-gendarmerie-nationale-sengage-pour-une-utilisation-rationnelle-du-courant-electrique","status":"publish","type":"post","link":"https:\/\/sn.ambaguinee.org\/?p=70875","title":{"rendered":"Compteurs pr\u00e9pay\u00e9s d\u2019EDG en Guin\u00e9e : la Gendarmerie nationale s\u2019engage pour une utilisation rationnelle du courant \u00e9lectrique"},"content":{"rendered":"<div>\n<div style=\"margin-bottom:20px;\"><img width=\"1024\" height=\"683\"src=\"https:\/\/i0.wp.com\/mediaguinee.com\/wp-content\/uploads\/2024\/10\/received_519807184097153.jpeg?w=1024&amp;ssl=1\" class=\"attachment-post-thumbnail size-post-thumbnail wp-post-image\" alt=\"\" decoding=\"async\" srcset=\"https:\/\/i0.wp.com\/mediaguinee.com\/wp-content\/uploads\/2024\/10\/received_519807184097153.jpeg?w=1024&amp;ssl=1 1024w, https:\/\/i0.wp.com\/mediaguinee.com\/wp-content\/uploads\/2024\/10\/received_519807184097153.jpeg?resize=300%2C200&amp;ssl=1 300w, https:\/\/i0.wp.com\/mediaguinee.com\/wp-content\/uploads\/2024\/10\/received_519807184097153.jpeg?resize=768%2C512&amp;ssl=1 768w\" sizes=\"(max-width: 1024px) 100vw, 1024px\" data-attachment-id=\"267852\" data-permalink=\"https:\/\/mediaguinee.com\/2024\/10\/compteurs-prepayes-dedg-la-gendarmerie-nationale-sengage-pour-une-utilisation-rationnelle-du-courant-electrique\/received_519807184097153\/\" data-orig-file=\"https:\/\/i0.wp.com\/mediaguinee.com\/wp-content\/uploads\/2024\/10\/received_519807184097153.jpeg?fit=1024%2C683&amp;ssl=1\" data-orig-size=\"1024,683\" data-comments-opened=\"1\" data-image-meta='{\"aperture\":\"0\",\"credit\":\"\",\"camera\":\"\",\"caption\":\"\",\"created_timestamp\":\"0\",\"copyright\":\"\",\"focal_length\":\"0\",\"iso\":\"0\",\"shutter_speed\":\"0\",\"title\":\"\",\"orientation\":\"0\"}' data-image-title=\"received_519807184097153\" data-image-description=\"\" data-image-caption=\"\" data-medium-file=\"https:\/\/i0.wp.com\/mediaguinee.com\/wp-content\/uploads\/2024\/10\/received_519807184097153.jpeg?fit=300%2C200&amp;ssl=1\" data-large-file=\"https:\/\/i0.wp.com\/mediaguinee.com\/wp-content\/uploads\/2024\/10\/received_519807184097153.jpeg?fit=1024%2C683&amp;ssl=1\" tabindex=\"0\" role=\"button\"><\/div>\n<p>^La campagne de sensibilisation pour la pose des compteurs \u00e9lectriques pr\u00e9pay\u00e9s qui a d\u00e9but\u00e9 le 1er octobre pour une p\u00e9riode de 3 mois se poursuit \u00e0 Conakry et \u00e0 l\u2019int\u00e9rieur du pays. Elle s\u2019\u00e9tend aux institutions publiques.<\/p>\n<p><img decoding=\"async\" data-attachment-id=\"267853\" data-permalink=\"https:\/\/mediaguinee.com\/2024\/10\/compteurs-prepayes-dedg-la-gendarmerie-nationale-sengage-pour-une-utilisation-rationnelle-du-courant-electrique\/received_1229061855061333\/\" data-orig-file=\"https:\/\/i0.wp.com\/mediaguinee.com\/wp-content\/uploads\/2024\/10\/received_1229061855061333.jpeg?fit=997%2C1060&amp;ssl=1\" data-orig-size=\"997,1060\" data-comments-opened=\"1\" data-image-meta='{\"aperture\":\"0\",\"credit\":\"\",\"camera\":\"\",\"caption\":\"\",\"created_timestamp\":\"0\",\"copyright\":\"\",\"focal_length\":\"0\",\"iso\":\"0\",\"shutter_speed\":\"0\",\"title\":\"\",\"orientation\":\"0\"}' data-image-title=\"received_1229061855061333\" data-image-description=\"\" data-image-caption=\"\" data-medium-file=\"https:\/\/i0.wp.com\/mediaguinee.com\/wp-content\/uploads\/2024\/10\/received_1229061855061333.jpeg?fit=282%2C300&amp;ssl=1\" data-large-file=\"https:\/\/i0.wp.com\/mediaguinee.com\/wp-content\/uploads\/2024\/10\/received_1229061855061333.jpeg?fit=963%2C1024&amp;ssl=1\" tabindex=\"0\" role=\"button\" class=\"alignnone wp-image-267853 size-full\"src=\"https:\/\/i0.wp.com\/mediaguinee.com\/wp-content\/uploads\/2024\/10\/received_1229061855061333.jpeg?w=997&amp;ssl=1\" alt=\"\" width=\"997\" height=\"1060\" srcset=\"https:\/\/i0.wp.com\/mediaguinee.com\/wp-content\/uploads\/2024\/10\/received_1229061855061333.jpeg?w=997&amp;ssl=1 997w, https:\/\/i0.wp.com\/mediaguinee.com\/wp-content\/uploads\/2024\/10\/received_1229061855061333.jpeg?resize=282%2C300&amp;ssl=1 282w, https:\/\/i0.wp.com\/mediaguinee.com\/wp-content\/uploads\/2024\/10\/received_1229061855061333.jpeg?resize=963%2C1024&amp;ssl=1 963w, https:\/\/i0.wp.com\/mediaguinee.com\/wp-content\/uploads\/2024\/10\/received_1229061855061333.jpeg?resize=768%2C817&amp;ssl=1 768w\" sizes=\"(max-width: 997px) 100vw, 997px\" data-recalc-dims=\"1\"><\/p>\n<p>\u00a0<\/p>\n<p>Ce mercredi 09 octobre, le ministre de l\u2019Energie, de l\u2019Hydraulique et des Hydrocarbures, accompagn\u00e9 du Directeur g\u00e9n\u00e9ral de EDG \u00e9tait dans les locaux du Haut Commandement de la Gendarmerie Nationale pour sensibiliser et encourager ces hommes en tenue \u00e0 adopter des pratiques plus responsables en mati\u00e8re de consommation d\u2019\u00e9nergie.<\/p>\n<p>Cette initiative s\u2019inscrit dans les efforts continus d\u2019EDG pour promouvoir une utilisation rationnelle des ressources \u00e9nerg\u00e9tiques, r\u00e9duire l\u2019impact environnemental et assurer la stabilit\u00e9 du r\u00e9seau \u00e9lectrique. La rencontre a connu la participation des hauts responsables de la Gendarmerie Nationale.<\/p>\n<p>Le ministre de l\u2019Energie, de l\u2019Hydraulique et des Hydrocarbures, Aboubacar Camara, a, dans sa communication, soulign\u00e9 l\u2019int\u00e9r\u00eat de l\u2019utilisation des compteurs pr\u00e9pay\u00e9s tant sur l\u2019aspect s\u00e9curitaire mais \u00e9galement sur le plan \u00e9conomique. \u00ab C\u2019est l\u2019occasion pour l\u2019ensemble des acteurs du minist\u00e8re de l\u2019Energie de vous dire merci. Nous sommes conscients parce qu\u2019\u00e0 un moment donn\u00e9, si nous, nous \u00e9tions en train de dormir, vous, vous \u00e9tiez sur le terrain pour sensibiliser les jeunes manifestants. C\u2019est important de vous reconna\u00eetre ce m\u00e9rite. Mais la plus grande perte, c\u2019est l\u2019utilisation qu\u2019on en fait. Quand vous quittez Kaloum pour Km 36, vous avez l\u2019impression que nous \u00e9clairons le soleil. Normalement quand, il fait jour, c\u2019est le soleil, qui \u00e9claire, on voit tout. Mais nous Guin\u00e9ens, quand nous sortons le matin, on \u00e9claire le soleil, c\u2019est la seule mani\u00e8re de prouver que nous avons le courant \u00e0 la maison \u00bb<\/p>\n<p><img decoding=\"async\" data-attachment-id=\"267854\" data-permalink=\"https:\/\/mediaguinee.com\/2024\/10\/compteurs-prepayes-dedg-la-gendarmerie-nationale-sengage-pour-une-utilisation-rationnelle-du-courant-electrique\/received_587720457013795\/\" data-orig-file=\"https:\/\/i0.wp.com\/mediaguinee.com\/wp-content\/uploads\/2024\/10\/received_587720457013795.jpeg?fit=1024%2C683&amp;ssl=1\" data-orig-size=\"1024,683\" data-comments-opened=\"1\" data-image-meta='{\"aperture\":\"0\",\"credit\":\"\",\"camera\":\"\",\"caption\":\"\",\"created_timestamp\":\"0\",\"copyright\":\"\",\"focal_length\":\"0\",\"iso\":\"0\",\"shutter_speed\":\"0\",\"title\":\"\",\"orientation\":\"0\"}' data-image-title=\"received_587720457013795\" data-image-description=\"\" data-image-caption=\"\" data-medium-file=\"https:\/\/i0.wp.com\/mediaguinee.com\/wp-content\/uploads\/2024\/10\/received_587720457013795.jpeg?fit=300%2C200&amp;ssl=1\" data-large-file=\"https:\/\/i0.wp.com\/mediaguinee.com\/wp-content\/uploads\/2024\/10\/received_587720457013795.jpeg?fit=1024%2C683&amp;ssl=1\" tabindex=\"0\" role=\"button\" class=\"alignnone wp-image-267854 size-full\"src=\"https:\/\/i0.wp.com\/mediaguinee.com\/wp-content\/uploads\/2024\/10\/received_587720457013795.jpeg?w=1024&amp;ssl=1\" alt=\"\" width=\"1024\" height=\"683\" srcset=\"https:\/\/i0.wp.com\/mediaguinee.com\/wp-content\/uploads\/2024\/10\/received_587720457013795.jpeg?w=1024&amp;ssl=1 1024w, https:\/\/i0.wp.com\/mediaguinee.com\/wp-content\/uploads\/2024\/10\/received_587720457013795.jpeg?resize=300%2C200&amp;ssl=1 300w, https:\/\/i0.wp.com\/mediaguinee.com\/wp-content\/uploads\/2024\/10\/received_587720457013795.jpeg?resize=768%2C512&amp;ssl=1 768w\" sizes=\"(max-width: 1024px) 100vw, 1024px\" data-recalc-dims=\"1\"><\/p>\n<p>Plus loin, Aboubacar Camara regrette le comportement des travailleurs install\u00e9s dans les bureaux. \u00ab Vous prenez les appareils \u00e9lectrom\u00e9nagers: climatiseur, t\u00e9l\u00e9vision, cuisine, les gens peuvent sortir du bureau sans pour autant \u00e9teindre les climatiseurs. Les chargeurs de t\u00e9l\u00e9phones, ce que vous ne savez pas, la plupart d\u2019entre nous ici le font, au bureau ou \u00e0 la maison, on branche le chargeur, on le laisse l\u00e0 branch\u00e9. En sortant le matin, on d\u00e9branche juste le t\u00e9l\u00e9phone et on laisse le chargeur et la multiprise est allum\u00e9e. Ce que vous ne savez pas, le chargeur de t\u00e9l\u00e9phone consomme plus que cette ampoule. Quand il est branch\u00e9, sans pour autant adapter au t\u00e9l\u00e9phone. C\u2019est la m\u00eame chose pour les autres appareils. Quand vous prenez le poste t\u00e9l\u00e9viseur, il y a un r\u00e9gulateur, on branche le poste t\u00e9l\u00e9viseur, si on \u00e9teint tout simplement l\u2019\u00e9cran, derri\u00e8re, le r\u00e9gulateur envoie de l\u2019\u00e9nergie au poste t\u00e9l\u00e9viseur pour le maintenir en veille. C\u2019est de l\u2019\u00e9nergie que \u00e7a consomme. C\u2019est pour cela, qu\u2019on demande qu\u2019en sortant couper le contacteur. Tant que l\u2019\u00e9nergie rentre dans un appareil, qu\u2019il soit utilis\u00e9 ou pas, c\u2019est une consommation \u00bb.<\/p>\n<p>Pr\u00e9sent \u00e0 cette rencontre, le directeur g\u00e9n\u00e9ral de l\u2019EDG, Elhadj Gando Barry a fait remarquer aux gendarmes que faire l\u2019\u00e9conomie de l\u2019\u00e9nergie, \u00ab c\u2019est plus d\u2019argent qui est \u00e9conomis\u00e9, \u00e7a veut dire, que c\u2019est moins d\u2019argent qui est d\u00e9pens\u00e9 pour le paiement de la facture dans les diff\u00e9rentes unit\u00e9s que vous avez au niveau de Conakry et \u00e0 l\u2019int\u00e9rieur du pays. Ces \u00e9conomies vont \u00eatre utilis\u00e9es par l\u2019intendance pour r\u00e9investir dans d\u2019autres d\u00e9penses qui peuvent \u00eatre plus prioritaires pour le haut commandement\u00bb.<\/p>\n<p>De son c\u00f4t\u00e9, le G\u00e9n\u00e9ral de Division Balla Samoura, Haut Commandant de la Gendarmerie Nationale a remerci\u00e9 le ministre et son \u00e9quipe tout en rassurant que la Gendarmerie poursuivra cette campagne de sensibilisation aupr\u00e8s de l\u2019ensemble de ses effectifs et leurs familles pour ainsi contribuer \u00e0 la r\u00e9ussite de la politique \u00e9nerg\u00e9tique du gouvernement. \u00abMais quand \u00e7a ne va pas, qui prennent les cailloux c\u2019est nous, nous sommes bless\u00e9s parfois tu\u00e9s, parce que tout simplement les probl\u00e8mes que monsieur le ministre est en train d\u2019expliquer ne sont pas bien per\u00e7us et ne sont m\u00eame pas sur la voie d\u2019\u00eatre r\u00e9solus. Si on ne passe pas sur cette voie de sensibilisation, vous n\u2019aurez jamais la paix sur le terrain \u00bb, a indiqu\u00e9 le Haut commandant.<\/p>\n<p>Pour finir, le premier responsable de la gendarmerie nationale de regretter ceci : \u00abQuand il vous explique le kilowattheure qui sort du bateau, qui est vendu et ce qui rentre apr\u00e8s la vente, vous allez tous prendre la t\u00eate. Le courant, c\u2019est une source de revenu pour l\u2019\u00c9tat, mais contrairement en Guin\u00e9e, c\u2019est une source de d\u00e9penses. Il a dit tout \u00e0 l\u2019heure que sur 1 milliard de d\u00e9penses, ils ne peuvent r\u00e9colter que 600 millions. L\u2019\u00c9tat est oblig\u00e9 de prendre l\u2019argent, se constituer pour nous payer le courant. Alors qu\u2019on pouvait prendre cela pour construire des \u00e9coles, les routes\u2026 mais l\u2019\u00c9tat est oblig\u00e9 de prendre l\u00e0-bas et de mettre \u00e7a dans le courant. Et si, \u00e7a ne va pas, les cons\u00e9quences, c\u2019est nous les policiers, gendarmes qui payons. Donc je voudrais qu\u2019\u00e0 partir de cette s\u00e9ance que nous devenions tous des acteurs de sensibilisation, de respect des mesures d\u2019\u00e9conomie de courant dans les unit\u00e9s, tout comme \u00e0 la maison \u00bb.<\/p>\n<p>Mamadou Yaya Barry<\/p>\n<p>\u00a0<\/p>\n<p>\u00a0<\/p>\n<p>\u00a0<\/p>\n<p>\u00a0<\/p>\n<p>\u00a0<\/p>\n<p>\u00a0<\/p>\n<p>L\u2019article <a href=\"https:\/\/mediaguinee.com\/2024\/10\/compteurs-prepayes-dedg-la-gendarmerie-nationale-sengage-pour-une-utilisation-rationnelle-du-courant-electrique\/\">Compteurs pr\u00e9pay\u00e9s d\u2019EDG en Guin\u00e9e : la Gendarmerie nationale s\u2019engage pour une utilisation rationnelle du courant \u00e9lectrique<\/a> est apparu en premier sur <a href=\"https:\/\/mediaguinee.com\/\">Mediaguinee.com<\/a>.<\/p>\n<\/div>\n","protected":false},"excerpt":{"rendered":"<p>^La campagne de sensibilisation pour la pose des compteurs \u00e9lectriques pr\u00e9pay\u00e9s qui a d\u00e9but\u00e9 le 1er octobre pour une p\u00e9riode de 3 mois se poursuit \u00e0 Conakry et \u00e0 l\u2019int\u00e9rieur du pays. Elle s\u2019\u00e9tend aux institutions publiques. \u00a0 Ce mercredi 09 octobre, le ministre de l\u2019Energie, de l\u2019Hydraulique et des Hydrocarbures, accompagn\u00e9 du Directeur g\u00e9n\u00e9ral &hellip;<\/p>\n","protected":false},"author":1,"featured_media":0,"comment_status":"closed","ping_status":"closed","sticky":false,"template":"","format":"standard","meta":{"footnotes":""},"categories":[2],"tags":[23],"_links":{"self":[{"href":"https:\/\/sn.ambaguinee.org\/index.php?rest_route=\/wp\/v2\/posts\/70875"}],"collection":[{"href":"https:\/\/sn.ambaguinee.org\/index.php?rest_route=\/wp\/v2\/posts"}],"about":[{"href":"https:\/\/sn.ambaguinee.org\/index.php?rest_route=\/wp\/v2\/types\/post"}],"author":[{"embeddable":true,"href":"https:\/\/sn.ambaguinee.org\/index.php?rest_route=\/wp\/v2\/users\/1"}],"replies":[{"embeddable":true,"href":"https:\/\/sn.ambaguinee.org\/index.php?rest_route=%2Fwp%2Fv2%2Fcomments&post=70875"}],"version-history":[{"count":0,"href":"https:\/\/sn.ambaguinee.org\/index.php?rest_route=\/wp\/v2\/posts\/70875\/revisions"}],"wp:attachment":[{"href":"https:\/\/sn.ambaguinee.org\/index.php?rest_route=%2Fwp%2Fv2%2Fmedia&parent=70875"}],"wp:term":[{"taxonomy":"category","embeddable":true,"href":"https:\/\/sn.ambaguinee.org\/index.php?rest_route=%2Fwp%2Fv2%2Fcategories&post=70875"},{"taxonomy":"post_tag","embeddable":true,"href":"https:\/\/sn.ambaguinee.org\/index.php?rest_route=%2Fwp%2Fv2%2Ftags&post=70875"}],"curies":[{"name":"wp","href":"https:\/\/api.w.org\/{rel}","templated":true}]}}