{"id":71124,"date":"2024-10-17T10:27:32","date_gmt":"2024-10-17T08:27:32","guid":{"rendered":"https:\/\/sn.ambaguinee.org\/?p=71124"},"modified":"2024-10-17T10:27:32","modified_gmt":"2024-10-17T08:27:32","slug":"conakry-lunion-sacree-sollicite-une-rencontre-avec-mamadi-doumbouya","status":"publish","type":"post","link":"https:\/\/sn.ambaguinee.org\/?p=71124","title":{"rendered":"Conakry: l\u2019union sacr\u00e9e sollicite une rencontre avec Mamadi Doumbouya"},"content":{"rendered":"<div>\n<div style=\"margin-bottom:20px;\"><img width=\"1080\" height=\"579\"src=\"https:\/\/i0.wp.com\/mediaguinee.com\/wp-content\/uploads\/2024\/10\/received_900577771991594.jpeg?w=1080&amp;ssl=1\" class=\"attachment-post-thumbnail size-post-thumbnail wp-post-image\" alt=\"\" decoding=\"async\" srcset=\"https:\/\/i0.wp.com\/mediaguinee.com\/wp-content\/uploads\/2024\/10\/received_900577771991594.jpeg?w=1080&amp;ssl=1 1080w, https:\/\/i0.wp.com\/mediaguinee.com\/wp-content\/uploads\/2024\/10\/received_900577771991594.jpeg?resize=300%2C161&amp;ssl=1 300w, https:\/\/i0.wp.com\/mediaguinee.com\/wp-content\/uploads\/2024\/10\/received_900577771991594.jpeg?resize=1024%2C549&amp;ssl=1 1024w, https:\/\/i0.wp.com\/mediaguinee.com\/wp-content\/uploads\/2024\/10\/received_900577771991594.jpeg?resize=768%2C412&amp;ssl=1 768w\" sizes=\"(max-width: 1080px) 100vw, 1080px\" data-attachment-id=\"268225\" data-permalink=\"https:\/\/mediaguinee.com\/2024\/10\/conakry-lunion-sacree-sollicite-une-rencontre-avec-mamadi-doumbouya\/received_900577771991594\/\" data-orig-file=\"https:\/\/i0.wp.com\/mediaguinee.com\/wp-content\/uploads\/2024\/10\/received_900577771991594.jpeg?fit=1080%2C579&amp;ssl=1\" data-orig-size=\"1080,579\" data-comments-opened=\"1\" data-image-meta='{\"aperture\":\"0\",\"credit\":\"\",\"camera\":\"\",\"caption\":\"\",\"created_timestamp\":\"0\",\"copyright\":\"\",\"focal_length\":\"0\",\"iso\":\"0\",\"shutter_speed\":\"0\",\"title\":\"\",\"orientation\":\"0\"}' data-image-title=\"received_900577771991594\" data-image-description=\"\" data-image-caption=\"\" data-medium-file=\"https:\/\/i0.wp.com\/mediaguinee.com\/wp-content\/uploads\/2024\/10\/received_900577771991594.jpeg?fit=300%2C161&amp;ssl=1\" data-large-file=\"https:\/\/i0.wp.com\/mediaguinee.com\/wp-content\/uploads\/2024\/10\/received_900577771991594.jpeg?fit=1024%2C549&amp;ssl=1\" tabindex=\"0\" role=\"button\"><\/div>\n<p>Apres avoir cautionn\u00e9 l\u2019id\u00e9e d\u2019un glissement du calendrier de la transition, l\u2019Union sacr\u00e9e des forces vives de Guin\u00e9e veut rencontrer le pr\u00e9sident de la transition, G\u00e9n\u00e9ral Mamadi Doumbouya.<\/p>\n<p>Cette d\u00e9cision s\u2019explique par le d\u00e9p\u00f4t d\u2019une demande d\u2019audience du pr\u00e9sident par le biais du secr\u00e9tariat G\u00e9n\u00e9ral du Minist\u00e8re de l\u2019Administration du Territoire et de la D\u00e9centralisation (MATD), ce mercredi 16 octobre 2024.<\/p>\n<p>\u00a0<\/p>\n<p>Au-del\u00e0 de cet aspect, Dr Ibrahima Sory Diallo, pr\u00e9sident du parti ADC-BOC apporte plus de pr\u00e9cisions.<\/p>\n<p>\u00ab\u00a0Notre pr\u00e9sence au MATD aujourd\u2019hui, c\u2019est la suite de notre conf\u00e9rence de presse invitant \u00e0 l\u2019ouverture d\u2019une concertation nationale pour requalifier le contenu de la transition afin de se contenir sur une position commune avec non seulement le CNRD et les acteurs sociopolitiques guin\u00e9ens. \u00c0 ce sujet, nous avons jug\u00e9 n\u00e9cessaire de faire une demande d\u2019audience au chef de l\u2019\u00c9tat, mais sous couvert du minist\u00e8re tutelle, qui est le minist\u00e8re de l\u2019administration du territoire et de la d\u00e9centralisation\u00a0\u00bb, a dit Ibrahima Sory Diallo.<\/p>\n<p>Et au pr\u00e9sident du parti ADC-BOC d\u2019ajouter\u00a0: \u00ab\u00a0Nous sommes venus non seulement d\u00e9poser le soit transmis au Ministre de l\u2019Administration du Territoire et aussi la demande d\u2019audience au chef de l\u2019\u00c9tat afin d\u2019une rencontre qui va nous permettre de faire une proposition commune d\u2019ouverture de cette concertation qui va d\u00e9crypter la situation sociopolitique, comme il est d\u00e9j\u00e0 pr\u00e9vu que la transition doit finir le 31 d\u00e9cembre 2024. Chose que nous avons trouv\u00e9 \u00e0 cette phase intenable. c\u2019est la raison de notre demande, afin qu\u2019on puisse parler entre guin\u00e9ens\u00a0\u00bb, a-t-il ajout\u00e9.<\/p>\n<p>Plus loin, Ibrahima Sory Diallo d\u2019expliquer leur d\u00e9marche\u00a0: \u00ab\u00a0on veut les rencontrer, mais on veut que ce soit de fa\u00e7on officielle \u00e0 travers le minist\u00e8re tutelle. Le Chef de l\u2019\u00c9tat va se prononcer sur notre demande et on va suivre les autres activit\u00e9s en cours. Ce n\u2019est pas un m\u00e9mo. C\u2019est notre d\u00e9claration d\u2019abord et puis la demande d\u2019audience\u00a0\u00bb, conclut-il.<\/p>\n<p>\u00a0<\/p>\n<p><strong>Mayi Ciss\u00e9\u00a0<\/strong><\/p>\n<p>L\u2019article <a href=\"https:\/\/mediaguinee.com\/2024\/10\/conakry-lunion-sacree-sollicite-une-rencontre-avec-mamadi-doumbouya\/\">Conakry: l\u2019union sacr\u00e9e sollicite une rencontre avec Mamadi Doumbouya<\/a> est apparu en premier sur <a href=\"https:\/\/mediaguinee.com\/\">Mediaguinee.com<\/a>.<\/p>\n<\/div>\n","protected":false},"excerpt":{"rendered":"<p>Apres avoir cautionn\u00e9 l\u2019id\u00e9e d\u2019un glissement du calendrier de la transition, l\u2019Union sacr\u00e9e des forces vives de Guin\u00e9e veut rencontrer le pr\u00e9sident de la transition, G\u00e9n\u00e9ral Mamadi Doumbouya. Cette d\u00e9cision s\u2019explique par le d\u00e9p\u00f4t d\u2019une demande d\u2019audience du pr\u00e9sident par le biais du secr\u00e9tariat G\u00e9n\u00e9ral du Minist\u00e8re de l\u2019Administration du Territoire et de la D\u00e9centralisation &hellip;<\/p>\n","protected":false},"author":1,"featured_media":0,"comment_status":"closed","ping_status":"closed","sticky":false,"template":"","format":"standard","meta":{"footnotes":""},"categories":[2],"tags":[23],"_links":{"self":[{"href":"https:\/\/sn.ambaguinee.org\/index.php?rest_route=\/wp\/v2\/posts\/71124"}],"collection":[{"href":"https:\/\/sn.ambaguinee.org\/index.php?rest_route=\/wp\/v2\/posts"}],"about":[{"href":"https:\/\/sn.ambaguinee.org\/index.php?rest_route=\/wp\/v2\/types\/post"}],"author":[{"embeddable":true,"href":"https:\/\/sn.ambaguinee.org\/index.php?rest_route=\/wp\/v2\/users\/1"}],"replies":[{"embeddable":true,"href":"https:\/\/sn.ambaguinee.org\/index.php?rest_route=%2Fwp%2Fv2%2Fcomments&post=71124"}],"version-history":[{"count":0,"href":"https:\/\/sn.ambaguinee.org\/index.php?rest_route=\/wp\/v2\/posts\/71124\/revisions"}],"wp:attachment":[{"href":"https:\/\/sn.ambaguinee.org\/index.php?rest_route=%2Fwp%2Fv2%2Fmedia&parent=71124"}],"wp:term":[{"taxonomy":"category","embeddable":true,"href":"https:\/\/sn.ambaguinee.org\/index.php?rest_route=%2Fwp%2Fv2%2Fcategories&post=71124"},{"taxonomy":"post_tag","embeddable":true,"href":"https:\/\/sn.ambaguinee.org\/index.php?rest_route=%2Fwp%2Fv2%2Ftags&post=71124"}],"curies":[{"name":"wp","href":"https:\/\/api.w.org\/{rel}","templated":true}]}}