{"id":71161,"date":"2024-10-18T06:23:50","date_gmt":"2024-10-18T04:23:50","guid":{"rendered":"https:\/\/sn.ambaguinee.org\/?p=71161"},"modified":"2024-10-18T06:23:50","modified_gmt":"2024-10-18T04:23:50","slug":"recours-contre-un-decret-de-doumbouya-les-forces-sociales-de-guinee-agacees-par-la-cour-supreme","status":"publish","type":"post","link":"https:\/\/sn.ambaguinee.org\/?p=71161","title":{"rendered":"Recours contre un d\u00e9cret de Doumbouya : les Forces sociales de Guin\u00e9e agac\u00e9es par la Cour supr\u00eame"},"content":{"rendered":"<div>\n<div style=\"margin-bottom:20px;\"><img width=\"1920\" height=\"1280\"src=\"https:\/\/i0.wp.com\/mediaguinee.com\/wp-content\/uploads\/2024\/05\/IMG_7986.jpeg?w=1920&amp;ssl=1\" class=\"attachment-post-thumbnail size-post-thumbnail wp-post-image\" alt=\"\" decoding=\"async\" srcset=\"https:\/\/i0.wp.com\/mediaguinee.com\/wp-content\/uploads\/2024\/05\/IMG_7986.jpeg?w=1920&amp;ssl=1 1920w, https:\/\/i0.wp.com\/mediaguinee.com\/wp-content\/uploads\/2024\/05\/IMG_7986.jpeg?resize=300%2C200&amp;ssl=1 300w, https:\/\/i0.wp.com\/mediaguinee.com\/wp-content\/uploads\/2024\/05\/IMG_7986.jpeg?resize=1024%2C683&amp;ssl=1 1024w, https:\/\/i0.wp.com\/mediaguinee.com\/wp-content\/uploads\/2024\/05\/IMG_7986.jpeg?resize=768%2C512&amp;ssl=1 768w, https:\/\/i0.wp.com\/mediaguinee.com\/wp-content\/uploads\/2024\/05\/IMG_7986.jpeg?resize=1536%2C1024&amp;ssl=1 1536w\" sizes=\"(max-width: 1920px) 100vw, 1920px\" data-attachment-id=\"256981\" data-permalink=\"https:\/\/mediaguinee.com\/2024\/05\/armee-doumbouya-cree-lecole-de-lair-lumc-et-fixe-le-fonctionnement-de-larmee-de-lair\/img_7986\/\" data-orig-file=\"https:\/\/i0.wp.com\/mediaguinee.com\/wp-content\/uploads\/2024\/05\/IMG_7986.jpeg?fit=1920%2C1280&amp;ssl=1\" data-orig-size=\"1920,1280\" data-comments-opened=\"1\" data-image-meta='{\"aperture\":\"0\",\"credit\":\"\",\"camera\":\"\",\"caption\":\"\",\"created_timestamp\":\"0\",\"copyright\":\"\",\"focal_length\":\"0\",\"iso\":\"0\",\"shutter_speed\":\"0\",\"title\":\"\",\"orientation\":\"1\"}' data-image-title=\"Doumbouya\" data-image-description=\"\" data-image-caption=\"\" data-medium-file=\"https:\/\/i0.wp.com\/mediaguinee.com\/wp-content\/uploads\/2024\/05\/IMG_7986.jpeg?fit=300%2C200&amp;ssl=1\" data-large-file=\"https:\/\/i0.wp.com\/mediaguinee.com\/wp-content\/uploads\/2024\/05\/IMG_7986.jpeg?fit=1024%2C683&amp;ssl=1\" tabindex=\"0\" role=\"button\"><\/div>\n<p>Les Forces sociales de Guin\u00e9e -\u00e0 travers leur coordination- ont exprim\u00e9 mercredi dans une d\u00e9claration leur agacement contre la Cour supr\u00eame qu\u2019elles accusent de lenteur suite \u00e0 son recours pour abus de <span class=\"s19\"><span class=\"bumpedFont15\">pouvoir, concernant <\/span><\/span><span class=\"s17\"><span class=\"bumpedFont15\">le<\/span><\/span><span class=\"s17\"><span class=\"bumpedFont15\"> d\u00e9cret pris le g\u00e9n\u00e9ral Mamadi Doumbouya portant nomination des Pr\u00e9sidents des Conseils de districts et de quartier par les <\/span><\/span><span class=\"s17\"><span class=\"bumpedFont15\">Gouverneurs de R\u00e9gions<\/span><\/span><span class=\"s16\"><span class=\"bumpedFont15\">. D\u00e9claration\u2026<\/span><\/span><\/p>\n<p class=\"s18\"><span class=\"s16\"><span class=\"bumpedFont15\"><br \/><em>\u00ab Les <\/em><\/span><\/span><em><span class=\"s17\"><span class=\"bumpedFont15\">Forces sociales de Guin\u00e9e<\/span><\/span><span class=\"s16\"><span class=\"bumpedFont15\"> portent \u00e0 la connaissance de l\u2019opinion nationale et internationale que<\/span><\/span><span class=\"s16\"><span class=\"bumpedFont15\">,<\/span><\/span><span class=\"s17\"><span class=\"bumpedFont15\"> face \u00e0 la r\u00e9currence des violations des lois et libert\u00e9s,<\/span><\/span><span class=\"s16\"><span class=\"bumpedFont15\"> tous leurs efforts pass\u00e9s et en cours <\/span><\/span><span class=\"s16\"><span class=\"bumpedFont15\">pour <\/span><\/span><span class=\"s16\"><span class=\"bumpedFont15\">un <\/span><\/span><span class=\"s16\"><span class=\"bumpedFont15\">arbitrage <\/span><\/span><span class=\"s16\"><span class=\"bumpedFont15\">R\u00e9publicain <\/span><\/span><span class=\"s16\"><span class=\"bumpedFont15\">de la <\/span><\/span><span class=\"s17\"><span class=\"bumpedFont15\">Cour<\/span><\/span><span class=\"s17\"><span class=\"bumpedFont15\"> S<\/span><\/span><span class=\"s17\"><span class=\"bumpedFont15\">upr\u00eame<\/span><\/span><span class=\"s16\"><span class=\"bumpedFont15\">, <\/span><\/span><span class=\"s16\"><span class=\"bumpedFont15\">plus haute institution judiciaire <\/span><\/span><span class=\"s16\"><span class=\"bumpedFont15\">du pays<\/span><\/span><span class=\"s16\"><span class=\"bumpedFont15\">, <\/span><\/span><span class=\"s16\"><span class=\"bumpedFont15\">sont encore rest\u00e9s<\/span><\/span><span class=\"s16\"><span class=\"bumpedFont15\"> sans succ\u00e8s.<\/span><\/span><\/em><\/p>\n<p class=\"s18\"><em><span class=\"s16\"><span class=\"bumpedFont15\">\u00ab En effet, les <\/span><\/span><span class=\"s17\"><span class=\"bumpedFont15\">Forces Sociales de Guin\u00e9e<\/span><\/span><span class=\"s16\"><span class=\"bumpedFont15\"> fid\u00e8les \u00e0 leur engagement pour la stabilit\u00e9 \u00e9conomique, sociale et politique du pays dans le respect des lois et des droits, ont estim\u00e9 capital le <\/span><\/span><span class=\"s16\"><span class=\"bumpedFont15\">re<\/span><\/span><span class=\"s16\"><span class=\"bumpedFont15\">cours \u00e0 la justice et <\/span><\/span><span class=\"s16\"><span class=\"bumpedFont15\">aux<\/span><\/span><span class=\"s16\"><span class=\"bumpedFont15\"> forces androg\u00e8nes de consolidation de la paix dans un contexte de transition marqu\u00e9 par l\u2019absence de dialogue franc. <\/span><\/span><\/em><\/p>\n<p class=\"s18\"><em><span class=\"s16\"><span class=\"bumpedFont15\">Donnant<\/span><\/span><span class=\"s16\"><span class=\"bumpedFont15\"> du cr\u00e9dit et du sens au<\/span><\/span><span class=\"s16\"><span class=\"bumpedFont15\"> principe de <\/span><\/span><span class=\"s16\"><span class=\"bumpedFont15\">s\u00e9paration des pouvoirs<\/span><\/span><span class=\"s16\"><span class=\"bumpedFont15\">,<\/span><\/span> <span class=\"s16\"><span class=\"bumpedFont15\">les <\/span><\/span><span class=\"s17\"><span class=\"bumpedFont15\">Forces Sociales de Guin\u00e9e<\/span><\/span><span class=\"s16\"><span class=\"bumpedFont15\">,<\/span><\/span><span class=\"s16\"><span class=\"bumpedFont15\"> en plus des perspectives, ont depuis <\/span><\/span><span class=\"s16\"><span class=\"bumpedFont15\">une ann\u00e9e <\/span><\/span><span class=\"s16\"><span class=\"bumpedFont15\">saisie la cours supr\u00eame<\/span><\/span><span class=\"s16\"><span class=\"bumpedFont15\">, <\/span><\/span><span class=\"s16\"><span class=\"bumpedFont15\">\u00e0 travers les membres de s<\/span><\/span><span class=\"s16\"><span class=\"bumpedFont15\">a Coordination<\/span><\/span><span class=\"s16\"><span class=\"bumpedFont15\"> Nationale. Ce recours<\/span><\/span><span class=\"s16\"><span class=\"bumpedFont15\">, <\/span><\/span><span class=\"s17\"><span class=\"bumpedFont15\">vise \u00e0 <\/span><\/span><span class=\"s19\"><span class=\"bumpedFont15\">annuler pour abus de pouvoir<\/span><\/span><span class=\"s17\"><span class=\"bumpedFont15\"> le<\/span><\/span><span class=\"s17\"><span class=\"bumpedFont15\"> d\u00e9cret portant attribution du pouvoir de nomination des Pr\u00e9sidents des Conseils de districts et de quartier <\/span><\/span><span class=\"s17\"><span class=\"bumpedFont15\">aux Gouverneurs de R\u00e9gions<\/span><\/span><span class=\"s16\"><span class=\"bumpedFont15\">.\u00a0<\/span><\/span><\/em><\/p>\n<p class=\"s18\"><em><span class=\"s20\"><span class=\"bumpedFont15\">Cette requ\u00eate citoyenne, avec<\/span><\/span><span class=\"s20\"><span class=\"bumpedFont15\"> pour conseil Maitre Maurice <\/span><\/span><span class=\"s20\"><span class=\"bumpedFont15\">Saa <\/span><\/span><span class=\"s20\"><span class=\"bumpedFont15\">Tolno<\/span><\/span><span class=\"s20\"><span class=\"bumpedFont15\">, Avocat \u00e0 la Cour, <\/span><\/span><span class=\"s20\"><span class=\"bumpedFont15\">a \u00e9t\u00e9 enregistr\u00e9e au<\/span><\/span> <span class=\"s21\"><span class=\"bumpedFont15\">Service <\/span><\/span><span class=\"s21\"><span class=\"bumpedFont15\">Greffe de la Cour<\/span><\/span><span class=\"s21\"><span class=\"bumpedFont15\"> Supr\u00eame le 09\/10\/23 sous le Num\u00e9ro 1809<\/span><\/span><span class=\"s16\"><span class=\"bumpedFont15\">. <\/span><\/span><\/em><\/p>\n<p class=\"s18\"><em><span class=\"s16\"><span class=\"bumpedFont15\">A noter qu\u2019un Proc\u00e8s-Verbal sur l\u2019inexistence physique dudit d\u00e9cret au <\/span><\/span><span class=\"s17\"><span class=\"bumpedFont15\">MATD<\/span><\/span><span class=\"s16\"><span class=\"bumpedFont15\">, ainsi qu\u2019au <\/span><\/span><span class=\"s17\"><span class=\"bumpedFont15\">Secr\u00e9tariat G\u00e9n\u00e9ral du Gouvernement <\/span><\/span><span class=\"s16\"><span class=\"bumpedFont15\">a \u00e9t\u00e9 dress\u00e9 par <\/span><\/span><span class=\"s17\"><span class=\"bumpedFont15\">Ma<\/span><\/span><span class=\"s17\"><span class=\"bumpedFont15\">\u00eetre <\/span><\/span><span class=\"s17\"><span class=\"bumpedFont15\">Mamady<\/span><\/span><span class=\"s17\"><span class=\"bumpedFont15\"> SIDIBE, Huissier de Justice<\/span><\/span><span class=\"s17\"><span class=\"bumpedFont15\">,<\/span><\/span><span class=\"s16\"><span class=\"bumpedFont15\"> le 19\/09\/2023<\/span><\/span><span class=\"s16\"><span class=\"bumpedFont15\"> et<\/span><\/span><span class=\"s16\"><span class=\"bumpedFont15\"> signifi\u00e9 \u00e0 la<\/span><\/span> <span class=\"s17\"><span class=\"bumpedFont15\">Cour<\/span><\/span><span class=\"s17\"><span class=\"bumpedFont15\"> Supr\u00eame<\/span><\/span><span class=\"s16\"><span class=\"bumpedFont15\">.<\/span><\/span><\/em><\/p>\n<p class=\"s18\"><em><span class=\"s16\"><span class=\"bumpedFont15\">Malheureusement, apr\u00e8s plus d\u2019une <\/span><\/span><span class=\"s16\"><span class=\"bumpedFont15\">ann\u00e9e de politique de<\/span><\/span><span class=\"s16\"><span class=\"bumpedFont15\"> silence que semblent adopter les sages de <\/span><\/span><span class=\"s16\"><span class=\"bumpedFont15\">la <\/span><\/span><span class=\"s17\"><span class=\"bumpedFont15\">Cour <\/span><\/span><span class=\"s17\"><span class=\"bumpedFont15\">Supr\u00eame<\/span><\/span><span class=\"s16\"><span class=\"bumpedFont15\">, <\/span><\/span><span class=\"s16\"><span class=\"bumpedFont15\">nous sommes au <\/span><\/span><span class=\"s16\"><span class=\"bumpedFont15\">regret<\/span><\/span><span class=\"s16\"><span class=\"bumpedFont15\"> de constater sur le terrain des actions en cours par le <\/span><\/span><span class=\"s17\"><span class=\"bumpedFont15\">MATD<\/span><\/span><span class=\"s16\"><span class=\"bumpedFont15\"> en application de ce d\u00e9cret<\/span><\/span><span class=\"s16\"><span class=\"bumpedFont15\">,<\/span><\/span> <span class=\"s16\"><span class=\"bumpedFont15\">qu\u2019il disait lui-m\u00eame n\u2019avoir jamais obtenu copie physique. Un acte, qui <\/span><\/span><span class=\"s16\"><span class=\"bumpedFont15\">constitue <\/span><\/span><span class=\"s16\"><span class=\"bumpedFont15\">en soi <\/span><\/span><span class=\"s16\"><span class=\"bumpedFont15\">un abus de pouvoir<\/span><\/span> <span class=\"s16\"><span class=\"bumpedFont15\">de trop contre la <\/span><\/span><span class=\"s16\"><span class=\"bumpedFont15\">stabilit\u00e9 \u00e9conomique, sociale et politique du pays<\/span><\/span><span class=\"s16\"><span class=\"bumpedFont15\">.<\/span><\/span><\/em><\/p>\n<p class=\"s18\"><em><span class=\"s16\"><span class=\"bumpedFont15\">D\u00e8s lors, les <\/span><\/span><span class=\"s17\"><span class=\"bumpedFont15\">Forces Sociales de Guin\u00e9e<\/span><\/span><span class=\"s16\"><span class=\"bumpedFont15\">, \u00e0 l\u2019instar de la grande majorit\u00e9 des Guin\u00e9ens, se demandent <\/span><\/span><span class=\"s16\"><span class=\"bumpedFont15\">que reste au citoyen en termes de recours institutionnel <\/span><\/span><span class=\"s16\"><span class=\"bumpedFont15\">face aux multiples violations des libert\u00e9s et <\/span><\/span><span class=\"s16\"><span class=\"bumpedFont15\">de <\/span><\/span><span class=\"s16\"><span class=\"bumpedFont15\">droits devenues mode de gouvernance \u00bb.<\/span><\/span><\/em><\/p>\n<p class=\"s18\">\n<p>L\u2019article <a href=\"https:\/\/mediaguinee.com\/2024\/10\/recours-contre-un-decret-de-doumbouya-les-forces-sociales-de-guinee-agacees-par-la-cour-supreme\/\">Recours contre un d\u00e9cret de Doumbouya : les Forces sociales de Guin\u00e9e agac\u00e9es par la Cour supr\u00eame<\/a> est apparu en premier sur <a href=\"https:\/\/mediaguinee.com\/\">Mediaguinee.com<\/a>.<\/p>\n<\/div>\n","protected":false},"excerpt":{"rendered":"<p>Les Forces sociales de Guin\u00e9e -\u00e0 travers leur coordination- ont exprim\u00e9 mercredi dans une d\u00e9claration leur agacement contre la Cour supr\u00eame qu\u2019elles accusent de lenteur suite \u00e0 son recours pour abus de pouvoir, concernant le d\u00e9cret pris le g\u00e9n\u00e9ral Mamadi Doumbouya portant nomination des Pr\u00e9sidents des Conseils de districts et de quartier par les Gouverneurs &hellip;<\/p>\n","protected":false},"author":1,"featured_media":0,"comment_status":"closed","ping_status":"closed","sticky":false,"template":"","format":"standard","meta":{"footnotes":""},"categories":[2],"tags":[23],"_links":{"self":[{"href":"https:\/\/sn.ambaguinee.org\/index.php?rest_route=\/wp\/v2\/posts\/71161"}],"collection":[{"href":"https:\/\/sn.ambaguinee.org\/index.php?rest_route=\/wp\/v2\/posts"}],"about":[{"href":"https:\/\/sn.ambaguinee.org\/index.php?rest_route=\/wp\/v2\/types\/post"}],"author":[{"embeddable":true,"href":"https:\/\/sn.ambaguinee.org\/index.php?rest_route=\/wp\/v2\/users\/1"}],"replies":[{"embeddable":true,"href":"https:\/\/sn.ambaguinee.org\/index.php?rest_route=%2Fwp%2Fv2%2Fcomments&post=71161"}],"version-history":[{"count":0,"href":"https:\/\/sn.ambaguinee.org\/index.php?rest_route=\/wp\/v2\/posts\/71161\/revisions"}],"wp:attachment":[{"href":"https:\/\/sn.ambaguinee.org\/index.php?rest_route=%2Fwp%2Fv2%2Fmedia&parent=71161"}],"wp:term":[{"taxonomy":"category","embeddable":true,"href":"https:\/\/sn.ambaguinee.org\/index.php?rest_route=%2Fwp%2Fv2%2Fcategories&post=71161"},{"taxonomy":"post_tag","embeddable":true,"href":"https:\/\/sn.ambaguinee.org\/index.php?rest_route=%2Fwp%2Fv2%2Ftags&post=71161"}],"curies":[{"name":"wp","href":"https:\/\/api.w.org\/{rel}","templated":true}]}}