{"id":71750,"date":"2024-10-27T23:21:07","date_gmt":"2024-10-27T22:21:07","guid":{"rendered":"https:\/\/sn.ambaguinee.org\/?p=71750"},"modified":"2024-10-27T23:21:07","modified_gmt":"2024-10-27T22:21:07","slug":"ministere-de-leconomie-doumbouya-nomme-plusieurs-cadres-a-de-hautes-fonctions","status":"publish","type":"post","link":"https:\/\/sn.ambaguinee.org\/?p=71750","title":{"rendered":"Minist\u00e8re de l\u2019Economie : Doumbouya nomme plusieurs cadres \u00e0 de hautes fonctions"},"content":{"rendered":"<div>\n<div style=\"margin-bottom:20px;\"><img width=\"1920\" height=\"1280\"src=\"https:\/\/i0.wp.com\/mediaguinee.com\/wp-content\/uploads\/2024\/05\/IMG_8282.jpeg?w=1920&amp;ssl=1\" class=\"attachment-post-thumbnail size-post-thumbnail wp-post-image\" alt=\"\" decoding=\"async\" srcset=\"https:\/\/i0.wp.com\/mediaguinee.com\/wp-content\/uploads\/2024\/05\/IMG_8282.jpeg?w=1920&amp;ssl=1 1920w, https:\/\/i0.wp.com\/mediaguinee.com\/wp-content\/uploads\/2024\/05\/IMG_8282.jpeg?resize=300%2C200&amp;ssl=1 300w, https:\/\/i0.wp.com\/mediaguinee.com\/wp-content\/uploads\/2024\/05\/IMG_8282.jpeg?resize=1024%2C683&amp;ssl=1 1024w, https:\/\/i0.wp.com\/mediaguinee.com\/wp-content\/uploads\/2024\/05\/IMG_8282.jpeg?resize=768%2C512&amp;ssl=1 768w, https:\/\/i0.wp.com\/mediaguinee.com\/wp-content\/uploads\/2024\/05\/IMG_8282.jpeg?resize=1536%2C1024&amp;ssl=1 1536w\" sizes=\"(max-width: 1920px) 100vw, 1920px\" data-attachment-id=\"257651\" data-permalink=\"https:\/\/mediaguinee.com\/2024\/05\/remue-menage-doumbouya-touche-les-secretaires-generaux-des-ministeres\/img_8282\/\" data-orig-file=\"https:\/\/i0.wp.com\/mediaguinee.com\/wp-content\/uploads\/2024\/05\/IMG_8282.jpeg?fit=1920%2C1280&amp;ssl=1\" data-orig-size=\"1920,1280\" data-comments-opened=\"1\" data-image-meta='{\"aperture\":\"0\",\"credit\":\"\",\"camera\":\"\",\"caption\":\"\",\"created_timestamp\":\"0\",\"copyright\":\"\",\"focal_length\":\"0\",\"iso\":\"0\",\"shutter_speed\":\"0\",\"title\":\"\",\"orientation\":\"1\"}' data-image-title=\"Doumbouya PRG\" data-image-description=\"\" data-image-caption=\"\" data-medium-file=\"https:\/\/i0.wp.com\/mediaguinee.com\/wp-content\/uploads\/2024\/05\/IMG_8282.jpeg?fit=300%2C200&amp;ssl=1\" data-large-file=\"https:\/\/i0.wp.com\/mediaguinee.com\/wp-content\/uploads\/2024\/05\/IMG_8282.jpeg?fit=1024%2C683&amp;ssl=1\" tabindex=\"0\" role=\"button\"><\/div>\n<p>Le pr\u00e9sident guin\u00e9en de la transition le g\u00e9n\u00e9ral Mamadi Doumbouya a nomm\u00e9 samedi plusieurs cadres \u00e0 de hautes fonctions au Minist\u00e8re de l\u2019Economie et des finances. D\u00e9cret<imgsrc=\"\" alt=\"\ud83d\udd3b\" class=\"wp-smiley\" style=\"height: 1em; max-height: 1em;\"><\/p>\n<p>\u00a0<\/p>\n<p><iframe loading=\"lazy\" title=\"D\u00e9crets du pr\u00e9sident de la transition g\u00e9n\u00e9ral Mamadi doumbouya\" frameborder=\"0\" width=\"1170\" height=\"662\" src=\"https:\/\/geo.dailymotion.com\/player.html?video=x983lm8&amp;\" allowfullscreen allow=\"autoplay; fullscreen; picture-in-picture; web-share\"><\/iframe><\/p>\n<p>L\u2019article <a href=\"https:\/\/mediaguinee.com\/2024\/10\/ministere-de-leconomie-doumbouya-nomme-plusieurs-cadres-a-de-hautes-fonctions\/\">Minist\u00e8re de l\u2019Economie : Doumbouya nomme plusieurs cadres \u00e0 de hautes fonctions<\/a> est apparu en premier sur <a href=\"https:\/\/mediaguinee.com\/\">Mediaguinee.com<\/a>.<\/p>\n<\/div>\n","protected":false},"excerpt":{"rendered":"<p>Le pr\u00e9sident guin\u00e9en de la transition le g\u00e9n\u00e9ral Mamadi Doumbouya a nomm\u00e9 samedi plusieurs cadres \u00e0 de hautes fonctions au Minist\u00e8re de l\u2019Economie et des finances. D\u00e9cret \u00a0 L\u2019article Minist\u00e8re de l\u2019Economie : Doumbouya nomme plusieurs cadres \u00e0 de hautes fonctions est apparu en premier sur Mediaguinee.com.<\/p>\n","protected":false},"author":1,"featured_media":0,"comment_status":"closed","ping_status":"closed","sticky":false,"template":"","format":"standard","meta":{"footnotes":""},"categories":[2],"tags":[23],"_links":{"self":[{"href":"https:\/\/sn.ambaguinee.org\/index.php?rest_route=\/wp\/v2\/posts\/71750"}],"collection":[{"href":"https:\/\/sn.ambaguinee.org\/index.php?rest_route=\/wp\/v2\/posts"}],"about":[{"href":"https:\/\/sn.ambaguinee.org\/index.php?rest_route=\/wp\/v2\/types\/post"}],"author":[{"embeddable":true,"href":"https:\/\/sn.ambaguinee.org\/index.php?rest_route=\/wp\/v2\/users\/1"}],"replies":[{"embeddable":true,"href":"https:\/\/sn.ambaguinee.org\/index.php?rest_route=%2Fwp%2Fv2%2Fcomments&post=71750"}],"version-history":[{"count":0,"href":"https:\/\/sn.ambaguinee.org\/index.php?rest_route=\/wp\/v2\/posts\/71750\/revisions"}],"wp:attachment":[{"href":"https:\/\/sn.ambaguinee.org\/index.php?rest_route=%2Fwp%2Fv2%2Fmedia&parent=71750"}],"wp:term":[{"taxonomy":"category","embeddable":true,"href":"https:\/\/sn.ambaguinee.org\/index.php?rest_route=%2Fwp%2Fv2%2Fcategories&post=71750"},{"taxonomy":"post_tag","embeddable":true,"href":"https:\/\/sn.ambaguinee.org\/index.php?rest_route=%2Fwp%2Fv2%2Ftags&post=71750"}],"curies":[{"name":"wp","href":"https:\/\/api.w.org\/{rel}","templated":true}]}}