{"id":71751,"date":"2024-10-27T23:21:07","date_gmt":"2024-10-27T22:21:07","guid":{"rendered":"https:\/\/sn.ambaguinee.org\/?p=71751"},"modified":"2024-10-27T23:21:07","modified_gmt":"2024-10-27T22:21:07","slug":"nomination-des-chefs-de-quartier-nous-exhortons-les-autorites-a-regarder-de-pres-mohamed-nabe-arp","status":"publish","type":"post","link":"https:\/\/sn.ambaguinee.org\/?p=71751","title":{"rendered":"Nomination des chefs de quartier: \u00ab nous exhortons les autorit\u00e9s \u00e0 regarder de pr\u00e8s \u00bb (Mohamed Nab\u00e9, ARP)"},"content":{"rendered":"<div>\n<div style=\"margin-bottom:20px;\"><img width=\"1080\" height=\"593\"src=\"https:\/\/i0.wp.com\/mediaguinee.com\/wp-content\/uploads\/2024\/10\/IMG_6543.jpeg?w=1080&amp;ssl=1\" class=\"attachment-post-thumbnail size-post-thumbnail wp-post-image\" alt=\"\" decoding=\"async\" srcset=\"https:\/\/i0.wp.com\/mediaguinee.com\/wp-content\/uploads\/2024\/10\/IMG_6543.jpeg?w=1080&amp;ssl=1 1080w, https:\/\/i0.wp.com\/mediaguinee.com\/wp-content\/uploads\/2024\/10\/IMG_6543.jpeg?resize=300%2C165&amp;ssl=1 300w, https:\/\/i0.wp.com\/mediaguinee.com\/wp-content\/uploads\/2024\/10\/IMG_6543.jpeg?resize=1024%2C562&amp;ssl=1 1024w, https:\/\/i0.wp.com\/mediaguinee.com\/wp-content\/uploads\/2024\/10\/IMG_6543.jpeg?resize=768%2C422&amp;ssl=1 768w\" sizes=\"(max-width: 1080px) 100vw, 1080px\" data-attachment-id=\"268954\" data-permalink=\"https:\/\/mediaguinee.com\/2024\/10\/nomination-des-chefs-de-quartier-nous-exhortons-les-autorites-a-regarder-de-pres-mohamed-nabe-arp\/img_6543\/\" data-orig-file=\"https:\/\/i0.wp.com\/mediaguinee.com\/wp-content\/uploads\/2024\/10\/IMG_6543.jpeg?fit=1080%2C593&amp;ssl=1\" data-orig-size=\"1080,593\" data-comments-opened=\"1\" data-image-meta='{\"aperture\":\"0\",\"credit\":\"\",\"camera\":\"\",\"caption\":\"\",\"created_timestamp\":\"0\",\"copyright\":\"\",\"focal_length\":\"0\",\"iso\":\"0\",\"shutter_speed\":\"0\",\"title\":\"\",\"orientation\":\"1\"}' data-image-title=\"IMG_6543\" data-image-description=\"\" data-image-caption=\"\" data-medium-file=\"https:\/\/i0.wp.com\/mediaguinee.com\/wp-content\/uploads\/2024\/10\/IMG_6543.jpeg?fit=300%2C165&amp;ssl=1\" data-large-file=\"https:\/\/i0.wp.com\/mediaguinee.com\/wp-content\/uploads\/2024\/10\/IMG_6543.jpeg?fit=1024%2C562&amp;ssl=1\" tabindex=\"0\" role=\"button\"><\/div>\n<p style=\"font-weight: 400;\"><span data-originalfontsize=\"20pt\" data-originalcomputedfontsize=\"26.666666\">Le parti Alliance pour le Renouveau et le Progr\u00e8s (ARP) a tenu son assembl\u00e9e g\u00e9n\u00e9rale hebdomadaire ce samedi 26 octobre 2024, \u00e0 <\/span><span data-originalfontsize=\"20pt\" data-originalcomputedfontsize=\"26.666666\">son si\u00e8ge \u00e0 Matoto Kond\u00e9bounyi.<br \/><img decoding=\"async\" data-attachment-id=\"268955\" data-permalink=\"https:\/\/mediaguinee.com\/2024\/10\/nomination-des-chefs-de-quartier-nous-exhortons-les-autorites-a-regarder-de-pres-mohamed-nabe-arp\/img_6542\/\" data-orig-file=\"https:\/\/i0.wp.com\/mediaguinee.com\/wp-content\/uploads\/2024\/10\/IMG_6542.jpeg?fit=1080%2C749&amp;ssl=1\" data-orig-size=\"1080,749\" data-comments-opened=\"1\" data-image-meta='{\"aperture\":\"0\",\"credit\":\"\",\"camera\":\"\",\"caption\":\"\",\"created_timestamp\":\"0\",\"copyright\":\"\",\"focal_length\":\"0\",\"iso\":\"0\",\"shutter_speed\":\"0\",\"title\":\"\",\"orientation\":\"1\"}' data-image-title=\"IMG_6542\" data-image-description=\"\" data-image-caption=\"\" data-medium-file=\"https:\/\/i0.wp.com\/mediaguinee.com\/wp-content\/uploads\/2024\/10\/IMG_6542.jpeg?fit=300%2C208&amp;ssl=1\" data-large-file=\"https:\/\/i0.wp.com\/mediaguinee.com\/wp-content\/uploads\/2024\/10\/IMG_6542.jpeg?fit=1024%2C710&amp;ssl=1\" tabindex=\"0\" role=\"button\" class=\"alignnone wp-image-268955 size-full\"src=\"https:\/\/i0.wp.com\/mediaguinee.com\/wp-content\/uploads\/2024\/10\/IMG_6542.jpeg?w=1080&amp;ssl=1\" alt=\"\" width=\"1080\" height=\"749\" srcset=\"https:\/\/i0.wp.com\/mediaguinee.com\/wp-content\/uploads\/2024\/10\/IMG_6542.jpeg?w=1080&amp;ssl=1 1080w, https:\/\/i0.wp.com\/mediaguinee.com\/wp-content\/uploads\/2024\/10\/IMG_6542.jpeg?resize=300%2C208&amp;ssl=1 300w, https:\/\/i0.wp.com\/mediaguinee.com\/wp-content\/uploads\/2024\/10\/IMG_6542.jpeg?resize=1024%2C710&amp;ssl=1 1024w, https:\/\/i0.wp.com\/mediaguinee.com\/wp-content\/uploads\/2024\/10\/IMG_6542.jpeg?resize=768%2C533&amp;ssl=1 768w\" sizes=\"(max-width: 1080px) 100vw, 1080px\" data-recalc-dims=\"1\"><br \/>\nA cette occasion, un nouveau vice-pr\u00e9sident a \u00e9t\u00e9 nomm\u00e9. Parlant de la nomination des pr\u00e9sidents des conseils de quartier, Mohamed Nab\u00e9, le pr\u00e9sident de l\u2019ARP, a salu\u00e9 la d\u00e9marche tout en apportant des suggestions.\u00a0<\/span><\/p>\n<p style=\"font-weight: 400;\"><span data-originalfontsize=\"20pt\" data-originalcomputedfontsize=\"26.666666\">\u00ab\u00a0La position est tr\u00e8s claire parce que ce sujet avait d\u00e9j\u00e0 \u00e9t\u00e9 \u00e9voqu\u00e9 ici. On attendait les autorit\u00e9s de pied ferme, parce qu\u2019il faut le reconna\u00eetre, on \u00e9tait tr\u00e8s perplexe face \u00e0 la d\u00e9cision qui avait \u00e9t\u00e9 prise par le chef de l\u2019\u00c9tat en disant que les gouverneurs avaient d\u00e9sormais la lourde charge de proc\u00e9der \u00e0 la nomination des chefs de quartier et des pr\u00e9sidents de district. Heureusement que ce qu\u2019on craignait n\u2019est pas arriv\u00e9 parce qu\u2019il y a eu quand m\u00eame dans le processus un aspect inclusif. Ce sont les responsables et les personnes r\u00e9sidant dans les diff\u00e9rents quartiers. On choisit les personnes \u00e0 m\u00eame de les repr\u00e9senter au sein d\u2019un conseil de quartier. \u00c7a veut dire que les listes sont venues de la base au sommet. Les quartiers ont fait une liste qu\u2019ils ont remont\u00e9e au niveau des communes. Et les mairies aussi ont remont\u00e9 les listes au niveau du gouvernement de la ville de Conakry qui a remont\u00e9 \u00e0 son tour au niveau du MATD. Et nous sommes all\u00e9s v\u00e9rifier \u00e0 la source. Effectivement, une commission nationale a \u00e9t\u00e9 mise en place avec les associations socioprofessionnelles, notamment les syndicats, les forces de d\u00e9fense et de s\u00e9curit\u00e9, le minist\u00e8re de l\u2019Administration du Territoire et puis les mairies et le gouvernement pour choisir les personnes en fonction des crit\u00e8res qu\u2019ils ont d\u00e9finis. Et je pense qu\u2019aujourd\u2019hui, comme \u00e0 l\u2019ARP, quand c\u2019est bon, nous saluons. Quand ce n\u2019est pas bon, nous d\u00e9non\u00e7ons et nous faisons ce qu\u2019on appelle l\u2019office de proposition. Je pense qu\u2019il faut saluer cet aspect inclusif de la proc\u00e9dure pour la d\u00e9signation des chefs de quartier\u00a0\u00bb, a soutenu Mohamed Nab\u00e9.\u00a0<\/span><\/p>\n<p style=\"font-weight: 400;\"><span data-originalfontsize=\"20pt\" data-originalcomputedfontsize=\"26.666666\">Concernant les manifestations de contestation de l\u2019installation de ces personnes nomm\u00e9es, le pr\u00e9sident de l\u2019ARP dira ceci\u00a0: \u00ab\u00a0vous savez, aucune \u0153uvre n\u2019est parfaite. Je pense qu\u2019il faut, quel que soit ce qu\u2019on fera ici, il y aura des gens qui ne seront pas d\u2019accord. M\u00eame dans un processus \u00e9lectoral, vous le voyez, il y a toujours des gens qui protestent compte tenu de l\u2019organisation d\u2019une \u00e9lection. Je pense que tout le monde ne peut pas \u00eatre d\u2019accord.\u00a0<\/span><\/p>\n<p style=\"font-weight: 400;\"><span data-originalfontsize=\"20pt\" data-originalcomputedfontsize=\"26.666666\">Ce qu\u2019il faut saluer, c\u2019est la majorit\u00e9 des gens, comme vous le voyez. Je pense qu\u2019il y a toujours, quelle que soit la proc\u00e9dure qu\u2019on mettra en place, il y a des gens qui vont d\u00e9plorer cette proc\u00e9dure. Mais je pense qu\u2019il faut se focaliser sur la majorit\u00e9 et ne pas regarder ces aspects-l\u00e0. Mais il ne faut pas les occulter non plus. Nous exhortons les autorit\u00e9s \u00e0 regarder de pr\u00e8s pourquoi ces jeunes-l\u00e0 protestent dans ces quartiers et revoir un peu la situation de ces quartiers-l\u00e0. Et s\u2019il le faut, il faut changer pour le bien des populations\u00a0\u00bb, a-t-il ajout\u00e9 \u00e0 cette occasion.<\/span><\/p>\n<p style=\"font-weight: 400;\">\n<p style=\"font-weight: 400;\"><strong><span data-originalfontsize=\"20pt\" data-originalcomputedfontsize=\"26.666666\">Mayi Ciss\u00e9\u00a0<\/span><\/strong><\/p>\n<p>L\u2019article <a href=\"https:\/\/mediaguinee.com\/2024\/10\/nomination-des-chefs-de-quartier-nous-exhortons-les-autorites-a-regarder-de-pres-mohamed-nabe-arp\/\">Nomination des chefs de quartier: \u00ab nous exhortons les autorit\u00e9s \u00e0 regarder de pr\u00e8s \u00bb (Mohamed Nab\u00e9, ARP)<\/a> est apparu en premier sur <a href=\"https:\/\/mediaguinee.com\/\">Mediaguinee.com<\/a>.<\/p>\n<\/div>\n","protected":false},"excerpt":{"rendered":"<p>Le parti Alliance pour le Renouveau et le Progr\u00e8s (ARP) a tenu son assembl\u00e9e g\u00e9n\u00e9rale hebdomadaire ce samedi 26 octobre 2024, \u00e0 son si\u00e8ge \u00e0 Matoto Kond\u00e9bounyi. A cette occasion, un nouveau vice-pr\u00e9sident a \u00e9t\u00e9 nomm\u00e9. Parlant de la nomination des pr\u00e9sidents des conseils de quartier, Mohamed Nab\u00e9, le pr\u00e9sident de l\u2019ARP, a salu\u00e9 la &hellip;<\/p>\n","protected":false},"author":1,"featured_media":0,"comment_status":"closed","ping_status":"closed","sticky":false,"template":"","format":"standard","meta":{"footnotes":""},"categories":[2],"tags":[23],"_links":{"self":[{"href":"https:\/\/sn.ambaguinee.org\/index.php?rest_route=\/wp\/v2\/posts\/71751"}],"collection":[{"href":"https:\/\/sn.ambaguinee.org\/index.php?rest_route=\/wp\/v2\/posts"}],"about":[{"href":"https:\/\/sn.ambaguinee.org\/index.php?rest_route=\/wp\/v2\/types\/post"}],"author":[{"embeddable":true,"href":"https:\/\/sn.ambaguinee.org\/index.php?rest_route=\/wp\/v2\/users\/1"}],"replies":[{"embeddable":true,"href":"https:\/\/sn.ambaguinee.org\/index.php?rest_route=%2Fwp%2Fv2%2Fcomments&post=71751"}],"version-history":[{"count":0,"href":"https:\/\/sn.ambaguinee.org\/index.php?rest_route=\/wp\/v2\/posts\/71751\/revisions"}],"wp:attachment":[{"href":"https:\/\/sn.ambaguinee.org\/index.php?rest_route=%2Fwp%2Fv2%2Fmedia&parent=71751"}],"wp:term":[{"taxonomy":"category","embeddable":true,"href":"https:\/\/sn.ambaguinee.org\/index.php?rest_route=%2Fwp%2Fv2%2Fcategories&post=71751"},{"taxonomy":"post_tag","embeddable":true,"href":"https:\/\/sn.ambaguinee.org\/index.php?rest_route=%2Fwp%2Fv2%2Ftags&post=71751"}],"curies":[{"name":"wp","href":"https:\/\/api.w.org\/{rel}","templated":true}]}}