{"id":71811,"date":"2024-10-28T23:17:13","date_gmt":"2024-10-28T22:17:13","guid":{"rendered":"https:\/\/sn.ambaguinee.org\/?p=71811"},"modified":"2024-10-28T23:17:13","modified_gmt":"2024-10-28T22:17:13","slug":"forum-international-des-femmes-entreprenantes-une-13e-edition-determinante-a-conakry","status":"publish","type":"post","link":"https:\/\/sn.ambaguinee.org\/?p=71811","title":{"rendered":"Forum International des Femmes Entreprenantes: une 13\u00e8 \u00e9dition d\u00e9terminante \u00e0 Conakry"},"content":{"rendered":"<div>\n<div style=\"margin-bottom:20px;\"><img width=\"1020\" height=\"574\"src=\"https:\/\/i0.wp.com\/mediaguinee.com\/wp-content\/uploads\/2024\/10\/IMG_6639.jpeg?w=1020&amp;ssl=1\" class=\"attachment-post-thumbnail size-post-thumbnail wp-post-image\" alt=\"\" decoding=\"async\" srcset=\"https:\/\/i0.wp.com\/mediaguinee.com\/wp-content\/uploads\/2024\/10\/IMG_6639.jpeg?w=1020&amp;ssl=1 1020w, https:\/\/i0.wp.com\/mediaguinee.com\/wp-content\/uploads\/2024\/10\/IMG_6639.jpeg?resize=300%2C169&amp;ssl=1 300w, https:\/\/i0.wp.com\/mediaguinee.com\/wp-content\/uploads\/2024\/10\/IMG_6639.jpeg?resize=768%2C432&amp;ssl=1 768w\" sizes=\"(max-width: 1020px) 100vw, 1020px\" data-attachment-id=\"269053\" data-permalink=\"https:\/\/mediaguinee.com\/2024\/10\/forum-international-des-femmes-entreprenantes-une-13e-edition-determinante-a-conakry\/img_6639\/\" data-orig-file=\"https:\/\/i0.wp.com\/mediaguinee.com\/wp-content\/uploads\/2024\/10\/IMG_6639.jpeg?fit=1020%2C574&amp;ssl=1\" data-orig-size=\"1020,574\" data-comments-opened=\"1\" data-image-meta='{\"aperture\":\"0\",\"credit\":\"\",\"camera\":\"\",\"caption\":\"\",\"created_timestamp\":\"0\",\"copyright\":\"\",\"focal_length\":\"0\",\"iso\":\"0\",\"shutter_speed\":\"0\",\"title\":\"\",\"orientation\":\"1\"}' data-image-title=\"IMG_6639\" data-image-description=\"\" data-image-caption=\"\" data-medium-file=\"https:\/\/i0.wp.com\/mediaguinee.com\/wp-content\/uploads\/2024\/10\/IMG_6639.jpeg?fit=300%2C169&amp;ssl=1\" data-large-file=\"https:\/\/i0.wp.com\/mediaguinee.com\/wp-content\/uploads\/2024\/10\/IMG_6639.jpeg?fit=1020%2C574&amp;ssl=1\" tabindex=\"0\" role=\"button\"><\/div>\n<div dir=\"auto\">La 13\u00e8me \u00e9dition du Forum International des Femmes Entreprenantes et Dynamiques (FIED) a ouvert ses portes \u00e0 Conakry. Ce rendez-vous d\u2019\u00e9change et de partage d\u2019exp\u00e9riences s\u2019est tenue du 25 au 28 octobre 2024. Cette rencontre a r\u00e9uni des participantes de plusieurs pays, dont la Guin\u00e9e, le Mali, la Belgique, la C\u00f4te d\u2019Ivoire et bien d\u2019autres.<\/div>\n<div dir=\"auto\"><img decoding=\"async\" data-attachment-id=\"269056\" data-permalink=\"https:\/\/mediaguinee.com\/2024\/10\/forum-international-des-femmes-entreprenantes-une-13e-edition-determinante-a-conakry\/img_6643-2\/\" data-orig-file=\"https:\/\/i0.wp.com\/mediaguinee.com\/wp-content\/uploads\/2024\/10\/IMG_6643.jpeg?fit=1020%2C471&amp;ssl=1\" data-orig-size=\"1020,471\" data-comments-opened=\"1\" data-image-meta='{\"aperture\":\"0\",\"credit\":\"\",\"camera\":\"\",\"caption\":\"\",\"created_timestamp\":\"0\",\"copyright\":\"\",\"focal_length\":\"0\",\"iso\":\"0\",\"shutter_speed\":\"0\",\"title\":\"\",\"orientation\":\"1\"}' data-image-title=\"IMG_6643\" data-image-description=\"\" data-image-caption=\"\" data-medium-file=\"https:\/\/i0.wp.com\/mediaguinee.com\/wp-content\/uploads\/2024\/10\/IMG_6643.jpeg?fit=300%2C139&amp;ssl=1\" data-large-file=\"https:\/\/i0.wp.com\/mediaguinee.com\/wp-content\/uploads\/2024\/10\/IMG_6643.jpeg?fit=1020%2C471&amp;ssl=1\" tabindex=\"0\" role=\"button\" class=\"alignnone wp-image-269056 size-full\"src=\"https:\/\/i0.wp.com\/mediaguinee.com\/wp-content\/uploads\/2024\/10\/IMG_6643.jpeg?w=1020&amp;ssl=1\" alt=\"\" width=\"1020\" height=\"471\" srcset=\"https:\/\/i0.wp.com\/mediaguinee.com\/wp-content\/uploads\/2024\/10\/IMG_6643.jpeg?w=1020&amp;ssl=1 1020w, https:\/\/i0.wp.com\/mediaguinee.com\/wp-content\/uploads\/2024\/10\/IMG_6643.jpeg?resize=300%2C139&amp;ssl=1 300w, https:\/\/i0.wp.com\/mediaguinee.com\/wp-content\/uploads\/2024\/10\/IMG_6643.jpeg?resize=768%2C355&amp;ssl=1 768w\" sizes=\"(max-width: 1020px) 100vw, 1020px\" data-recalc-dims=\"1\"><img decoding=\"async\" data-attachment-id=\"269057\" data-permalink=\"https:\/\/mediaguinee.com\/2024\/10\/forum-international-des-femmes-entreprenantes-une-13e-edition-determinante-a-conakry\/img_6644-2\/\" data-orig-file=\"https:\/\/i0.wp.com\/mediaguinee.com\/wp-content\/uploads\/2024\/10\/IMG_6644.jpeg?fit=1020%2C471&amp;ssl=1\" data-orig-size=\"1020,471\" data-comments-opened=\"1\" data-image-meta='{\"aperture\":\"0\",\"credit\":\"\",\"camera\":\"\",\"caption\":\"\",\"created_timestamp\":\"0\",\"copyright\":\"\",\"focal_length\":\"0\",\"iso\":\"0\",\"shutter_speed\":\"0\",\"title\":\"\",\"orientation\":\"1\"}' data-image-title=\"IMG_6644\" data-image-description=\"\" data-image-caption=\"\" data-medium-file=\"https:\/\/i0.wp.com\/mediaguinee.com\/wp-content\/uploads\/2024\/10\/IMG_6644.jpeg?fit=300%2C139&amp;ssl=1\" data-large-file=\"https:\/\/i0.wp.com\/mediaguinee.com\/wp-content\/uploads\/2024\/10\/IMG_6644.jpeg?fit=1020%2C471&amp;ssl=1\" tabindex=\"0\" role=\"button\" class=\"alignnone wp-image-269057 size-full\"src=\"https:\/\/i0.wp.com\/mediaguinee.com\/wp-content\/uploads\/2024\/10\/IMG_6644.jpeg?w=1020&amp;ssl=1\" alt=\"\" width=\"1020\" height=\"471\" srcset=\"https:\/\/i0.wp.com\/mediaguinee.com\/wp-content\/uploads\/2024\/10\/IMG_6644.jpeg?w=1020&amp;ssl=1 1020w, https:\/\/i0.wp.com\/mediaguinee.com\/wp-content\/uploads\/2024\/10\/IMG_6644.jpeg?resize=300%2C139&amp;ssl=1 300w, https:\/\/i0.wp.com\/mediaguinee.com\/wp-content\/uploads\/2024\/10\/IMG_6644.jpeg?resize=768%2C355&amp;ssl=1 768w\" sizes=\"(max-width: 1020px) 100vw, 1020px\" data-recalc-dims=\"1\"><img decoding=\"async\" data-attachment-id=\"269058\" data-permalink=\"https:\/\/mediaguinee.com\/2024\/10\/forum-international-des-femmes-entreprenantes-une-13e-edition-determinante-a-conakry\/img_6645-2\/\" data-orig-file=\"https:\/\/i0.wp.com\/mediaguinee.com\/wp-content\/uploads\/2024\/10\/IMG_6645.jpeg?fit=1020%2C471&amp;ssl=1\" data-orig-size=\"1020,471\" data-comments-opened=\"1\" data-image-meta='{\"aperture\":\"0\",\"credit\":\"\",\"camera\":\"\",\"caption\":\"\",\"created_timestamp\":\"0\",\"copyright\":\"\",\"focal_length\":\"0\",\"iso\":\"0\",\"shutter_speed\":\"0\",\"title\":\"\",\"orientation\":\"1\"}' data-image-title=\"IMG_6645\" data-image-description=\"\" data-image-caption=\"\" data-medium-file=\"https:\/\/i0.wp.com\/mediaguinee.com\/wp-content\/uploads\/2024\/10\/IMG_6645.jpeg?fit=300%2C139&amp;ssl=1\" data-large-file=\"https:\/\/i0.wp.com\/mediaguinee.com\/wp-content\/uploads\/2024\/10\/IMG_6645.jpeg?fit=1020%2C471&amp;ssl=1\" tabindex=\"0\" role=\"button\" class=\"alignnone wp-image-269058 size-full\"src=\"https:\/\/i0.wp.com\/mediaguinee.com\/wp-content\/uploads\/2024\/10\/IMG_6645.jpeg?w=1020&amp;ssl=1\" alt=\"\" width=\"1020\" height=\"471\" srcset=\"https:\/\/i0.wp.com\/mediaguinee.com\/wp-content\/uploads\/2024\/10\/IMG_6645.jpeg?w=1020&amp;ssl=1 1020w, https:\/\/i0.wp.com\/mediaguinee.com\/wp-content\/uploads\/2024\/10\/IMG_6645.jpeg?resize=300%2C139&amp;ssl=1 300w, https:\/\/i0.wp.com\/mediaguinee.com\/wp-content\/uploads\/2024\/10\/IMG_6645.jpeg?resize=768%2C355&amp;ssl=1 768w\" sizes=\"(max-width: 1020px) 100vw, 1020px\" data-recalc-dims=\"1\"><br \/>\nPr\u00e9sid\u00e9 par le Premier Ministre Amadou Oury BAH, cet \u00e9v\u00e9nement est une plateforme qui a permis aux leaders f\u00e9minins, \u00e0 travers les panels, d\u2019\u00e9changer sur l\u2019autonomisation des femmes et renforcer leur r\u00f4le dans le d\u00e9veloppement \u00e9conomique de l\u2019Afrique.<\/div>\n<div dir=\"auto\"><img decoding=\"async\" data-attachment-id=\"269061\" data-permalink=\"https:\/\/mediaguinee.com\/2024\/10\/forum-international-des-femmes-entreprenantes-une-13e-edition-determinante-a-conakry\/img_6642-3\/\" data-orig-file=\"https:\/\/i0.wp.com\/mediaguinee.com\/wp-content\/uploads\/2024\/10\/IMG_6642.jpeg?fit=1020%2C574&amp;ssl=1\" data-orig-size=\"1020,574\" data-comments-opened=\"1\" data-image-meta='{\"aperture\":\"0\",\"credit\":\"\",\"camera\":\"\",\"caption\":\"\",\"created_timestamp\":\"0\",\"copyright\":\"\",\"focal_length\":\"0\",\"iso\":\"0\",\"shutter_speed\":\"0\",\"title\":\"\",\"orientation\":\"1\"}' data-image-title=\"IMG_6642\" data-image-description=\"\" data-image-caption=\"\" data-medium-file=\"https:\/\/i0.wp.com\/mediaguinee.com\/wp-content\/uploads\/2024\/10\/IMG_6642.jpeg?fit=300%2C169&amp;ssl=1\" data-large-file=\"https:\/\/i0.wp.com\/mediaguinee.com\/wp-content\/uploads\/2024\/10\/IMG_6642.jpeg?fit=1020%2C574&amp;ssl=1\" tabindex=\"0\" role=\"button\" class=\"alignnone wp-image-269061 size-full\"src=\"https:\/\/i0.wp.com\/mediaguinee.com\/wp-content\/uploads\/2024\/10\/IMG_6642.jpeg?w=1020&amp;ssl=1\" alt=\"\" width=\"1020\" height=\"574\" srcset=\"https:\/\/i0.wp.com\/mediaguinee.com\/wp-content\/uploads\/2024\/10\/IMG_6642.jpeg?w=1020&amp;ssl=1 1020w, https:\/\/i0.wp.com\/mediaguinee.com\/wp-content\/uploads\/2024\/10\/IMG_6642.jpeg?resize=300%2C169&amp;ssl=1 300w, https:\/\/i0.wp.com\/mediaguinee.com\/wp-content\/uploads\/2024\/10\/IMG_6642.jpeg?resize=768%2C432&amp;ssl=1 768w\" sizes=\"(max-width: 1020px) 100vw, 1020px\" data-recalc-dims=\"1\"><\/div>\n<div dir=\"auto\"><\/div>\n<div dir=\"auto\" data-removefontsize=\"true\" data-originalcomputedfontsize=\"16\">Le lancement du FIED a \u00e9t\u00e9 marqu\u00e9 par les mots puissants de sa fondatrice, Djelika Yao, qui a d\u00e9clar\u00e9 : \u00ab le FIED est une plateforme multidimensionnelle pour l\u2019autonomisation de la femme et le d\u00e9veloppement de l\u2019Afrique. C\u2019est une machine incontournable qui accompagne les politiques des gouvernements africains en mati\u00e8re d\u2019entrepreneuriat des femmes \u00bb, a-t-elle mentionn\u00e9, soulignant l\u2019importance de l\u2019unit\u00e9 entre femmes, appelant \u00e0 : \u00ab oublier la haine et la jalousie. Le monde a besoin de nous \u00bb.<\/div>\n<div dir=\"auto\" data-removefontsize=\"true\" data-originalcomputedfontsize=\"16\"><img decoding=\"async\" data-attachment-id=\"269059\" data-permalink=\"https:\/\/mediaguinee.com\/2024\/10\/forum-international-des-femmes-entreprenantes-une-13e-edition-determinante-a-conakry\/img_6641-2\/\" data-orig-file=\"https:\/\/i0.wp.com\/mediaguinee.com\/wp-content\/uploads\/2024\/10\/IMG_6641.jpeg?fit=1020%2C471&amp;ssl=1\" data-orig-size=\"1020,471\" data-comments-opened=\"1\" data-image-meta='{\"aperture\":\"0\",\"credit\":\"\",\"camera\":\"\",\"caption\":\"\",\"created_timestamp\":\"0\",\"copyright\":\"\",\"focal_length\":\"0\",\"iso\":\"0\",\"shutter_speed\":\"0\",\"title\":\"\",\"orientation\":\"1\"}' data-image-title=\"IMG_6641\" data-image-description=\"\" data-image-caption=\"\" data-medium-file=\"https:\/\/i0.wp.com\/mediaguinee.com\/wp-content\/uploads\/2024\/10\/IMG_6641.jpeg?fit=300%2C139&amp;ssl=1\" data-large-file=\"https:\/\/i0.wp.com\/mediaguinee.com\/wp-content\/uploads\/2024\/10\/IMG_6641.jpeg?fit=1020%2C471&amp;ssl=1\" tabindex=\"0\" role=\"button\" class=\"alignnone wp-image-269059 size-full\"src=\"https:\/\/i0.wp.com\/mediaguinee.com\/wp-content\/uploads\/2024\/10\/IMG_6641.jpeg?w=1020&amp;ssl=1\" alt=\"\" width=\"1020\" height=\"471\" srcset=\"https:\/\/i0.wp.com\/mediaguinee.com\/wp-content\/uploads\/2024\/10\/IMG_6641.jpeg?w=1020&amp;ssl=1 1020w, https:\/\/i0.wp.com\/mediaguinee.com\/wp-content\/uploads\/2024\/10\/IMG_6641.jpeg?resize=300%2C139&amp;ssl=1 300w, https:\/\/i0.wp.com\/mediaguinee.com\/wp-content\/uploads\/2024\/10\/IMG_6641.jpeg?resize=768%2C355&amp;ssl=1 768w\" sizes=\"(max-width: 1020px) 100vw, 1020px\" data-recalc-dims=\"1\"><\/div>\n<div dir=\"auto\"><\/div>\n<div dir=\"auto\" data-removefontsize=\"true\" data-originalcomputedfontsize=\"16\">Pr\u00e9sente \u00e0 ce rendez-vous international, l\u2019ancienne pr\u00e9sidente de la transition Centrafricaine, Catherine Samba-Panza, a \u00e9galement pris la parole pour partager son exp\u00e9rience. Dans sa communication, elle a affirm\u00e9 : \u00ab Avant d\u2019\u00eatre pr\u00e9sidente, j\u2019ai \u00e9t\u00e9 militante de la cause de la femme. [\u2026] Le destin de l\u2019Afrique passe par la mutualisation des initiatives \u00bb, a-t-elle laiss\u00e9 entendre, encourageant les participantes \u00e0 pers\u00e9v\u00e9rer dans leurs combats : \u00ab [\u2026] contre vents et mar\u00e9es, j\u2019ai conduit un processus \u00e9lectoral qui a permis le retour \u00e0 l\u2019ordre constitutionnel \u00bb.<\/div>\n<div dir=\"auto\"><\/div>\n<div dir=\"auto\"><b data-removefontsize=\"true\" data-originalcomputedfontsize=\"16\">Un engagement gouvernemental!<\/b><\/div>\n<div dir=\"auto\"><\/div>\n<div dir=\"auto\" data-removefontsize=\"true\" data-originalcomputedfontsize=\"16\">La ministre de la Promotion F\u00e9minine, de l\u2019Enfance\u00a0 et des personnes vuln\u00e9rables, a dans son discours, mis en avant le r\u00f4le essentiel des femmes dans la soci\u00e9t\u00e9 guin\u00e9enne.<\/div>\n<div dir=\"auto\" data-removefontsize=\"true\" data-originalcomputedfontsize=\"16\"><img decoding=\"async\" data-attachment-id=\"269060\" data-permalink=\"https:\/\/mediaguinee.com\/2024\/10\/forum-international-des-femmes-entreprenantes-une-13e-edition-determinante-a-conakry\/img_6640-2\/\" data-orig-file=\"https:\/\/i0.wp.com\/mediaguinee.com\/wp-content\/uploads\/2024\/10\/IMG_6640.jpeg?fit=1020%2C574&amp;ssl=1\" data-orig-size=\"1020,574\" data-comments-opened=\"1\" data-image-meta='{\"aperture\":\"0\",\"credit\":\"\",\"camera\":\"\",\"caption\":\"\",\"created_timestamp\":\"0\",\"copyright\":\"\",\"focal_length\":\"0\",\"iso\":\"0\",\"shutter_speed\":\"0\",\"title\":\"\",\"orientation\":\"1\"}' data-image-title=\"IMG_6640\" data-image-description=\"\" data-image-caption=\"\" data-medium-file=\"https:\/\/i0.wp.com\/mediaguinee.com\/wp-content\/uploads\/2024\/10\/IMG_6640.jpeg?fit=300%2C169&amp;ssl=1\" data-large-file=\"https:\/\/i0.wp.com\/mediaguinee.com\/wp-content\/uploads\/2024\/10\/IMG_6640.jpeg?fit=1020%2C574&amp;ssl=1\" tabindex=\"0\" role=\"button\" class=\"alignnone wp-image-269060 size-full\"src=\"https:\/\/i0.wp.com\/mediaguinee.com\/wp-content\/uploads\/2024\/10\/IMG_6640.jpeg?w=1020&amp;ssl=1\" alt=\"\" width=\"1020\" height=\"574\" srcset=\"https:\/\/i0.wp.com\/mediaguinee.com\/wp-content\/uploads\/2024\/10\/IMG_6640.jpeg?w=1020&amp;ssl=1 1020w, https:\/\/i0.wp.com\/mediaguinee.com\/wp-content\/uploads\/2024\/10\/IMG_6640.jpeg?resize=300%2C169&amp;ssl=1 300w, https:\/\/i0.wp.com\/mediaguinee.com\/wp-content\/uploads\/2024\/10\/IMG_6640.jpeg?resize=768%2C432&amp;ssl=1 768w\" sizes=\"(max-width: 1020px) 100vw, 1020px\" data-recalc-dims=\"1\"><br \/>\nCharlotte Daff\u00e9 a indiqu\u00e9 plus loin : \u00ab La Guin\u00e9e, fid\u00e8le \u00e0 son histoire de d\u00e9fense des femmes, consacre le mois d\u2019octobre \u00e0 leur reconnaissance \u00bb.<\/div>\n<div dir=\"auto\" data-removefontsize=\"true\" data-originalcomputedfontsize=\"16\">Poursuivant, elle a promis: \u00ab\u00a0la D\u00e9claration de Conakry [\u2026] devrait faire date \u00bb, soulignant que cet \u00e9v\u00e9nement est un cadre d\u2019\u00e9changes international pour promouvoir l\u2019esprit entrepreneurial.<\/div>\n<div dir=\"auto\" data-removefontsize=\"true\" data-originalcomputedfontsize=\"16\">Le programme du FIED a pr\u00e9vu\u00a0 sept grands panels abordant des th\u00e8mes cl\u00e9s tels que l\u2019acc\u00e8s aux opportunit\u00e9s \u00e9conomiques et la place des femmes rurales dans le d\u00e9veloppement. C\u2019est pourquoi la Ministre Ivoirienne de la Femme, Nass\u00e9n\u00e9ba Tour\u00e9, a insist\u00e9 sur l\u2019importance d\u2019une approche inclusive dans les projets de d\u00e9veloppement : \u00ab [\u2026] il est crucial que nous veillions \u00e0 ce que les femmes soient plac\u00e9es au c\u0153ur de leur conception et de leur mise en \u0153uvre \u00bb.<\/div>\n<div dir=\"auto\"><\/div>\n<div dir=\"auto\"><b data-removefontsize=\"true\" data-originalcomputedfontsize=\"16\">Reconnaissance des championnes !\u00a0<\/b><\/div>\n<div dir=\"auto\"><\/div>\n<div dir=\"auto\" data-removefontsize=\"true\" data-originalcomputedfontsize=\"16\">La 13\u00e8me \u00e9dition du Forum International des Femmes Entreprenantes, met non seulement en lumi\u00e8re les d\u00e9fis auxquels font face les femmes entrepreneures, mais offre \u00e9galement des pistes concr\u00e8tes pour les surmonter, renfor\u00e7ant ainsi le r\u00e9seau de soutien n\u00e9cessaire pour faire avancer la cause des femmes en Afrique et ailleurs.<\/div>\n<div dir=\"auto\"><\/div>\n<div dir=\"auto\" data-removefontsize=\"true\" data-originalcomputedfontsize=\"16\">Ce forum \u00e0 dimension internationale, est aussi une occasion de c\u00e9l\u00e9brer les r\u00e9ussites des femmes entrepreneures. \u00c0 en croire les organisateurs, le FIED 2024 \u00e0 Conakry, marque une \u00e9tape significative dans la lutte pour l\u2019autonomisation des femmes, rassemblant des voix d\u00e9termin\u00e9es et engag\u00e9es pour un avenir meilleur.<\/div>\n<div dir=\"auto\"><\/div>\n<div dir=\"auto\" data-removefontsize=\"true\" data-originalcomputedfontsize=\"16\">Il faut noter la pr\u00e9sence remarqu\u00e9e \u00e0 ladite \u00e9dition tenue au palais du peuple dans la salle des congr\u00e8s, des membres du Gouvernement, de l\u2019ancien Premier Ministre Kabinet Komara, des anciennes ministres et la repr\u00e9sentation \u00e9trang\u00e8re.<\/div>\n<div dir=\"auto\"><\/div>\n<div dir=\"auto\"><\/div>\n<div dir=\"auto\"><b data-removefontsize=\"true\" data-originalcomputedfontsize=\"16\">S\u00e2a Robert Koundouno\u00a0<\/b><\/div>\n<div dir=\"auto\"><b>\u00a0<\/b><\/div>\n<div dir=\"auto\"><b data-removefontsize=\"true\" data-originalcomputedfontsize=\"16\">(+224) 620-546-653\u00a0<\/b><\/div>\n<p>L\u2019article <a href=\"https:\/\/mediaguinee.com\/2024\/10\/forum-international-des-femmes-entreprenantes-une-13e-edition-determinante-a-conakry\/\">Forum International des Femmes Entreprenantes: une 13\u00e8 \u00e9dition d\u00e9terminante \u00e0 Conakry<\/a> est apparu en premier sur <a href=\"https:\/\/mediaguinee.com\/\">Mediaguinee.com<\/a>.<\/p>\n<\/div>\n","protected":false},"excerpt":{"rendered":"<p>La 13\u00e8me \u00e9dition du Forum International des Femmes Entreprenantes et Dynamiques (FIED) a ouvert ses portes \u00e0 Conakry. Ce rendez-vous d\u2019\u00e9change et de partage d\u2019exp\u00e9riences s\u2019est tenue du 25 au 28 octobre 2024. Cette rencontre a r\u00e9uni des participantes de plusieurs pays, dont la Guin\u00e9e, le Mali, la Belgique, la C\u00f4te d\u2019Ivoire et bien d\u2019autres. &hellip;<\/p>\n","protected":false},"author":1,"featured_media":0,"comment_status":"closed","ping_status":"closed","sticky":false,"template":"","format":"standard","meta":{"footnotes":""},"categories":[2],"tags":[23],"_links":{"self":[{"href":"https:\/\/sn.ambaguinee.org\/index.php?rest_route=\/wp\/v2\/posts\/71811"}],"collection":[{"href":"https:\/\/sn.ambaguinee.org\/index.php?rest_route=\/wp\/v2\/posts"}],"about":[{"href":"https:\/\/sn.ambaguinee.org\/index.php?rest_route=\/wp\/v2\/types\/post"}],"author":[{"embeddable":true,"href":"https:\/\/sn.ambaguinee.org\/index.php?rest_route=\/wp\/v2\/users\/1"}],"replies":[{"embeddable":true,"href":"https:\/\/sn.ambaguinee.org\/index.php?rest_route=%2Fwp%2Fv2%2Fcomments&post=71811"}],"version-history":[{"count":0,"href":"https:\/\/sn.ambaguinee.org\/index.php?rest_route=\/wp\/v2\/posts\/71811\/revisions"}],"wp:attachment":[{"href":"https:\/\/sn.ambaguinee.org\/index.php?rest_route=%2Fwp%2Fv2%2Fmedia&parent=71811"}],"wp:term":[{"taxonomy":"category","embeddable":true,"href":"https:\/\/sn.ambaguinee.org\/index.php?rest_route=%2Fwp%2Fv2%2Fcategories&post=71811"},{"taxonomy":"post_tag","embeddable":true,"href":"https:\/\/sn.ambaguinee.org\/index.php?rest_route=%2Fwp%2Fv2%2Ftags&post=71811"}],"curies":[{"name":"wp","href":"https:\/\/api.w.org\/{rel}","templated":true}]}}