{"id":71918,"date":"2024-10-31T01:01:15","date_gmt":"2024-10-31T00:01:15","guid":{"rendered":"https:\/\/sn.ambaguinee.org\/?p=71918"},"modified":"2024-10-31T01:01:15","modified_gmt":"2024-10-31T00:01:15","slug":"bourouno-salue-la-revalorisation-des-indemnites-lors-des-missions-cest-une-augmentation-moyenne-de-214","status":"publish","type":"post","link":"https:\/\/sn.ambaguinee.org\/?p=71918","title":{"rendered":"Bourouno salue la revalorisation des indemnit\u00e9s lors des missions : \u00ab c\u2019est une augmentation moyenne de 214% \u00bb"},"content":{"rendered":"<div>\n<div style=\"margin-bottom:20px;\"><img width=\"696\" height=\"526\"src=\"https:\/\/i0.wp.com\/mediaguinee.com\/wp-content\/uploads\/2024\/10\/IMG_6775.jpeg?w=696&amp;ssl=1\" class=\"attachment-post-thumbnail size-post-thumbnail wp-post-image\" alt=\"\" decoding=\"async\" srcset=\"https:\/\/i0.wp.com\/mediaguinee.com\/wp-content\/uploads\/2024\/10\/IMG_6775.jpeg?w=696&amp;ssl=1 696w, https:\/\/i0.wp.com\/mediaguinee.com\/wp-content\/uploads\/2024\/10\/IMG_6775.jpeg?resize=300%2C227&amp;ssl=1 300w, https:\/\/i0.wp.com\/mediaguinee.com\/wp-content\/uploads\/2024\/10\/IMG_6775.jpeg?resize=86%2C64&amp;ssl=1 86w\" sizes=\"(max-width: 696px) 100vw, 696px\" data-attachment-id=\"269243\" data-permalink=\"https:\/\/mediaguinee.com\/2024\/10\/bourouno-salue-la-revalorisation-des-indemnites-lors-des-missions-cest-une-augmentation-moyenne-de-214\/img_6775\/\" data-orig-file=\"https:\/\/i0.wp.com\/mediaguinee.com\/wp-content\/uploads\/2024\/10\/IMG_6775.jpeg?fit=696%2C526&amp;ssl=1\" data-orig-size=\"696,526\" data-comments-opened=\"1\" data-image-meta='{\"aperture\":\"0\",\"credit\":\"\",\"camera\":\"\",\"caption\":\"\",\"created_timestamp\":\"0\",\"copyright\":\"\",\"focal_length\":\"0\",\"iso\":\"0\",\"shutter_speed\":\"0\",\"title\":\"\",\"orientation\":\"1\"}' data-image-title=\"IMG_6775\" data-image-description=\"\" data-image-caption=\"\" data-medium-file=\"https:\/\/i0.wp.com\/mediaguinee.com\/wp-content\/uploads\/2024\/10\/IMG_6775.jpeg?fit=300%2C227&amp;ssl=1\" data-large-file=\"https:\/\/i0.wp.com\/mediaguinee.com\/wp-content\/uploads\/2024\/10\/IMG_6775.jpeg?fit=696%2C526&amp;ssl=1\" tabindex=\"0\" role=\"button\"><\/div>\n<p>Le pr\u00e9sident de la transition le g\u00e9n\u00e9ral Mamadi Doumbouya a pris mercredi un d\u00e9cret sur la revalorisation des indemnit\u00e9s des cadres, hauts cadres et autres agents lors des missions \u00e0 l\u2019int\u00e9rieur et l\u2019ext\u00e9rieur de la Guin\u00e9e.<\/p>\n<p>Le ministre du Travail et de la Fonction publique Fran\u00e7ois Faya Bourouno s\u2019est empress\u00e9 pour expliquer -en fran\u00e7ais facile- le contenu de l\u2019acte du pouvoir central.<\/p>\n<p>\u00ab En ma qualit\u00e9 de Ministre du Travail et de la Fonction Publique, j\u2019exprime une profonde gratitude au Pr\u00e9sident de la R\u00e9publique GL Mamadi DOUMBOUYA pour la signature du D\u00e9cret de revalorisation (une augmentation moyenne de 214%) des indemnit\u00e9s (perdiems) des cadres, hauts cadres et autres agents lors de leurs missions \u00e0 l\u2019int\u00e9rieur et \u00e0 l\u2019ext\u00e9rieur de la Guin\u00e9e \u00bb, s\u2019est r\u00e9joui le ministre.<\/p>\n<p>\u00ab La nouvelle grille d\u2019indemnit\u00e9s, poursuit-il, permet d\u00e9sormais d\u2019effectuer des missions officielles dans des conditions d\u00e9centes, avec une capacit\u00e9 financi\u00e8re de se loger, de se nourrir et de se prendre en charge durant toute les missions officielles de l\u2019Etat \u00bb.<\/p>\n<p>\u00ab Ainsi prend fin la pr\u00e9carit\u00e9 lors des missions officielles ! \u00bb, assure M. Bourouno sur sa page Facebook.<\/p>\n<p><strong>Ousmane CAMARA<\/strong><\/p>\n<p>\u00a0<\/p>\n<p>\u00a0<\/p>\n<p>L\u2019article <a href=\"https:\/\/mediaguinee.com\/2024\/10\/bourouno-salue-la-revalorisation-des-indemnites-lors-des-missions-cest-une-augmentation-moyenne-de-214\/\">Bourouno salue la revalorisation des indemnit\u00e9s lors des missions : \u00ab c\u2019est une augmentation moyenne de 214% \u00bb<\/a> est apparu en premier sur <a href=\"https:\/\/mediaguinee.com\/\">Mediaguinee.com<\/a>.<\/p>\n<\/div>\n","protected":false},"excerpt":{"rendered":"<p>Le pr\u00e9sident de la transition le g\u00e9n\u00e9ral Mamadi Doumbouya a pris mercredi un d\u00e9cret sur la revalorisation des indemnit\u00e9s des cadres, hauts cadres et autres agents lors des missions \u00e0 l\u2019int\u00e9rieur et l\u2019ext\u00e9rieur de la Guin\u00e9e. Le ministre du Travail et de la Fonction publique Fran\u00e7ois Faya Bourouno s\u2019est empress\u00e9 pour expliquer -en fran\u00e7ais facile- &hellip;<\/p>\n","protected":false},"author":1,"featured_media":0,"comment_status":"closed","ping_status":"closed","sticky":false,"template":"","format":"standard","meta":{"footnotes":""},"categories":[2],"tags":[23],"_links":{"self":[{"href":"https:\/\/sn.ambaguinee.org\/index.php?rest_route=\/wp\/v2\/posts\/71918"}],"collection":[{"href":"https:\/\/sn.ambaguinee.org\/index.php?rest_route=\/wp\/v2\/posts"}],"about":[{"href":"https:\/\/sn.ambaguinee.org\/index.php?rest_route=\/wp\/v2\/types\/post"}],"author":[{"embeddable":true,"href":"https:\/\/sn.ambaguinee.org\/index.php?rest_route=\/wp\/v2\/users\/1"}],"replies":[{"embeddable":true,"href":"https:\/\/sn.ambaguinee.org\/index.php?rest_route=%2Fwp%2Fv2%2Fcomments&post=71918"}],"version-history":[{"count":0,"href":"https:\/\/sn.ambaguinee.org\/index.php?rest_route=\/wp\/v2\/posts\/71918\/revisions"}],"wp:attachment":[{"href":"https:\/\/sn.ambaguinee.org\/index.php?rest_route=%2Fwp%2Fv2%2Fmedia&parent=71918"}],"wp:term":[{"taxonomy":"category","embeddable":true,"href":"https:\/\/sn.ambaguinee.org\/index.php?rest_route=%2Fwp%2Fv2%2Fcategories&post=71918"},{"taxonomy":"post_tag","embeddable":true,"href":"https:\/\/sn.ambaguinee.org\/index.php?rest_route=%2Fwp%2Fv2%2Ftags&post=71918"}],"curies":[{"name":"wp","href":"https:\/\/api.w.org\/{rel}","templated":true}]}}