{"id":71919,"date":"2024-10-31T01:01:15","date_gmt":"2024-10-31T00:01:15","guid":{"rendered":"https:\/\/sn.ambaguinee.org\/?p=71919"},"modified":"2024-10-31T01:01:15","modified_gmt":"2024-10-31T00:01:15","slug":"le-president-doumbouya-nomme-plusieurs-hauts-cadres-au-ministere-du-commerce-decret","status":"publish","type":"post","link":"https:\/\/sn.ambaguinee.org\/?p=71919","title":{"rendered":"Le pr\u00e9sident Doumbouya nomme plusieurs hauts cadres au minist\u00e8re du Commerce (d\u00e9cret)"},"content":{"rendered":"<div>\n<div style=\"margin-bottom:20px;\"><img width=\"1080\" height=\"722\"src=\"https:\/\/i0.wp.com\/mediaguinee.com\/wp-content\/uploads\/2023\/02\/Mamadi-Doumbouya-3-jpg.webp?w=1080&amp;ssl=1\" class=\"attachment-post-thumbnail size-post-thumbnail wp-post-image\" alt=\"\" decoding=\"async\" srcset=\"https:\/\/i0.wp.com\/mediaguinee.com\/wp-content\/uploads\/2023\/02\/Mamadi-Doumbouya-3-jpg.webp?w=1080&amp;ssl=1 1080w, https:\/\/i0.wp.com\/mediaguinee.com\/wp-content\/uploads\/2023\/02\/Mamadi-Doumbouya-3-jpg.webp?resize=300%2C201&amp;ssl=1 300w, https:\/\/i0.wp.com\/mediaguinee.com\/wp-content\/uploads\/2023\/02\/Mamadi-Doumbouya-3-jpg.webp?resize=768%2C513&amp;ssl=1 768w, https:\/\/i0.wp.com\/mediaguinee.com\/wp-content\/uploads\/2023\/02\/Mamadi-Doumbouya-3-jpg.webp?resize=1024%2C685&amp;ssl=1 1024w\" sizes=\"(max-width: 1080px) 100vw, 1080px\" data-attachment-id=\"217590\" data-permalink=\"https:\/\/mediaguinee.com\/2023\/02\/compte-rendu-du-conseil-ordinaire-des-ministres-du-jeudi-9-fevrier\/mamadi-doumbouya-3\/\" data-orig-file=\"https:\/\/i0.wp.com\/mediaguinee.com\/wp-content\/uploads\/2023\/02\/Mamadi-Doumbouya-3-jpg.webp?fit=1080%2C722&amp;ssl=1\" data-orig-size=\"1080,722\" data-comments-opened=\"1\" data-image-meta='{\"aperture\":\"0\",\"credit\":\"\",\"camera\":\"\",\"caption\":\"\",\"created_timestamp\":\"0\",\"copyright\":\"\",\"focal_length\":\"0\",\"iso\":\"0\",\"shutter_speed\":\"0\",\"title\":\"\",\"orientation\":\"0\"}' data-image-title=\"Mamadi Doumbouya 3\" data-image-description=\"\" data-image-caption=\"\" data-medium-file=\"https:\/\/i0.wp.com\/mediaguinee.com\/wp-content\/uploads\/2023\/02\/Mamadi-Doumbouya-3-jpg.webp?fit=300%2C201&amp;ssl=1\" data-large-file=\"https:\/\/i0.wp.com\/mediaguinee.com\/wp-content\/uploads\/2023\/02\/Mamadi-Doumbouya-3-jpg.webp?fit=1024%2C685&amp;ssl=1\" tabindex=\"0\" role=\"button\"><\/div>\n<p>Dans un d\u00e9cret publi\u00e9 dans la soir\u00e9e de ce mercredi, 30 octobre 2024, le pr\u00e9sident de la transition guin\u00e9enne, le G\u00e9n\u00e9ral Mamadi Doumbouya, a proc\u00e9d\u00e9 \u00e0 la nomination de plusieurs cadres au d\u00e9partement en charge du Commerce, de l\u2019industrie et des Petites et Moyennes Entreprises. Ce sont :<\/p>\n<ol>\n<li>Inspecteur G\u00e9n\u00e9ral, M. Fod\u00e9 Salifou Sylla, pr\u00e9c\u00e9demment chef de la section planification, statistique et formation au minist\u00e8re en charge du Commerce.\n<\/li>\n<li>\n<p>Inspecteur g\u00e9n\u00e9ral adjoint, M. Mory Diallo<\/p>\n<\/li>\n<li>\n<p>Directeur national du Commerce int\u00e9rieur et de la concurrence, M. Mohamed Traor\u00e9, pr\u00e9c\u00e9demment Directeur g\u00e9n\u00e9ral adjoint du Bureau de strat\u00e9gie et de d\u00e9veloppement au minist\u00e8re en charge de l\u2019Enseignement sup\u00e9rieur.<\/p>\n<\/li>\n<li>\n<p>Directrice nationale adjointe du Commerce int\u00e9rieur et de la concurrence, Mme Saran Diaby, pr\u00e9c\u00e9demment Directrice pr\u00e9fectorale de l\u2019agriculture et de l\u2019\u00e9levage de Coyah.<\/p>\n<\/li>\n<li>\n<p>Directrice nationale adjointe du Commerce ext\u00e9rieur et de la comp\u00e9titivit\u00e9, Mme Diaka Kaba, sp\u00e9cialiste en finance et management d\u2019administration, pr\u00e9c\u00e9demment attach\u00e9e de cabinet au minist\u00e8re en charge du Commerce.<\/p>\n<\/li>\n<li>\n<p>Directrice nationale adjointe du Commerce ext\u00e9rieur et de la comp\u00e9titivit\u00e9, Mme Kadiatou Deka Kamara, pr\u00e9c\u00e9demment chef de d\u00e9partement contr\u00f4le de la restauration collective \u00e0 l\u2019Office nationale de contr\u00f4le de qualit\u00e9.<\/p>\n<\/li>\n<li>\n<p>Directeur national de l\u2019industrie, M. Boubacar Diallo, coordinateur du projet Potentiel, pr\u00e9c\u00e9demment Directeur appui aux entreprises \u00e0 l\u2019Agence de promotion des investissements priv\u00e9s.<\/p>\n<\/li>\n<li>\n<p>Directeur national adjoint de l\u2019industrie, M.Ibrahima Talib\u00e9 Camara, consultant project manager.<\/p>\n<\/li>\n<li>\n<p>Directrice nationale de la promotion du secteur priv\u00e9, Dr. Karim Tad Diallo, pr\u00e9c\u00e9demment directrice nationale des partenariats publics priv\u00e9s.<\/p>\n<\/li>\n<li>\n<p>Directeur national adjoint de la promotion du secteur priv\u00e9, M. Sanoussi Kaba, gestionnaire.<\/p>\n<\/li>\n<li>\n<p>Directeur national des partenariats publics priv\u00e9s, M. Mandiou Kant\u00e9, pr\u00e9c\u00e9demment directeur national adjoint de la promotion du secteur priv\u00e9 au minist\u00e8re en charge de commerce.<\/p>\n<\/li>\n<li>\n<p>Directeur national adjoint des partenariats publics priv\u00e9s, M. Gouraissi Barry, pr\u00e9c\u00e9demment chef section dialogue public-priv\u00e9 \u00e0 la division environnement climat des affaires et dialogue public-priv\u00e9 de la direction nationale de la promotion du secteur priv\u00e9.<\/p>\n<\/li>\n<li>\n<p>Directrice nationale des petites et moyennes entreprises et du contenu local, Mme Siaka Mio Tolno, pr\u00e9c\u00e9demment directrice g\u00e9n\u00e9rale adjointe de l\u2019Agence guin\u00e9enne de promotion des exportations Aguipex.<\/p>\n<\/li>\n<li>\n<p>Directeur national adjoint des petits et moyennes entreprises et du contenu local, M. Saifoulaye Ch\u00e9rif Bah.<\/p>\n<\/li>\n<li>\n<p>Directeur g\u00e9n\u00e9ral de l\u2019agence guin\u00e9enne de promotion des exportations, M. Amadou Daff Bald\u00e9, pr\u00e9c\u00e9demment directeur national du commerce ext\u00e9rieur et de la comp\u00e9titivit\u00e9.<\/p>\n<\/li>\n<li>\n<p>Directrice g\u00e9n\u00e9rale adjointe de l\u2019agence guin\u00e9enne des exportations, Mme sayon Sylla chef d\u2019entreprise.<\/p>\n<\/li>\n<li>\n<p>Directrice g\u00e9n\u00e9rale du Fonds du d\u00e9veloppement industriel et des PME, Mme fanta B\u00e9r\u00e9t\u00e9, pr\u00e9c\u00e9demment directrice nationale des PME et du contenu local.<\/p>\n<\/li>\n<li>\n<p>Directeur g\u00e9n\u00e9ral adjoint du Fonds du d\u00e9veloppement industriel et des PME, M.Mamadou Barry.<\/p>\n<\/li>\n<li>\n<p>Directeur g\u00e9n\u00e9ral du Fonds de garantie de pr\u00eat aux entreprises, M. Mamoudou Mara, pr\u00e9c\u00e9demment directeur g\u00e9n\u00e9ral de l\u2019Aguipex.<\/p>\n<\/li>\n<li>\n<p>Directeur g\u00e9n\u00e9ral adjoint du Fonds de garantie de pr\u00eat aux entreprises, M. Karim Sangar\u00e9, consultant en management de projets, sp\u00e9cialiste en commande publique.<\/p>\n<\/li>\n<li>\n<p>Directeur g\u00e9n\u00e9ral du Centre pilote des technologies industrielles, Dr Mamady Balla camara, pr\u00e9c\u00e9demment directeur national de l\u2019industrie.<\/p>\n<\/li>\n<li>\n<p>Directeur g\u00e9n\u00e9ral adjoint du Centre pilote des technologies industrielles, M. B\u00e9noi Delamou.<\/p>\n<\/li>\n<li>\n<p>Directrice g\u00e9n\u00e9rale de strat\u00e9gie et du d\u00e9veloppement, Mme Bintou Ary K\u00e9ita, sp\u00e9cialiste en suivi \u00e9valuation, responsable base des donn\u00e9es de la composante 1 am\u00e9lioration de l\u2019agriculture familiale et r\u00e9silience au changement climatique \u00e0 Agripharm au Minist\u00e8re en charge de l\u2019Agriculture.<\/p>\n<\/li>\n<li>\n<p>Directrice g\u00e9n\u00e9rale de strat\u00e9gie et de d\u00e9veloppement, M. Ousmane Bodj\u00e9 Barry<\/p>\n<\/li>\n<\/ol>\n<p>\u00a0<\/p>\n<p>\u00a0<\/p>\n<p>\u00a0<\/p>\n<p>L\u2019article <a href=\"https:\/\/mediaguinee.com\/2024\/10\/le-president-doumbouya-nomme-plusieurs-hauts-cadres-au-ministere-du-commerce-decret\/\">Le pr\u00e9sident Doumbouya nomme plusieurs hauts cadres au minist\u00e8re du Commerce (d\u00e9cret)<\/a> est apparu en premier sur <a href=\"https:\/\/mediaguinee.com\/\">Mediaguinee.com<\/a>.<\/p>\n<\/div>\n","protected":false},"excerpt":{"rendered":"<p>Dans un d\u00e9cret publi\u00e9 dans la soir\u00e9e de ce mercredi, 30 octobre 2024, le pr\u00e9sident de la transition guin\u00e9enne, le G\u00e9n\u00e9ral Mamadi Doumbouya, a proc\u00e9d\u00e9 \u00e0 la nomination de plusieurs cadres au d\u00e9partement en charge du Commerce, de l\u2019industrie et des Petites et Moyennes Entreprises. Ce sont : Inspecteur G\u00e9n\u00e9ral, M. Fod\u00e9 Salifou Sylla, pr\u00e9c\u00e9demment &hellip;<\/p>\n","protected":false},"author":1,"featured_media":0,"comment_status":"closed","ping_status":"closed","sticky":false,"template":"","format":"standard","meta":{"footnotes":""},"categories":[2],"tags":[23],"_links":{"self":[{"href":"https:\/\/sn.ambaguinee.org\/index.php?rest_route=\/wp\/v2\/posts\/71919"}],"collection":[{"href":"https:\/\/sn.ambaguinee.org\/index.php?rest_route=\/wp\/v2\/posts"}],"about":[{"href":"https:\/\/sn.ambaguinee.org\/index.php?rest_route=\/wp\/v2\/types\/post"}],"author":[{"embeddable":true,"href":"https:\/\/sn.ambaguinee.org\/index.php?rest_route=\/wp\/v2\/users\/1"}],"replies":[{"embeddable":true,"href":"https:\/\/sn.ambaguinee.org\/index.php?rest_route=%2Fwp%2Fv2%2Fcomments&post=71919"}],"version-history":[{"count":0,"href":"https:\/\/sn.ambaguinee.org\/index.php?rest_route=\/wp\/v2\/posts\/71919\/revisions"}],"wp:attachment":[{"href":"https:\/\/sn.ambaguinee.org\/index.php?rest_route=%2Fwp%2Fv2%2Fmedia&parent=71919"}],"wp:term":[{"taxonomy":"category","embeddable":true,"href":"https:\/\/sn.ambaguinee.org\/index.php?rest_route=%2Fwp%2Fv2%2Fcategories&post=71919"},{"taxonomy":"post_tag","embeddable":true,"href":"https:\/\/sn.ambaguinee.org\/index.php?rest_route=%2Fwp%2Fv2%2Ftags&post=71919"}],"curies":[{"name":"wp","href":"https:\/\/api.w.org\/{rel}","templated":true}]}}