{"id":72060,"date":"2024-11-04T07:13:43","date_gmt":"2024-11-04T06:13:43","guid":{"rendered":"https:\/\/sn.ambaguinee.org\/?p=72060"},"modified":"2024-11-04T07:13:43","modified_gmt":"2024-11-04T06:13:43","slug":"justice-face-a-ousmane-kaba-makanera-ne-savoue-pas-vaincu-en-aucun-cas-il-ne-peut-gagner-contre-moi","status":"publish","type":"post","link":"https:\/\/sn.ambaguinee.org\/?p=72060","title":{"rendered":"Justice- Face \u00e0 Ousmane Kaba, Makan\u00e9ra ne s\u2019avoue pas vaincu : \u00ab en aucun cas, il ne peut gagner contre moi\u00bb"},"content":{"rendered":"<div>\n<div style=\"margin-bottom:20px;\"><img width=\"1280\" height=\"960\"src=\"https:\/\/i0.wp.com\/mediaguinee.com\/wp-content\/uploads\/2024\/11\/5ab1a5d1-3d5b-465f-ae8c-df4d20fc7554.jpeg?w=1280&amp;ssl=1\" class=\"attachment-post-thumbnail size-post-thumbnail wp-post-image\" alt=\"\" decoding=\"async\" srcset=\"https:\/\/i0.wp.com\/mediaguinee.com\/wp-content\/uploads\/2024\/11\/5ab1a5d1-3d5b-465f-ae8c-df4d20fc7554.jpeg?w=1280&amp;ssl=1 1280w, https:\/\/i0.wp.com\/mediaguinee.com\/wp-content\/uploads\/2024\/11\/5ab1a5d1-3d5b-465f-ae8c-df4d20fc7554.jpeg?resize=300%2C225&amp;ssl=1 300w, https:\/\/i0.wp.com\/mediaguinee.com\/wp-content\/uploads\/2024\/11\/5ab1a5d1-3d5b-465f-ae8c-df4d20fc7554.jpeg?resize=1024%2C768&amp;ssl=1 1024w, https:\/\/i0.wp.com\/mediaguinee.com\/wp-content\/uploads\/2024\/11\/5ab1a5d1-3d5b-465f-ae8c-df4d20fc7554.jpeg?resize=768%2C576&amp;ssl=1 768w, https:\/\/i0.wp.com\/mediaguinee.com\/wp-content\/uploads\/2024\/11\/5ab1a5d1-3d5b-465f-ae8c-df4d20fc7554.jpeg?resize=86%2C64&amp;ssl=1 86w\" sizes=\"(max-width: 1280px) 100vw, 1280px\" data-attachment-id=\"269448\" data-permalink=\"https:\/\/mediaguinee.com\/2024\/11\/alhoussein-makanera-leader-fnd-moi-je-ne-vois-aucun-mal-quil-mamadi-doumbouya-soit-candidat\/5ab1a5d1-3d5b-465f-ae8c-df4d20fc7554\/\" data-orig-file=\"https:\/\/i0.wp.com\/mediaguinee.com\/wp-content\/uploads\/2024\/11\/5ab1a5d1-3d5b-465f-ae8c-df4d20fc7554.jpeg?fit=1280%2C960&amp;ssl=1\" data-orig-size=\"1280,960\" data-comments-opened=\"1\" data-image-meta='{\"aperture\":\"0\",\"credit\":\"\",\"camera\":\"\",\"caption\":\"\",\"created_timestamp\":\"1730570161\",\"copyright\":\"\",\"focal_length\":\"0\",\"iso\":\"0\",\"shutter_speed\":\"0\",\"title\":\"\",\"orientation\":\"1\"}' data-image-title=\"5ab1a5d1-3d5b-465f-ae8c-df4d20fc7554\" data-image-description=\"\" data-image-caption=\"\" data-medium-file=\"https:\/\/i0.wp.com\/mediaguinee.com\/wp-content\/uploads\/2024\/11\/5ab1a5d1-3d5b-465f-ae8c-df4d20fc7554.jpeg?fit=300%2C225&amp;ssl=1\" data-large-file=\"https:\/\/i0.wp.com\/mediaguinee.com\/wp-content\/uploads\/2024\/11\/5ab1a5d1-3d5b-465f-ae8c-df4d20fc7554.jpeg?fit=1024%2C768&amp;ssl=1\" tabindex=\"0\" role=\"button\"><\/div>\n<p style=\"font-weight: 400;\">Le proc\u00e9dure judiciaire pour des faits \u00abde diffamation\u00bb qui oppose l\u2019ancien ministre de la la Communication \u00e0 au fondateur de l\u2019Universit\u00e9 Kofi Annan de Guin\u00e9e est loin de conna\u00eetre son \u00e9pilogue. Malgr\u00e9 la victoire du Dr Ousmane Kaba en premi\u00e8re instance au tribunal de Dixinn, Alhoussein Makan\u00e9ra Kak\u00e9 ne s\u2019avoue pas vaincu.<\/p>\n<p style=\"font-weight: 400;\"><span data-originalfontsize=\"20pt\" data-originalcomputedfontsize=\"26.666666\">Ce samedi 02 novembre, lors de la conf\u00e9rence de presse qu\u2019il a anim\u00e9e au compte de l\u2019ONG EPT Solidaire, le pr\u00e9sident du parti FND a donn\u00e9 la raison pour laquelle il a fait appel du jugement de Dixinn devant la Cour d\u2019Appel et a d\u00e9cid\u00e9 de porter plainte contre deux magistrats au Conseil Sup\u00e9rieur de la Magistrature.\u00a0<\/span><\/p>\n<p style=\"font-weight: 400;\"><span data-originalfontsize=\"20pt\" data-originalcomputedfontsize=\"26.666666\">L\u2019acteur politique est revenu sur les propos qu\u2019il a tenus dans une \u00e9mission il y a bient\u00f4t une ann\u00e9e. \u00a0\u00abJ\u2019ai \u00e9t\u00e9 poursuivi par Dr Ousmane Kaba du PADES pour diffamation. J\u2019ai perdu le proc\u00e8s \u00e0 Dixinn. Naturellement, j\u2019ai fait appel de la d\u00e9cision et ensuite je me suis plaint au Conseil sup\u00e9rieur de la magistrature, parce que de toute fa\u00e7on, les magistrats sont comme vous et moi, ils ne sont pas au-dessus de la loi. Ils sont justiciables comme nous. Donc on attend ce proc\u00e8s. Mais je vais vous dire rapidement certaines choses par rapport \u00e0 ce proc\u00e8s. D\u2019abord, avant m\u00eame le \u00a0proc\u00e8s, Ousmane Kaba qui est chantre de la bonne gestion, qui dit m\u00eame quand vous trouvez un certain montant dans le compte de quelqu\u2019un, un fonctionnaire, il faut l\u2019arr\u00eater. Vous n\u2019\u00eates pas \u00e9tonn\u00e9 que ce monsieur, qui aspire \u00e0 \u00eatre demain pr\u00e9sident de la R\u00e9publique, porte plainte contre quelqu\u2019un parce qu\u2019il a dit qu\u2019il avait un contrat avec l\u2019\u00c9tat\u00bb, a-t-il rappel\u00e9.\u00a0<\/span><\/p>\n<p style=\"font-weight: 400;\"><span data-originalfontsize=\"20pt\" data-originalcomputedfontsize=\"26.666666\">Poursuivant l\u2019ancien repr\u00e9sentant du peuple \u00e0 l\u2019assembl\u00e9e nationale croit savoir que l\u2019ancien ministre de l\u2019Economie et des Finances devrait saisir cette opportunit\u00e9 pour se distinguer des bruits qui courent sur les cas de corruption en R\u00e9publique de Guin\u00e9e. \u00abMoi, je pensais que la meilleure fa\u00e7on, pour lui, c\u2019est de publier son contrat pour prouver que lui dans cet oc\u00e9an des gens qui d\u00e9tournent, des corrompus et des corrupteurs, il est sain. Il \u00a0allait nous montrer la fausset\u00e9 du rapport que Yoro Bald\u00e9 a pr\u00e9sent\u00e9 parce que je n\u2019ai rien invent\u00e9. Quand j\u2019\u00e9tais au gouvernement, nous avons d\u00e9cid\u00e9 de faire un contr\u00f4le au niveau des universit\u00e9s parce que c\u2019\u00e9tait consid\u00e9r\u00e9 comme une plaie b\u00e9ante. Donc Yero Bald\u00e9 \u00a0a fait une \u00e9tude o\u00f9 il a d\u00e9montr\u00e9 que le fondateur de Kofi Annan avait re\u00e7u un montant \u00a0de l\u2019ordre de 300 et quelques milliards. Ils sont partis l\u00e0-bas. Maintenant, moi j\u2019ai dit qu\u2019il a re\u00e7u ce contrat et il a port\u00e9 plainte contre moi pour \u00e7a \u00bb.\u00a0<\/span><\/p>\n<p style=\"font-weight: 400;\"><span data-originalfontsize=\"20pt\" data-originalcomputedfontsize=\"26.666666\">Par ailleurs, Makan\u00e9ra Kak\u00e9 a ajout\u00e9 ceci\u00a0: \u00abMais je suis \u00e9tonn\u00e9 que la m\u00eame personne peut encore devant vous les journalistes parler de la bonne gestion. Dans un pays qui n\u2019est pas le n\u00f4tre, quand un leader de parti politique porte plainte contre un n\u00f4tre, parce que lui, il a dit qu\u2019il a eu un contrat, il ne peut plus parler de bonne gestion dans ce \u00a0pays-l\u00e0. Il ne pourra plus. C\u2019est devant vous il peut oser. Si c\u2019\u00e9tait au S\u00e9n\u00e9gal, la premi\u00e8re des \u00a0questions qu\u2019on allait lui poser, c\u2019est o\u00f9 est le rapport ? Parce que ce que j\u2019ai appris, le contrat qui a \u00e9t\u00e9 sign\u00e9 avant le contr\u00f4le est diff\u00e9rent du contrat qui a \u00e9t\u00e9 sign\u00e9 apr\u00e8s le \u00a0contr\u00f4le. Il dit que le montant que j\u2019ai dit, c\u2019est faux, il n\u2019a qu\u2019\u00e0 publier le montant qui est vrai. \u00c7a, c\u2019est par rapport \u00e0 Ousmane Kaba. Il dit aussi qu\u2019il n\u2019est pas brillant, il est choqu\u00e9. Mais entre \u00a0quelqu\u2019un qui n\u2019est m\u00eame pas un d\u00e9put\u00e9, qui n\u2019est m\u00eame pas un conseiller communal, on n\u2019ose pas dire qu\u2019il est brillant, on n\u2019ose pas dire qu\u2019il a sign\u00e9 un contrat, mais s\u2019il devient pr\u00e9sident c\u2019est la peine de la d\u00e9mocratie. \u00c0 votre place, je n\u2019allais pas donner un micro \u00e0 lui, honn\u00eatement \u00a0parlant. Mais ce que je dis, apr\u00e8s, si j\u2019allais lui poser des questions par \u00a0rapport au proc\u00e8s, je vais vous dire des choses qui vont vous surprendre \u00bb.\u00a0<\/span><\/p>\n<p style=\"font-weight: 400;\"><span data-originalfontsize=\"20pt\" data-originalcomputedfontsize=\"26.666666\">Plus loin, cet acteur politique de fonder son argumentaire sur la loi portant sur la libert\u00e9 de la presse en Guin\u00e9e \u00ab D\u2019abord, la loi sur la \u00a0libert\u00e9 de la presse n\u2019a jamais \u00e9t\u00e9 comprise, \u00e7a je vous le dis, m\u00eame moi au d\u00e9but je ne comprenais pas, parce que nous avons estim\u00e9 que cette loi \u00e9tait venue pour prot\u00e9ger les journalistes, ce qui n\u2019est pas vrai. La d\u00e9p\u00e9nalisation des d\u00e9lits de presse veut tout simplement dire que tous les d\u00e9lits commis par la loi de presse sont d\u00e9p\u00e9nalis\u00e9s, que \u00e7a soit un journaliste, un politicien ou n\u2019importe quelle autre personne. Et on va plus loin. M\u00eame la r\u00e9paration en civil, c\u2019est l\u2019organe \u00a0de presse qui r\u00e9pare, ce n\u2019est pas l\u2019int\u00e9ress\u00e9. Donc, en aucun cas, Ousmane Kaba ne peut gagner contre moi. D\u2019abord, je ne l\u2019ai pas diffam\u00e9. Mais m\u00eame si la diffamation \u00e9tait r\u00e9elle, allez regarder dans la loi sur la libert\u00e9 de la presse, j\u2019ai dans le t\u00e9l\u00e9phone ici, vous allez voir que la r\u00e9paration c\u2019est l\u2019organe de presse qui r\u00e9pare.\u00a0<\/span><\/p>\n<p style=\"font-weight: 400;\"><span data-originalfontsize=\"20pt\" data-originalcomputedfontsize=\"26.666666\">Deuxi\u00e8mement, la proc\u00e9dure, je devais \u00eatre en \u00a0possession de la liste des t\u00e9moins, nom, pr\u00e9nom, adresse, trois jours francs avant l\u2019ouverture du proc\u00e8s, sinon Ousmane Kaba est d\u00e9bout\u00e9 de toutes ses pr\u00e9tentions. \u00c7a aussi, c\u2019est la loi sur la libert\u00e9 de la presse\u2026 \u00bb<\/span><\/p>\n<p style=\"font-weight: 400;\"><strong><span data-originalfontsize=\"20pt\" data-originalcomputedfontsize=\"26.666666\">Mamadou Yaya Barry\u00a0<\/span><\/strong><\/p>\n<p>L\u2019article <a href=\"https:\/\/mediaguinee.com\/2024\/11\/justice-face-a-ousmane-kaba-makanera-ne-savoue-pas-vaincu-en-aucun-cas-ousmane-kaba-ne-peut-gagner-contre-moi\/\">Justice- Face \u00e0 Ousmane Kaba, Makan\u00e9ra ne s\u2019avoue pas vaincu : \u00ab en aucun cas, il ne peut gagner contre moi\u00bb<\/a> est apparu en premier sur <a href=\"https:\/\/mediaguinee.com\/\">Mediaguinee.com<\/a>.<\/p>\n<\/div>\n","protected":false},"excerpt":{"rendered":"<p>Le proc\u00e9dure judiciaire pour des faits \u00abde diffamation\u00bb qui oppose l\u2019ancien ministre de la la Communication \u00e0 au fondateur de l\u2019Universit\u00e9 Kofi Annan de Guin\u00e9e est loin de conna\u00eetre son \u00e9pilogue. Malgr\u00e9 la victoire du Dr Ousmane Kaba en premi\u00e8re instance au tribunal de Dixinn, Alhoussein Makan\u00e9ra Kak\u00e9 ne s\u2019avoue pas vaincu. Ce samedi 02 &hellip;<\/p>\n","protected":false},"author":1,"featured_media":0,"comment_status":"closed","ping_status":"closed","sticky":false,"template":"","format":"standard","meta":{"footnotes":""},"categories":[2],"tags":[23],"_links":{"self":[{"href":"https:\/\/sn.ambaguinee.org\/index.php?rest_route=\/wp\/v2\/posts\/72060"}],"collection":[{"href":"https:\/\/sn.ambaguinee.org\/index.php?rest_route=\/wp\/v2\/posts"}],"about":[{"href":"https:\/\/sn.ambaguinee.org\/index.php?rest_route=\/wp\/v2\/types\/post"}],"author":[{"embeddable":true,"href":"https:\/\/sn.ambaguinee.org\/index.php?rest_route=\/wp\/v2\/users\/1"}],"replies":[{"embeddable":true,"href":"https:\/\/sn.ambaguinee.org\/index.php?rest_route=%2Fwp%2Fv2%2Fcomments&post=72060"}],"version-history":[{"count":0,"href":"https:\/\/sn.ambaguinee.org\/index.php?rest_route=\/wp\/v2\/posts\/72060\/revisions"}],"wp:attachment":[{"href":"https:\/\/sn.ambaguinee.org\/index.php?rest_route=%2Fwp%2Fv2%2Fmedia&parent=72060"}],"wp:term":[{"taxonomy":"category","embeddable":true,"href":"https:\/\/sn.ambaguinee.org\/index.php?rest_route=%2Fwp%2Fv2%2Fcategories&post=72060"},{"taxonomy":"post_tag","embeddable":true,"href":"https:\/\/sn.ambaguinee.org\/index.php?rest_route=%2Fwp%2Fv2%2Ftags&post=72060"}],"curies":[{"name":"wp","href":"https:\/\/api.w.org\/{rel}","templated":true}]}}