{"id":72126,"date":"2024-11-06T07:40:58","date_gmt":"2024-11-06T06:40:58","guid":{"rendered":"https:\/\/sn.ambaguinee.org\/?p=72126"},"modified":"2024-11-06T07:40:58","modified_gmt":"2024-11-06T06:40:58","slug":"mise-en-liberte-delhadj-nouhou-diallo-accuse-de-viol-lavocat-general-met-les-points-sur-les-i","status":"publish","type":"post","link":"https:\/\/sn.ambaguinee.org\/?p=72126","title":{"rendered":"Mise en libert\u00e9 d\u2019Elhadj Nouhou Diallo accus\u00e9 de viol : l\u2019avocat g\u00e9n\u00e9ral met les points sur les i"},"content":{"rendered":"<div>\n<div style=\"margin-bottom:20px;\"><img width=\"1079\" height=\"712\"src=\"https:\/\/i0.wp.com\/mediaguinee.com\/wp-content\/uploads\/2023\/02\/Viol-jpg.webp?w=1079&amp;ssl=1\" class=\"attachment-post-thumbnail size-post-thumbnail wp-post-image\" alt=\"\" decoding=\"async\" srcset=\"https:\/\/i0.wp.com\/mediaguinee.com\/wp-content\/uploads\/2023\/02\/Viol-jpg.webp?w=1079&amp;ssl=1 1079w, https:\/\/i0.wp.com\/mediaguinee.com\/wp-content\/uploads\/2023\/02\/Viol-jpg.webp?resize=300%2C198&amp;ssl=1 300w, https:\/\/i0.wp.com\/mediaguinee.com\/wp-content\/uploads\/2023\/02\/Viol-jpg.webp?resize=768%2C507&amp;ssl=1 768w, https:\/\/i0.wp.com\/mediaguinee.com\/wp-content\/uploads\/2023\/02\/Viol-jpg.webp?resize=1024%2C676&amp;ssl=1 1024w\" sizes=\"(max-width: 1079px) 100vw, 1079px\" data-attachment-id=\"216669\" data-permalink=\"https:\/\/mediaguinee.com\/2023\/02\/koubia-il-enceinte-sa-fille-mineure-et-prend-la-fuite-juge-de-paix\/viol-8\/\" data-orig-file=\"https:\/\/i0.wp.com\/mediaguinee.com\/wp-content\/uploads\/2023\/02\/Viol-jpg.webp?fit=1079%2C712&amp;ssl=1\" data-orig-size=\"1079,712\" data-comments-opened=\"1\" data-image-meta='{\"aperture\":\"0\",\"credit\":\"\",\"camera\":\"\",\"caption\":\"\",\"created_timestamp\":\"0\",\"copyright\":\"\",\"focal_length\":\"0\",\"iso\":\"0\",\"shutter_speed\":\"0\",\"title\":\"\",\"orientation\":\"0\"}' data-image-title=\"Viol\" data-image-description=\"\" data-image-caption=\"\" data-medium-file=\"https:\/\/i0.wp.com\/mediaguinee.com\/wp-content\/uploads\/2023\/02\/Viol-jpg.webp?fit=300%2C198&amp;ssl=1\" data-large-file=\"https:\/\/i0.wp.com\/mediaguinee.com\/wp-content\/uploads\/2023\/02\/Viol-jpg.webp?fit=1024%2C676&amp;ssl=1\" tabindex=\"0\" role=\"button\"><\/div>\n<p>Dans un communiqu\u00e9, l\u2019Avocat g\u00e9n\u00e9ral Mohamed Lamine Diallo est mont\u00e9 au cr\u00e9neau pour d\u00e9noncer le nomm\u00e9 Thieeno Sow.<\/p>\n<p>\u00ab Le Parquet G\u00e9n\u00e9ral de Conakry constate avec regret qu\u2019un individu r\u00e9pondant au nom de Tidiane Sow, distille \u00e0 dessein des fausses informations \u00e0 travers des organes de presse en jetant de l\u2019opprobre et du discr\u00e9dit sur le premier responsable du parquet g\u00e9n\u00e9ral de Conakry portant ainsi atteinte \u00e0 son honneur et a la dignit\u00e9 de l\u2019institution judiciaire suite \u00e0 l\u2019ex\u00e9cution de l\u2019ordonnance de mise en libert\u00e9 assortie de contr\u00f4le judiciaire rendue par monsieur le Pr\u00e9sident de la deuxi\u00e8me chambre de contr\u00f4le de l\u2019instruction de la cour d\u2019appel de Conakry en faveur de l\u2019inculp\u00e9 Elhadj Nouhou Diallo \u00bb, d\u00e9plore le Parquet. Indiquant que \u00ab le susnomm\u00e9 fait croire \u00e0 l\u2019opinion que cette mesure a \u00e9t\u00e9 accord\u00e9e contre r\u00e9tribution des num\u00e9raires au profit du premier responsable du parquet g\u00e9n\u00e9ral \u00bb.<\/p>\n<p>\u00ab Saisissant cette occasion, le parquet g\u00e9n\u00e9ral rappelle que cons\u00e9cutivement \u00e0 l\u2019ordonnance de placement en d\u00e9tention provisoire prise le 23 octobre 2023 par la juridiction d\u2019instruction du Tribunal de premi\u00e8re instance de Dixinn contre El-hadj Nouhou Diallo, inculp\u00e9 pari tant d\u2019autres pour des faits de viol, avortement et complicit\u00e9 d\u2019avortements, son conseil, a imm\u00e9diatement relev\u00e9 appel contre ladite ordonnance et a par requ\u00eate du m\u00e8me jour saisi monsieur le pr\u00e9sident de la deuxi\u00e8me chambre de contr\u00f4le de l\u2019instruction de la cour d\u2019appel de Conakry aux fins d\u2019infirmation de l\u2019ordonnance querell\u00e9e tout en sollicitant de ce magistrat la mise en libert\u00e9 imm\u00e9diate de son client \u00bb, pr\u00e9cise l\u2019avocat g\u00e9n\u00e9ral dans son communiqu\u00e9.<\/p>\n<p>\u00ab Cependant, poursuit le parquet, malgr\u00e9 l\u2019opposition de l\u2019avocat g\u00e9n\u00e9ral repr\u00e9sentant le minist\u00e8re public qui s\u2019est appuy\u00e9 sur des \u00e9l\u00e9ments r\u00e9sultant des faits de la cause et des points de droit lors de l\u2019audience tenue le 25 octobre 2024, le pr\u00e9sident de la chambre de contr\u00f4le de l\u2019instruction rendait souverainement une ordonnance de remise en libert\u00e9 et de placement sous contr\u00f4le judiciaire en faveur de l\u2019inculp\u00e9 Elhadj Nouhou Diallo \u00bb.<\/p>\n<p>Plus loin, le Parquet G\u00e9n\u00e9ral de souligner que \u00ab cette ordonnance a \u00e9t\u00e9 prise sur le fondement des dispositions de l\u2019article 294 alin\u00e9a 5 du code de proc\u00e9dure p\u00e9nale et elle est insusceptible de recours d\u2019autant plus que cet article \u00e9nonce que: \u00ab Le pr\u00e9sident de la chambre de contr\u00f4le de l\u2019instruction ou le magistrat qui le remplace statue au plus tard le troisi\u00e8me jour ouvrable suivant la demande, au vu des \u00e9l\u00e9ments du dossier de la proc\u00e9dure, par une ordonnance non motiv\u00e9e qui n\u2019est pas susceptible de recours \u00bb le Parquet G\u00e9n\u00e9ral \u00e9tant tenu de veiller \u00e0 l\u2019ex\u00e9cution des d\u00e9cisions de justice conform\u00e9ment aux prescriptions de l\u2019article 41 alin\u00e9a 3 du code de proc\u00e9dure p\u00e9nale n\u2019avait d\u2019autres choix que de se conformer \u00e0 la loi en ex\u00e9cutant l\u2019ordonnance querell\u00e9e et aussi s\u2019assurer du respect par l\u2019inculp\u00e9 des obligations du contr\u00f4le judiciaire jusqu\u2019aux termes de la proc\u00e9dure. Rappelant \u00ab qu\u2019aucun recours contre l\u2019ordonnance susvis\u00e9e n\u2019est admissible par une quelconque loi en vue d\u2019emp\u00eacher son ex\u00e9cution \u00bb.<\/p>\n<p>L\u2019article <a href=\"https:\/\/mediaguinee.com\/2024\/11\/mise-en-liberte-delhadj-nouhou-diallo-accuse-de-viol-lavocat-general-met-les-points-sur-les-i\/\">Mise en libert\u00e9 d\u2019Elhadj Nouhou Diallo accus\u00e9 de viol : l\u2019avocat g\u00e9n\u00e9ral met les points sur les i<\/a> est apparu en premier sur <a href=\"https:\/\/mediaguinee.com\/\">Mediaguinee.com<\/a>.<\/p>\n<\/div>\n","protected":false},"excerpt":{"rendered":"<p>Dans un communiqu\u00e9, l\u2019Avocat g\u00e9n\u00e9ral Mohamed Lamine Diallo est mont\u00e9 au cr\u00e9neau pour d\u00e9noncer le nomm\u00e9 Thieeno Sow. \u00ab Le Parquet G\u00e9n\u00e9ral de Conakry constate avec regret qu\u2019un individu r\u00e9pondant au nom de Tidiane Sow, distille \u00e0 dessein des fausses informations \u00e0 travers des organes de presse en jetant de l\u2019opprobre et du discr\u00e9dit sur &hellip;<\/p>\n","protected":false},"author":1,"featured_media":0,"comment_status":"closed","ping_status":"closed","sticky":false,"template":"","format":"standard","meta":{"footnotes":""},"categories":[2],"tags":[23],"_links":{"self":[{"href":"https:\/\/sn.ambaguinee.org\/index.php?rest_route=\/wp\/v2\/posts\/72126"}],"collection":[{"href":"https:\/\/sn.ambaguinee.org\/index.php?rest_route=\/wp\/v2\/posts"}],"about":[{"href":"https:\/\/sn.ambaguinee.org\/index.php?rest_route=\/wp\/v2\/types\/post"}],"author":[{"embeddable":true,"href":"https:\/\/sn.ambaguinee.org\/index.php?rest_route=\/wp\/v2\/users\/1"}],"replies":[{"embeddable":true,"href":"https:\/\/sn.ambaguinee.org\/index.php?rest_route=%2Fwp%2Fv2%2Fcomments&post=72126"}],"version-history":[{"count":0,"href":"https:\/\/sn.ambaguinee.org\/index.php?rest_route=\/wp\/v2\/posts\/72126\/revisions"}],"wp:attachment":[{"href":"https:\/\/sn.ambaguinee.org\/index.php?rest_route=%2Fwp%2Fv2%2Fmedia&parent=72126"}],"wp:term":[{"taxonomy":"category","embeddable":true,"href":"https:\/\/sn.ambaguinee.org\/index.php?rest_route=%2Fwp%2Fv2%2Fcategories&post=72126"},{"taxonomy":"post_tag","embeddable":true,"href":"https:\/\/sn.ambaguinee.org\/index.php?rest_route=%2Fwp%2Fv2%2Ftags&post=72126"}],"curies":[{"name":"wp","href":"https:\/\/api.w.org\/{rel}","templated":true}]}}