{"id":72213,"date":"2024-11-08T11:28:25","date_gmt":"2024-11-08T10:28:25","guid":{"rendered":"https:\/\/sn.ambaguinee.org\/?p=72213"},"modified":"2024-11-08T11:28:25","modified_gmt":"2024-11-08T10:28:25","slug":"la-fondation-orange-guinee-inaugure-un-nouveau-centre-dhemodialyse-a-conakry-pour-ameliorer-lacces-aux-soins","status":"publish","type":"post","link":"https:\/\/sn.ambaguinee.org\/?p=72213","title":{"rendered":"La Fondation Orange Guin\u00e9e inaugure un nouveau centre d\u2019h\u00e9modialyse \u00e0 Conakry pour am\u00e9liorer l\u2019acc\u00e8s aux soins"},"content":{"rendered":"<div>\n<div style=\"margin-bottom:20px;\"><img width=\"1920\" height=\"1280\"src=\"https:\/\/i0.wp.com\/mediaguinee.com\/wp-content\/uploads\/2024\/11\/IMG_7098.jpeg?w=1920&amp;ssl=1\" class=\"attachment-post-thumbnail size-post-thumbnail wp-post-image\" alt=\"\" decoding=\"async\" srcset=\"https:\/\/i0.wp.com\/mediaguinee.com\/wp-content\/uploads\/2024\/11\/IMG_7098.jpeg?w=1920&amp;ssl=1 1920w, https:\/\/i0.wp.com\/mediaguinee.com\/wp-content\/uploads\/2024\/11\/IMG_7098.jpeg?resize=300%2C200&amp;ssl=1 300w, https:\/\/i0.wp.com\/mediaguinee.com\/wp-content\/uploads\/2024\/11\/IMG_7098.jpeg?resize=1024%2C683&amp;ssl=1 1024w, https:\/\/i0.wp.com\/mediaguinee.com\/wp-content\/uploads\/2024\/11\/IMG_7098.jpeg?resize=768%2C512&amp;ssl=1 768w, https:\/\/i0.wp.com\/mediaguinee.com\/wp-content\/uploads\/2024\/11\/IMG_7098.jpeg?resize=1536%2C1024&amp;ssl=1 1536w\" sizes=\"(max-width: 1920px) 100vw, 1920px\" data-attachment-id=\"269760\" data-permalink=\"https:\/\/mediaguinee.com\/2024\/11\/la-fondation-orange-guinee-inaugure-un-nouveau-centre-dhemodialyse-a-conakry-pour-ameliorer-lacces-aux-soins\/img_7098\/\" data-orig-file=\"https:\/\/i0.wp.com\/mediaguinee.com\/wp-content\/uploads\/2024\/11\/IMG_7098.jpeg?fit=1920%2C1280&amp;ssl=1\" data-orig-size=\"1920,1280\" data-comments-opened=\"1\" data-image-meta='{\"aperture\":\"0\",\"credit\":\"\",\"camera\":\"\",\"caption\":\"\",\"created_timestamp\":\"0\",\"copyright\":\"\",\"focal_length\":\"0\",\"iso\":\"0\",\"shutter_speed\":\"0\",\"title\":\"\",\"orientation\":\"1\"}' data-image-title=\"IMG_7098\" data-image-description=\"\" data-image-caption=\"\" data-medium-file=\"https:\/\/i0.wp.com\/mediaguinee.com\/wp-content\/uploads\/2024\/11\/IMG_7098.jpeg?fit=300%2C200&amp;ssl=1\" data-large-file=\"https:\/\/i0.wp.com\/mediaguinee.com\/wp-content\/uploads\/2024\/11\/IMG_7098.jpeg?fit=1024%2C683&amp;ssl=1\" tabindex=\"0\" role=\"button\"><\/div>\n<p><span class=\"s8\"><span class=\"bumpedFont15\">Dans <\/span><\/span><span class=\"s8\"><span class=\"bumpedFont15\">le cadre de son engagement en faveur de la sant\u00e9 en Guin\u00e9e, <\/span><\/span><span class=\"s8\"><span class=\"bumpedFont15\">l<\/span><\/span><span class=\"s8\"><span class=\"bumpedFont15\">a Fondation Orange Guin\u00e9e a le plaisir d\u2019annoncer <\/span><\/span><span class=\"s8\"><span class=\"bumpedFont15\">avoir proc\u00e9d\u00e9 \u00e0 la remise du <\/span><\/span><span class=\"s8\"><span class=\"bumpedFont15\">nouveau centre d\u2019h\u00e9modialyse <\/span><\/span><span class=\"s8\"><span class=\"bumpedFont15\">construit <\/span><\/span><span class=\"s8\"><span class=\"bumpedFont15\">au sein de l\u2019H\u00f4pital de l\u2019Amiti\u00e9 Sino-Guin\u00e9en<\/span><\/span> <span class=\"s8\"><span class=\"bumpedFont15\">de<\/span><\/span><span class=\"s8\"><span class=\"bumpedFont15\">Conakry<\/span><\/span><span class=\"s8\"><span class=\"bumpedFont15\">, conform\u00e9ment au protocole sign\u00e9 en 2022 avec le <\/span><\/span><span class=\"s8\"><span class=\"bumpedFont15\">m<\/span><\/span><span class=\"s8\"><span class=\"bumpedFont15\">inist\u00e8re de la Sant\u00e9 et de l\u2019Hygi\u00e8ne Publique (MSHP)<\/span><\/span><\/p>\n<p class=\"s9\"><span class=\"s8\"><span class=\"bumpedFont15\">Cette action marque une \u00e9tape <\/span><\/span><span class=\"s8\"><span class=\"bumpedFont15\">cl\u00e9 dans<\/span><\/span> <span class=\"s8\"><span class=\"bumpedFont15\">l\u2019acc\u00e8s aux soins <\/span><\/span><span class=\"s8\"><span class=\"bumpedFont15\">des patients souffrant de maladies r\u00e9nales en Guin\u00e9e.<\/span><\/span><\/p>\n<p class=\"s9\"><span class=\"s8\"><span class=\"bumpedFont15\">Cette c\u00e9r\u00e9monie t<\/span><\/span><span class=\"s8\"><span class=\"bumpedFont15\">en<\/span><\/span><span class=\"s8\"><span class=\"bumpedFont15\">ue<\/span><\/span> <span class=\"s8\"><span class=\"bumpedFont15\">l<\/span><\/span><span class=\"s8\"><span class=\"bumpedFont15\">e 06 novembre 2024<\/span><\/span><span class=\"s8\"><span class=\"bumpedFont15\">, \u00e0<\/span><\/span> <span class=\"s8\"><span class=\"bumpedFont15\">Conakry<\/span><\/span><span class=\"s8\"><span class=\"bumpedFont15\">, <\/span><\/span><span class=\"s8\"><span class=\"bumpedFont15\">en pr\u00e9sence <\/span><\/span><span class=\"s8\"><span class=\"bumpedFont15\">des <\/span><\/span><span class=\"s8\"><span class=\"bumpedFont15\">plus hautes autorit\u00e9s <\/span><\/span><span class=\"s8\"><span class=\"bumpedFont15\">du <\/span><\/span><span class=\"s8\"><span class=\"bumpedFont15\">m<\/span><\/span><span class=\"s8\"><span class=\"bumpedFont15\">inist<\/span><\/span><span class=\"s8\"><span class=\"bumpedFont15\">\u00e8re <\/span><\/span><span class=\"s8\"><span class=\"bumpedFont15\">de la Sant\u00e9 et de l\u2019Hygi\u00e8ne Publique,<\/span><\/span> <span class=\"s8\"><span class=\"bumpedFont15\">du <\/span><\/span><span class=\"s8\"><span class=\"bumpedFont15\">m<\/span><\/span><span class=\"s8\"><span class=\"bumpedFont15\">inist\u00e8re des Postes et T\u00e9l\u00e9communication<\/span><\/span><span class=\"s8\"><span class=\"bumpedFont15\">s<\/span><\/span><span class=\"s8\"><span class=\"bumpedFont15\"> et de l\u2019\u00c9conomie <\/span><\/span><span class=\"s8\"><span class=\"bumpedFont15\">Num\u00e9rique<\/span><\/span><span class=\"s8\"><span class=\"bumpedFont15\">\u00a0; <\/span><\/span><span class=\"s8\"><span class=\"bumpedFont15\">de professionnels de la sant\u00e9<\/span><\/span><span class=\"s8\"><span class=\"bumpedFont15\">\u00a0<\/span><\/span><span class=\"s8\"><span class=\"bumpedFont15\">et des <\/span><\/span><span class=\"s8\"><span class=\"bumpedFont15\">diff\u00e9rentes institutions parmi lesquels <\/span><\/span><span class=\"s8\"><span class=\"bumpedFont15\">des partenaires <\/span><\/span><span class=\"s8\"><span class=\"bumpedFont15\">de la <\/span><\/span><span class=\"s8\"><span class=\"bumpedFont15\">F<\/span><\/span><span class=\"s8\"><span class=\"bumpedFont15\">ondation<\/span><\/span><span class=\"s8\"><span class=\"bumpedFont15\"> Orange Guin\u00e9e<\/span><\/span><span class=\"s8\"><span class=\"bumpedFont15\">, a- <\/span><\/span><span class=\"s8\"><span class=\"bumpedFont15\">marqu<\/span><\/span><span class=\"s8\"><span class=\"bumpedFont15\">\u00e9<\/span><\/span><span class=\"s8\"><span class=\"bumpedFont15\"> l\u2019aboutissement d\u2019un projet <\/span><\/span><span class=\"s8\"><span class=\"bumpedFont15\">de grande envergure <\/span><\/span><span class=\"s8\"><span class=\"bumpedFont15\">lanc\u00e9 en <\/span><\/span><span class=\"s8\"><span class=\"bumpedFont15\">n<\/span><\/span><span class=\"s8\"><span class=\"bumpedFont15\">ovembre 2023 pour<\/span><\/span><span class=\"s8\"><span class=\"bumpedFont15\"> r\u00e9pondre aux besoins croissants <\/span><\/span><span class=\"s8\"><span class=\"bumpedFont15\">en mati\u00e8re de prise en charge des<\/span><\/span><span class=\"s8\"><span class=\"bumpedFont15\"> maladies r\u00e9nales chroniques.<\/span><\/span><\/p>\n<p class=\"s9\">\n<p class=\"s9\"><strong><span class=\"s10\"><span class=\"bumpedFont15\">Un Engagement <\/span><\/span><span class=\"s10\"><span class=\"bumpedFont15\">F<\/span><\/span><span class=\"s10\"><span class=\"bumpedFont15\">ort de la Fondation Orange Guin\u00e9e pour la Sant\u00e9<\/span><\/span><\/strong><\/p>\n<p class=\"s9\">\n<p class=\"s9\"><span class=\"s8\"><span class=\"bumpedFont15\">Depuis <\/span><\/span><span class=\"s8\"><span class=\"bumpedFont15\">sa cr\u00e9ation en <\/span><\/span><span class=\"s8\"><span class=\"bumpedFont15\">201<\/span><\/span><span class=\"s8\"><span class=\"bumpedFont15\">5<\/span><\/span><span class=\"s8\"><span class=\"bumpedFont15\">, la <\/span><\/span><span class=\"s8\"><span class=\"bumpedFont15\">Fondation Orange Guin\u00e9e<\/span><\/span> <span class=\"s8\"><span class=\"bumpedFont15\">est engag\u00e9e \u00e0 \u0153uvrer pour un acc\u00e8s <\/span><\/span><span class=\"s8\"><span class=\"bumpedFont15\">\u00e9gal pour <\/span><\/span><span class=\"s8\"><span class=\"bumpedFont15\">tous \u00e0 la sant\u00e9.<\/span><\/span><\/p>\n<p class=\"s9\"><span class=\"s8\"><span class=\"bumpedFont15\">La construction et l\u2019\u00e9quipement de ce nouveau centre <\/span><\/span><span class=\"s8\"><span class=\"bumpedFont15\">d\u2019h\u00e9modialyse <\/span><\/span><span class=\"s8\"><span class=\"bumpedFont15\">pour un montant total de plus <\/span><\/span><span class=\"s8\"><span class=\"bumpedFont15\">de <\/span><\/span><span class=\"s10\"><span class=\"bumpedFont15\">7milliards<\/span><\/span><span class=\"s10\"><span class=\"bumpedFont15\">400<\/span><\/span> <span class=\"s10\"><span class=\"bumpedFont15\">GNF<\/span><\/span><span class=\"s8\"><span class=\"bumpedFont15\">, t\u00e9moign<\/span><\/span><span class=\"s8\"><span class=\"bumpedFont15\">e<\/span><\/span><span class=\"s8\"><span class=\"bumpedFont15\"> de son engagement <\/span><\/span><span class=\"s8\"><span class=\"bumpedFont15\">constant<\/span><\/span><span class=\"s8\"><span class=\"bumpedFont15\">pour l\u2019am\u00e9lioration des infrastructures m\u00e9dicales et l\u2019acc\u00e8s aux soins <\/span><\/span><span class=\"s8\"><span class=\"bumpedFont15\">de sant\u00e9 des <\/span><\/span><span class=\"s8\"><span class=\"bumpedFont15\">Guin\u00e9ens<\/span><\/span><span class=\"s8\"><span class=\"bumpedFont15\">. <\/span><\/span><\/p>\n<p class=\"s9\"><span class=\"s8\"><span class=\"bumpedFont15\">Avec une capacit\u00e9 d<\/span><\/span><span class=\"s8\"><span class=\"bumpedFont15\">\u00e8s son ouverture de 36 s\u00e9ances par jour, <\/span><\/span><span class=\"s8\"><span class=\"bumpedFont15\">le centre d\u2019h\u00e9modialyse <\/span><\/span><span class=\"s8\"><span class=\"bumpedFont15\">Dr <\/span><\/span><span class=\"s8\"><span class=\"bumpedFont15\">Ishiaga Yacouba Tour\u00e9 <\/span><\/span><span class=\"s8\"><span class=\"bumpedFont15\">se veut donc une r\u00e9ponse concr\u00e8te aux d\u00e9fis que rencontrent les <\/span><\/span><span class=\"s8\"><span class=\"bumpedFont15\">patients<\/span><\/span><span class=\"s8\"><span class=\"bumpedFont15\">\u00a0parmi lesquels l<\/span><\/span><span class=\"s8\"><span class=\"bumpedFont15\">es d\u00e9lais d\u2019attente<\/span><\/span><span class=\"s8\"><span class=\"bumpedFont15\"> et l\u2019accessibilit\u00e9 aux structures de sant\u00e9 notamment <\/span><\/span><span class=\"s8\"><span class=\"bumpedFont15\">pour les<\/span><\/span><span class=\"s8\"><span class=\"bumpedFont15\"> personnes <\/span><\/span><span class=\"s8\"><span class=\"bumpedFont15\">souffrant d<\/span><\/span><span class=\"s8\"><span class=\"bumpedFont15\">\u2019insuffisance r\u00e9nale chronique (<\/span><\/span><span class=\"s8\"><span class=\"bumpedFont15\">IRC).<\/span><\/span><\/p>\n<p class=\"s9\"><span class=\"s8\"><span class=\"bumpedFont15\">Il est \u00e0 souligner que 30 g\u00e9n\u00e9rateurs y sont install\u00e9s pour <\/span><\/span><span class=\"s8\"><span class=\"bumpedFont15\">faciliter l\u2019extension future du centre.<\/span><\/span><\/p>\n<p class=\"s9\">\n<p class=\"s9\"><strong><span class=\"s10\"><span class=\"bumpedFont15\">Des \u00c9quipements de Pointe pour une Prise en Charge Optimale<\/span><\/span><\/strong><\/p>\n<p class=\"s9\">\n<p class=\"s9\"><span class=\"s8\"><span class=\"bumpedFont15\">Dot\u00e9 des \u00e9quipements <\/span><\/span><span class=\"s8\"><span class=\"bumpedFont15\">de derni\u00e8re g\u00e9n\u00e9ration<\/span><\/span><span class=\"s8\"><span class=\"bumpedFont15\">, <\/span><\/span><span class=\"s8\"><span class=\"bumpedFont15\">ce<\/span><\/span><span class=\"s8\"><span class=\"bumpedFont15\"> centre d\u2019h\u00e9modialyse <\/span><\/span><span class=\"s8\"><span class=\"bumpedFont15\">se veut <\/span><\/span><span class=\"s8\"><span class=\"bumpedFont15\">offrir aux populations guin\u00e9ennes <\/span><\/span><span class=\"s8\"><span class=\"bumpedFont15\">des conditions optimales <\/span><\/span><span class=\"s8\"><span class=\"bumpedFont15\">de <\/span><\/span><span class=\"s8\"><span class=\"bumpedFont15\">confort et de s\u00e9curit\u00e9 <\/span><\/span><span class=\"s8\"><span class=\"bumpedFont15\">d<\/span><\/span><span class=\"s8\"><span class=\"bumpedFont15\">ans la<\/span><\/span> <span class=\"s8\"><span class=\"bumpedFont15\">prise en charge de<\/span><\/span><span class=\"s8\"><span class=\"bumpedFont15\"> diff\u00e9rentes maladies r\u00e9nales.<\/span><\/span><\/p>\n<p class=\"s9\"><span class=\"s8\"><span class=\"bumpedFont15\">Les installations <\/span><\/span><span class=\"s8\"><span class=\"bumpedFont15\">r<\/span><\/span><span class=\"s8\"><span class=\"bumpedFont15\">espectent les normes internationales <\/span><\/span><span class=\"s8\"><span class=\"bumpedFont15\">en la mati\u00e8re<\/span><\/span><span class=\"s8\"><span class=\"bumpedFont15\"> et <\/span><\/span><span class=\"s8\"><span class=\"bumpedFont15\">seront sous la supervision et responsabilit\u00e9<\/span><\/span><span class=\"s8\"><span class=\"bumpedFont15\"> d\u2019un personnel qualifi\u00e9,<\/span><\/span> <span class=\"s8\"><span class=\"bumpedFont15\">form\u00e9 <\/span><\/span><span class=\"s8\"><span class=\"bumpedFont15\">dans le<\/span><\/span><span class=\"s8\"><span class=\"bumpedFont15\"> Centre de dialyse de Donka par les experts r\u00e9f\u00e9rents du pays<\/span><\/span><span class=\"s8\"><span class=\"bumpedFont15\">.<\/span><\/span><\/p>\n<p class=\"s9\">\n<p class=\"s9\"><strong><span class=\"s10\"><span class=\"bumpedFont15\">Un Impact Positif et Durable pour la Communaut\u00e9<\/span><\/span><\/strong><\/p>\n<p class=\"s9\">\n<p class=\"s9\"><span class=\"s8\"><span class=\"bumpedFont15\">Avec ce deuxi\u00e8me centre<\/span><\/span><span class=\"s8\"><span class=\"bumpedFont15\"> public<\/span><\/span><span class=\"s8\"><span class=\"bumpedFont15\">, la Fondation <\/span><\/span><span class=\"s8\"><span class=\"bumpedFont15\">Orange Guin\u00e9e<\/span><\/span><span class=\"s8\"><span class=\"bumpedFont15\">contribue \u00e0 <\/span><\/span><span class=\"s8\"><span class=\"bumpedFont15\">am\u00e9liorer<\/span><\/span><span class=\"s8\"><span class=\"bumpedFont15\"> l\u2019acc\u00e8s aux soins sp\u00e9cialis\u00e9s et \u00e0 la r\u00e9duction des in\u00e9galit\u00e9s de sant\u00e9 <\/span><\/span><span class=\"s8\"><span class=\"bumpedFont15\">en Guin\u00e9e<\/span><\/span><span class=\"s8\"><span class=\"bumpedFont15\">. <\/span><\/span><\/p>\n<p class=\"s9\"><span class=\"s8\"><span class=\"bumpedFont15\">Ce projet <\/span><\/span><span class=\"s8\"><span class=\"bumpedFont15\">se veut contribuer \u00e0 la<\/span><\/span><span class=\"s8\"><span class=\"bumpedFont15\"> d\u00e9marche globale de d\u00e9veloppement social et sanitaire, soutenant le bien-\u00eatre <\/span><\/span><span class=\"s8\"><span class=\"bumpedFont15\">des populations guin\u00e9ennes <\/span><\/span><span class=\"s8\"><span class=\"bumpedFont15\">en r\u00e9ponse \u00e0 des besoins de sant\u00e9 publique pressants. <\/span><\/span><\/p>\n<p class=\"s9\">\n<p class=\"s9\"><span class=\"s8\"><span class=\"bumpedFont15\">Au-del\u00e0 <\/span><\/span><span class=\"s8\"><span class=\"bumpedFont15\">de ce projet r\u00e9alis\u00e9 en un an conform\u00e9ment \u00e0 l\u2019engagement pris alors, la<\/span><\/span> <span class=\"s8\"><span class=\"bumpedFont15\">Fondation <\/span><\/span><span class=\"s8\"><span class=\"bumpedFont15\">Orange Guin\u00e9e<\/span><\/span> <span class=\"s8\"><span class=\"bumpedFont15\">poursui<\/span><\/span><span class=\"s8\"><span class=\"bumpedFont15\">t<\/span><\/span><span class=\"s8\"><span class=\"bumpedFont15\">ses efforts <\/span><\/span><span class=\"s8\"><span class=\"bumpedFont15\">en mettant en \u0153uvre des programmes de sant\u00e9 qui <\/span><\/span><span class=\"s8\"><span class=\"bumpedFont15\">r\u00e9pondent aux besoins des<\/span><\/span><span class=\"s8\"><span class=\"bumpedFont15\"> plus vuln\u00e9rables<\/span><\/span><span class=\"s8\"><span class=\"bumpedFont15\"> tout en s\u2019inscrivant dans les priorit\u00e9s nationales du pays.<\/span><\/span><\/p>\n<p class=\"s9\">\n<p class=\"s9\"><strong>A propos de la Fondation Orange Guin\u00e9e<\/strong><\/p>\n<p class=\"s9\"><span class=\"s12\"><span class=\"bumpedFont17\">La Fondation Orange Guin\u00e9e s\u2019engage pour un acc\u00e8s \u00e9gal \u00e0 l\u2019\u00e9ducation, la sant\u00e9 et la culture. <\/span><\/span><\/p>\n<p class=\"s9\"><span class=\"s12\"><span class=\"bumpedFont17\">Ses programmes entendent contribuer \u00e0 l\u2019am\u00e9lioration de la sant\u00e9 maternelle et infantile et la sant\u00e9 du 3<\/span><\/span><span class=\"s13\"><span class=\"bumpedFont17\">e<\/span><\/span><span class=\"s12\"><span class=\"bumpedFont17\"> \u00e2ge ; au renforcement de l\u2019employabilit\u00e9 des jeunes, l\u2019autonomisation des femmes\u00a0; la r\u00e9insertion et employabilit\u00e9 des jeunes et la pr\u00e9servation du patrimoine culturel.<\/span><\/span><\/p>\n<p class=\"s9\"><span class=\"s12\"><span class=\"bumpedFont17\">Avec plus d<\/span><\/span><span class=\"s12\"><span class=\"bumpedFont17\">\u2019un million de personnes <\/span><\/span><span class=\"s12\"><span class=\"bumpedFont17\">touch\u00e9es <\/span><\/span><span class=\"s12\"><span class=\"bumpedFont17\">par ses programmes, elle a pour ambition en <\/span><\/span><span class=\"s12\"><span class=\"bumpedFont17\">2024<\/span><\/span> <span class=\"s12\"><span class=\"bumpedFont17\">de continuer \u00e0 agir<\/span><\/span><span class=\"s12\"><span class=\"bumpedFont17\"> pour contribuer \u00e0 la construction d\u2019une soci\u00e9t\u00e9 plus inclusive, une soci\u00e9t\u00e9 dans laquelle le num\u00e9rique est un des leviers incontournables du d\u00e9veloppement humain de chaque guin\u00e9en.<\/span><\/span><\/p>\n<p><span class=\"s12\"><span class=\"bumpedFont17\">En savoir plus\u00a0: <\/span><\/span><a href=\"https:\/\/www.orange-guinee.com\/fr\/fondation.html\"><span class=\"s14\"><span class=\"bumpedFont17\">https:\/\/www.orange-guinee.com\/fr\/fondation.html<\/span><\/span><\/a><\/p>\n<p>L\u2019article <a href=\"https:\/\/mediaguinee.com\/2024\/11\/la-fondation-orange-guinee-inaugure-un-nouveau-centre-dhemodialyse-a-conakry-pour-ameliorer-lacces-aux-soins\/\">La Fondation Orange Guin\u00e9e inaugure un nouveau centre d\u2019h\u00e9modialyse \u00e0 Conakry pour am\u00e9liorer l\u2019acc\u00e8s aux soins<\/a> est apparu en premier sur <a href=\"https:\/\/mediaguinee.com\/\">Mediaguinee.com<\/a>.<\/p>\n<\/div>\n","protected":false},"excerpt":{"rendered":"<p>Dans le cadre de son engagement en faveur de la sant\u00e9 en Guin\u00e9e, la Fondation Orange Guin\u00e9e a le plaisir d\u2019annoncer avoir proc\u00e9d\u00e9 \u00e0 la remise du nouveau centre d\u2019h\u00e9modialyse construit au sein de l\u2019H\u00f4pital de l\u2019Amiti\u00e9 Sino-Guin\u00e9en deConakry, conform\u00e9ment au protocole sign\u00e9 en 2022 avec le minist\u00e8re de la Sant\u00e9 et de l\u2019Hygi\u00e8ne Publique &hellip;<\/p>\n","protected":false},"author":1,"featured_media":0,"comment_status":"closed","ping_status":"closed","sticky":false,"template":"","format":"standard","meta":{"footnotes":""},"categories":[2],"tags":[23],"_links":{"self":[{"href":"https:\/\/sn.ambaguinee.org\/index.php?rest_route=\/wp\/v2\/posts\/72213"}],"collection":[{"href":"https:\/\/sn.ambaguinee.org\/index.php?rest_route=\/wp\/v2\/posts"}],"about":[{"href":"https:\/\/sn.ambaguinee.org\/index.php?rest_route=\/wp\/v2\/types\/post"}],"author":[{"embeddable":true,"href":"https:\/\/sn.ambaguinee.org\/index.php?rest_route=\/wp\/v2\/users\/1"}],"replies":[{"embeddable":true,"href":"https:\/\/sn.ambaguinee.org\/index.php?rest_route=%2Fwp%2Fv2%2Fcomments&post=72213"}],"version-history":[{"count":0,"href":"https:\/\/sn.ambaguinee.org\/index.php?rest_route=\/wp\/v2\/posts\/72213\/revisions"}],"wp:attachment":[{"href":"https:\/\/sn.ambaguinee.org\/index.php?rest_route=%2Fwp%2Fv2%2Fmedia&parent=72213"}],"wp:term":[{"taxonomy":"category","embeddable":true,"href":"https:\/\/sn.ambaguinee.org\/index.php?rest_route=%2Fwp%2Fv2%2Fcategories&post=72213"},{"taxonomy":"post_tag","embeddable":true,"href":"https:\/\/sn.ambaguinee.org\/index.php?rest_route=%2Fwp%2Fv2%2Ftags&post=72213"}],"curies":[{"name":"wp","href":"https:\/\/api.w.org\/{rel}","templated":true}]}}