{"id":78123,"date":"2025-04-23T23:04:35","date_gmt":"2025-04-23T21:04:35","guid":{"rendered":"https:\/\/sn.ambaguinee.org\/?p=78123"},"modified":"2025-04-23T23:04:35","modified_gmt":"2025-04-23T21:04:35","slug":"les-derniers-mots-daliou-bah-avant-le-verdict-je-suis-victime-dune-persecution-politique","status":"publish","type":"post","link":"https:\/\/sn.ambaguinee.org\/?p=78123","title":{"rendered":"Les derniers mots d\u2019Aliou Bah avant le verdict\u00a0: \u00ab Je suis victime d\u2019une pers\u00e9cution politique \u00bb"},"content":{"rendered":"<div>\n<div style=\"margin-bottom:20px;\"><img width=\"966\" height=\"515\"src=\"https:\/\/i0.wp.com\/www.guinee7.com\/wp-content\/uploads\/2025\/04\/Screenshot_20250422_171521_Chrome.jpg?w=966&amp;ssl=1\" class=\"attachment-post-thumbnail size-post-thumbnail wp-post-image\" alt=\"\" decoding=\"async\" srcset=\"https:\/\/i0.wp.com\/www.guinee7.com\/wp-content\/uploads\/2025\/04\/Screenshot_20250422_171521_Chrome.jpg?w=966&amp;ssl=1 966w, https:\/\/i0.wp.com\/www.guinee7.com\/wp-content\/uploads\/2025\/04\/Screenshot_20250422_171521_Chrome.jpg?resize=300%2C160&amp;ssl=1 300w, https:\/\/i0.wp.com\/www.guinee7.com\/wp-content\/uploads\/2025\/04\/Screenshot_20250422_171521_Chrome.jpg?resize=768%2C409&amp;ssl=1 768w\" sizes=\"(max-width: 966px) 100vw, 966px\"><\/div>\n<p><span style=\"font-size: 19px;\">Il ne reste plus que le verdict dans le dossier en appel du leader politique Aliou Bah, la phase des plaidoiries et des r\u00e9quisitions s\u2019\u00e9tant achev\u00e9e ce mercredi 23 mai 2024 \u00e0 la cour d\u2019appel de Conakry. La d\u00e9cision est attendue le 28 mai 2025.<\/span><\/p>\n<p><span style=\"font-size: 19px;\">\u00c0 la suite de ses avocats, l\u2019acteur politique a dit son dernier mot : \u00ab Je n\u2019ai commis ni crime ni d\u00e9lit. Pendant 4 mois, chaque nuit, je me pose la question : pourquoi je suis en prison ? \u2026 Physiquement, je suis \u00e0 la maison centrale, mais je me sens libre dans la t\u00eate. Ma conscience ne me reproche rien. Je suis victime d\u2019une pers\u00e9cution politique d\u00e9guis\u00e9e en proc\u00e9dure judiciaire. Moi, Aliou Bah, le destin a voulu que \u00e7a soit ainsi. Je suis la \u00e9ni\u00e8me victime d\u2019une pers\u00e9cution politique (\u2026) Je veux retrouver ma famille, mes parents et continuer de servir mon pays comme je l\u2019ai toujours fait. \u00bb<\/span><\/p>\n<p><strong><span style=\"font-size: 19px;\">Abdoul Lory Sylla pour guinee7.com<\/span><\/strong><!--\/data\/user\/0\/com.samsung.android.app.notes\/files\/clipdata\/clipdata_bodytext_250423_154826_763.sdocx--><\/p>\n<\/div>\n","protected":false},"excerpt":{"rendered":"<p>Il ne reste plus que le verdict dans le dossier en appel du leader politique Aliou Bah, la phase des plaidoiries et des r\u00e9quisitions s\u2019\u00e9tant achev\u00e9e ce mercredi 23 mai 2024 \u00e0 la cour d\u2019appel de Conakry. La d\u00e9cision est attendue le 28 mai 2025. \u00c0 la suite de ses avocats, l\u2019acteur politique a dit &hellip;<\/p>\n","protected":false},"author":1,"featured_media":0,"comment_status":"closed","ping_status":"closed","sticky":false,"template":"","format":"standard","meta":{"footnotes":""},"categories":[2],"tags":[22],"_links":{"self":[{"href":"https:\/\/sn.ambaguinee.org\/index.php?rest_route=\/wp\/v2\/posts\/78123"}],"collection":[{"href":"https:\/\/sn.ambaguinee.org\/index.php?rest_route=\/wp\/v2\/posts"}],"about":[{"href":"https:\/\/sn.ambaguinee.org\/index.php?rest_route=\/wp\/v2\/types\/post"}],"author":[{"embeddable":true,"href":"https:\/\/sn.ambaguinee.org\/index.php?rest_route=\/wp\/v2\/users\/1"}],"replies":[{"embeddable":true,"href":"https:\/\/sn.ambaguinee.org\/index.php?rest_route=%2Fwp%2Fv2%2Fcomments&post=78123"}],"version-history":[{"count":0,"href":"https:\/\/sn.ambaguinee.org\/index.php?rest_route=\/wp\/v2\/posts\/78123\/revisions"}],"wp:attachment":[{"href":"https:\/\/sn.ambaguinee.org\/index.php?rest_route=%2Fwp%2Fv2%2Fmedia&parent=78123"}],"wp:term":[{"taxonomy":"category","embeddable":true,"href":"https:\/\/sn.ambaguinee.org\/index.php?rest_route=%2Fwp%2Fv2%2Fcategories&post=78123"},{"taxonomy":"post_tag","embeddable":true,"href":"https:\/\/sn.ambaguinee.org\/index.php?rest_route=%2Fwp%2Fv2%2Ftags&post=78123"}],"curies":[{"name":"wp","href":"https:\/\/api.w.org\/{rel}","templated":true}]}}