{"id":78186,"date":"2025-04-24T23:04:45","date_gmt":"2025-04-24T21:04:45","guid":{"rendered":"https:\/\/sn.ambaguinee.org\/?p=78186"},"modified":"2025-04-24T23:04:45","modified_gmt":"2025-04-24T21:04:45","slug":"guinee-jean-paul-sarr-est-mort","status":"publish","type":"post","link":"https:\/\/sn.ambaguinee.org\/?p=78186","title":{"rendered":"Guin\u00e9e\u00a0: Jean Paul Sarr est mort"},"content":{"rendered":"<div>\n<div style=\"margin-bottom:20px;\"><img width=\"982\" height=\"755\"src=\"https:\/\/i0.wp.com\/www.guinee7.com\/wp-content\/uploads\/2025\/04\/Screenshot_20250424_120331_Chrome.jpg?w=982&amp;ssl=1\" class=\"attachment-post-thumbnail size-post-thumbnail wp-post-image\" alt=\"\" decoding=\"async\" loading=\"lazy\" srcset=\"https:\/\/i0.wp.com\/www.guinee7.com\/wp-content\/uploads\/2025\/04\/Screenshot_20250424_120331_Chrome.jpg?w=982&amp;ssl=1 982w, https:\/\/i0.wp.com\/www.guinee7.com\/wp-content\/uploads\/2025\/04\/Screenshot_20250424_120331_Chrome.jpg?resize=300%2C231&amp;ssl=1 300w, https:\/\/i0.wp.com\/www.guinee7.com\/wp-content\/uploads\/2025\/04\/Screenshot_20250424_120331_Chrome.jpg?resize=768%2C590&amp;ssl=1 768w\" sizes=\"auto, (max-width: 982px) 100vw, 982px\"><\/div>\n<p><span style=\"font-size: 19px;\">La mort vient de frapper \u00e0 la porte du parti de l\u2019unit\u00e9 et du Progr\u00e8s (PUP). Jean Paul Sarr, ex-ministre de l\u2019Agriculture et vice-pr\u00e9sident du PUP, a rendu son dernier souffle \u00e0 l\u2019aube de ce jeudi 24 avril \u00e0 l\u2019h\u00f4pital Ignace Deen, des suites de maladie.<\/span><\/p>\n<p><span style=\"font-size: 19px;\">Jean Paul Sarr \u00e9tait un des fid\u00e8les compagnons de feu G\u00e9n\u00e9ral Lansana Cont\u00e9, pr\u00e9sident de la Guin\u00e9e pendant la p\u00e9riode 1984-2008. Jusque-l\u00e0, il \u00e9tait le num\u00e9ro deux du parti cr\u00e9\u00e9 par celui-ci. <\/span><\/p>\n<p><strong><span style=\"font-size: 19px;\">Ibrahima Sory Diallo pour Guinee7.com\u00a0<\/span><\/strong><!--\/data\/user\/0\/com.samsung.android.app.notes\/files\/clipdata\/clipdata_bodytext_250424_121835_038.sdocx--><\/p>\n<\/div>\n","protected":false},"excerpt":{"rendered":"<p>La mort vient de frapper \u00e0 la porte du parti de l\u2019unit\u00e9 et du Progr\u00e8s (PUP). Jean Paul Sarr, ex-ministre de l\u2019Agriculture et vice-pr\u00e9sident du PUP, a rendu son dernier souffle \u00e0 l\u2019aube de ce jeudi 24 avril \u00e0 l\u2019h\u00f4pital Ignace Deen, des suites de maladie. Jean Paul Sarr \u00e9tait un des fid\u00e8les compagnons de &hellip;<\/p>\n","protected":false},"author":1,"featured_media":0,"comment_status":"closed","ping_status":"closed","sticky":false,"template":"","format":"standard","meta":{"footnotes":""},"categories":[2],"tags":[22],"_links":{"self":[{"href":"https:\/\/sn.ambaguinee.org\/index.php?rest_route=\/wp\/v2\/posts\/78186"}],"collection":[{"href":"https:\/\/sn.ambaguinee.org\/index.php?rest_route=\/wp\/v2\/posts"}],"about":[{"href":"https:\/\/sn.ambaguinee.org\/index.php?rest_route=\/wp\/v2\/types\/post"}],"author":[{"embeddable":true,"href":"https:\/\/sn.ambaguinee.org\/index.php?rest_route=\/wp\/v2\/users\/1"}],"replies":[{"embeddable":true,"href":"https:\/\/sn.ambaguinee.org\/index.php?rest_route=%2Fwp%2Fv2%2Fcomments&post=78186"}],"version-history":[{"count":0,"href":"https:\/\/sn.ambaguinee.org\/index.php?rest_route=\/wp\/v2\/posts\/78186\/revisions"}],"wp:attachment":[{"href":"https:\/\/sn.ambaguinee.org\/index.php?rest_route=%2Fwp%2Fv2%2Fmedia&parent=78186"}],"wp:term":[{"taxonomy":"category","embeddable":true,"href":"https:\/\/sn.ambaguinee.org\/index.php?rest_route=%2Fwp%2Fv2%2Fcategories&post=78186"},{"taxonomy":"post_tag","embeddable":true,"href":"https:\/\/sn.ambaguinee.org\/index.php?rest_route=%2Fwp%2Fv2%2Ftags&post=78186"}],"curies":[{"name":"wp","href":"https:\/\/api.w.org\/{rel}","templated":true}]}}