{"id":78330,"date":"2025-04-27T23:32:40","date_gmt":"2025-04-27T21:32:40","guid":{"rendered":"https:\/\/sn.ambaguinee.org\/?p=78330"},"modified":"2025-04-27T23:32:40","modified_gmt":"2025-04-27T21:32:40","slug":"mamou-compte-rendu-de-la-mission-de-la-direction-generale-de-lonfpp","status":"publish","type":"post","link":"https:\/\/sn.ambaguinee.org\/?p=78330","title":{"rendered":"Mamou : compte-rendu de la mission de la Direction G\u00e9n\u00e9rale de l\u2019ONFPP"},"content":{"rendered":"<div>\n<div style=\"margin-bottom:20px;\"><img width=\"2560\" height=\"1706\"src=\"https:\/\/i0.wp.com\/www.guinee7.com\/wp-content\/uploads\/2025\/04\/IMG-20250427-WA0003.jpg?w=2560&amp;ssl=1\" class=\"attachment-post-thumbnail size-post-thumbnail wp-post-image\" alt=\"\" decoding=\"async\" srcset=\"https:\/\/i0.wp.com\/www.guinee7.com\/wp-content\/uploads\/2025\/04\/IMG-20250427-WA0003.jpg?w=2560&amp;ssl=1 2560w, https:\/\/i0.wp.com\/www.guinee7.com\/wp-content\/uploads\/2025\/04\/IMG-20250427-WA0003.jpg?resize=300%2C200&amp;ssl=1 300w, https:\/\/i0.wp.com\/www.guinee7.com\/wp-content\/uploads\/2025\/04\/IMG-20250427-WA0003.jpg?resize=1024%2C682&amp;ssl=1 1024w, https:\/\/i0.wp.com\/www.guinee7.com\/wp-content\/uploads\/2025\/04\/IMG-20250427-WA0003.jpg?resize=768%2C512&amp;ssl=1 768w, https:\/\/i0.wp.com\/www.guinee7.com\/wp-content\/uploads\/2025\/04\/IMG-20250427-WA0003.jpg?resize=1536%2C1024&amp;ssl=1 1536w, https:\/\/i0.wp.com\/www.guinee7.com\/wp-content\/uploads\/2025\/04\/IMG-20250427-WA0003.jpg?resize=2048%2C1365&amp;ssl=1 2048w, https:\/\/i0.wp.com\/www.guinee7.com\/wp-content\/uploads\/2025\/04\/IMG-20250427-WA0003.jpg?w=2340&amp;ssl=1 2340w\" sizes=\"(max-width: 2560px) 100vw, 2560px\"><\/div>\n<p><span style=\"font-size: 19px;\">Du 25 au 26 avril 2025, une mission conduite par le Directeur G\u00e9n\u00e9ral de l\u2019ONFPP, M. Mohamed Lamine Keita, s\u2019est rendue aupr\u00e8s de l\u2019antenne r\u00e9gionale de Mamou. Objectif : toucher du doigt les r\u00e9alit\u00e9s du terrain et insuffler un nouvel \u00e9lan au personnel d\u00e9centralis\u00e9 de l\u2019institution.<\/span><\/p>\n<p><span style=\"font-size: 19px;\">Madame Aissatou Camara, Directrice G\u00e9n\u00e9rale Adjointe, ainsi que des membres du Comit\u00e9 de Direction ont accompagn\u00e9 le DG dans ce p\u00e9riple.<\/span><\/p>\n<p><span style=\"font-size: 19px;\">La mission a d\u2019abord proc\u00e9d\u00e9 \u00e0 la remise d\u2019\u00e9quipements de protection individuelle aux responsables syndicaux de la ville, avant de lancer officiellement une session de formation en code de la route et s\u00e9curit\u00e9 routi\u00e8re au profit de 25 b\u00e9n\u00e9ficiaires.<\/span><\/p>\n<p><span style=\"font-size: 19px;\">\u00c0 cette occasion, M. Keita a sensibilis\u00e9 l\u2019assistance sur l\u2019importance strat\u00e9gique du Programme National de Recensement Administratif \u00e0 Vocation d\u2019\u00c9tat Civil (PN-RAVEC), v\u00e9ritable passerelle vers la prosp\u00e9rit\u00e9 nationale.<\/span><\/p>\n<p><span style=\"font-size: 19px;\">Dans la dynamique, la d\u00e9l\u00e9gation a rejoint les autres hauts cadres de l\u2019\u00c9tat pr\u00e9sents \u00e0 Mamou ce week-end pour r\u00e9affirmer son soutien aux acquis du CNRD et \u00e0 la vision du Pr\u00e9sident de la R\u00e9publique, le G\u00e9n\u00e9ral de corps d\u2019arm\u00e9e Mamadi Doumbouya.<\/span><\/p>\n<p><span style=\"font-size: 19px;\">\u00c0 travers ses initiatives en faveur du renforcement des comp\u00e9tences de la main-d\u2019\u0153uvre nationale, l\u2019ONFPP confirme son r\u00f4le de levier essentiel du Minist\u00e8re de l\u2019Enseignement Technique, de la Formation Professionnelle et de l\u2019Emploi, v\u00e9ritable artisan de la refondation.<\/span><br \/><span style=\"font-size: 19px;\">*Madame la Ministre Aminata KABA peut l\u00e9gitimement \u00eatre f\u00e9licit\u00e9e pour son leadership visionnaire !<\/span><\/p>\n<p><strong><span style=\"font-size: 19px;\">Source : Cellule de Communication ONFPP<\/span><\/strong><!--\/data\/user\/0\/com.samsung.android.app.notes\/files\/clipdata\/clipdata_bodytext_250427_175441_606.sdocx--><\/p>\n<\/div>\n","protected":false},"excerpt":{"rendered":"<p>Du 25 au 26 avril 2025, une mission conduite par le Directeur G\u00e9n\u00e9ral de l\u2019ONFPP, M. Mohamed Lamine Keita, s\u2019est rendue aupr\u00e8s de l\u2019antenne r\u00e9gionale de Mamou. Objectif : toucher du doigt les r\u00e9alit\u00e9s du terrain et insuffler un nouvel \u00e9lan au personnel d\u00e9centralis\u00e9 de l\u2019institution. Madame Aissatou Camara, Directrice G\u00e9n\u00e9rale Adjointe, ainsi que des &hellip;<\/p>\n","protected":false},"author":1,"featured_media":0,"comment_status":"closed","ping_status":"closed","sticky":false,"template":"","format":"standard","meta":{"footnotes":""},"categories":[2],"tags":[22],"_links":{"self":[{"href":"https:\/\/sn.ambaguinee.org\/index.php?rest_route=\/wp\/v2\/posts\/78330"}],"collection":[{"href":"https:\/\/sn.ambaguinee.org\/index.php?rest_route=\/wp\/v2\/posts"}],"about":[{"href":"https:\/\/sn.ambaguinee.org\/index.php?rest_route=\/wp\/v2\/types\/post"}],"author":[{"embeddable":true,"href":"https:\/\/sn.ambaguinee.org\/index.php?rest_route=\/wp\/v2\/users\/1"}],"replies":[{"embeddable":true,"href":"https:\/\/sn.ambaguinee.org\/index.php?rest_route=%2Fwp%2Fv2%2Fcomments&post=78330"}],"version-history":[{"count":0,"href":"https:\/\/sn.ambaguinee.org\/index.php?rest_route=\/wp\/v2\/posts\/78330\/revisions"}],"wp:attachment":[{"href":"https:\/\/sn.ambaguinee.org\/index.php?rest_route=%2Fwp%2Fv2%2Fmedia&parent=78330"}],"wp:term":[{"taxonomy":"category","embeddable":true,"href":"https:\/\/sn.ambaguinee.org\/index.php?rest_route=%2Fwp%2Fv2%2Fcategories&post=78330"},{"taxonomy":"post_tag","embeddable":true,"href":"https:\/\/sn.ambaguinee.org\/index.php?rest_route=%2Fwp%2Fv2%2Ftags&post=78330"}],"curies":[{"name":"wp","href":"https:\/\/api.w.org\/{rel}","templated":true}]}}