{"id":78391,"date":"2025-04-28T23:16:36","date_gmt":"2025-04-28T21:16:36","guid":{"rendered":"https:\/\/sn.ambaguinee.org\/?p=78391"},"modified":"2025-04-28T23:16:36","modified_gmt":"2025-04-28T21:16:36","slug":"transition-numerique-et-innovations-pedagogiques-conakry-accueille-la-4%e1%b5%89-conference-de-lauf","status":"publish","type":"post","link":"https:\/\/sn.ambaguinee.org\/?p=78391","title":{"rendered":"Transition num\u00e9rique et innovations p\u00e9dagogiques\u00a0: Conakry accueille la 4\u1d49\u00a0conf\u00e9rence de l\u2019AUF"},"content":{"rendered":"<div>\n<div style=\"margin-bottom:20px;\"><img width=\"720\" height=\"480\"src=\"https:\/\/i0.wp.com\/www.guinee7.com\/wp-content\/uploads\/2025\/04\/IMG-20250428-WA0018.jpg?w=720&amp;ssl=1\" class=\"attachment-post-thumbnail size-post-thumbnail wp-post-image\" alt=\"\" decoding=\"async\" loading=\"lazy\" srcset=\"https:\/\/i0.wp.com\/www.guinee7.com\/wp-content\/uploads\/2025\/04\/IMG-20250428-WA0018.jpg?w=720&amp;ssl=1 720w, https:\/\/i0.wp.com\/www.guinee7.com\/wp-content\/uploads\/2025\/04\/IMG-20250428-WA0018.jpg?resize=300%2C200&amp;ssl=1 300w\" sizes=\"auto, (max-width: 720px) 100vw, 720px\"><\/div>\n<p><span style=\"font-size: 19px;\">La quatri\u00e8me conf\u00e9rence de l\u2019Agence universitaire de la Francophonie (AUF) a d\u00e9but\u00e9 ce lundi 28 avril 2025 \u00e0 Conakry sous le th\u00e8me \u201cTransition num\u00e9rique et innovations p\u00e9dagogiques\u201d. Elle est initi\u00e9e par le minist\u00e8re de l\u2019Enseignement sup\u00e9rieur, de la Recherche scientifique et de l\u2019Innovation. <\/span><\/p>\n<p><span style=\"font-size: 19px;\">Quatorze (14) pays africains prennent part \u00e0 cette conf\u00e9rence de deux jours dans la capitale guin\u00e9enne. Plusieurs conventions seront sign\u00e9es \u00e0 cette occasion.<\/span><\/p>\n<p><span style=\"font-size: 19px;\"><img data-recalc-dims=\"1\" loading=\"lazy\" decoding=\"async\" class=\"alignnone wp-image-117802 size-full\"src=\"https:\/\/i0.wp.com\/www.guinee7.com\/wp-content\/uploads\/2025\/04\/IMG-20250428-WA0015.jpg?w=1080&amp;ssl=1\" alt=\"\" width=\"1080\" height=\"720\" srcset=\"https:\/\/i0.wp.com\/www.guinee7.com\/wp-content\/uploads\/2025\/04\/IMG-20250428-WA0015.jpg?w=1080&amp;ssl=1 1080w, https:\/\/i0.wp.com\/www.guinee7.com\/wp-content\/uploads\/2025\/04\/IMG-20250428-WA0015.jpg?resize=300%2C200&amp;ssl=1 300w, https:\/\/i0.wp.com\/www.guinee7.com\/wp-content\/uploads\/2025\/04\/IMG-20250428-WA0015.jpg?resize=1024%2C683&amp;ssl=1 1024w, https:\/\/i0.wp.com\/www.guinee7.com\/wp-content\/uploads\/2025\/04\/IMG-20250428-WA0015.jpg?resize=768%2C512&amp;ssl=1 768w\" sizes=\"auto, (max-width: 1080px) 100vw, 1080px\"><\/span><br \/><span style=\"font-size: 19px;\">Selon le prof. Slim KHALBOUS, recteur de l\u2019Agence universitaire de la Francophonie, la Guin\u00e9e a connu des avanc\u00e9es importantes en mati\u00e8re d\u2019innovation. \u00ab Nous sommes tr\u00e8s heureux d\u2019\u00eatre en Guin\u00e9e par rapport \u00e0 ce sujet, parce que justement la particularit\u00e9 de cette conf\u00e9rence, c\u2019est que chaque ann\u00e9e, elle a une th\u00e9matique diff\u00e9rente, une th\u00e9matique principale. Et la th\u00e9matique de cette ann\u00e9e, c\u2019est pr\u00e9cis\u00e9ment l\u2019innovation p\u00e9dagogique et la transition num\u00e9rique. Et la Guin\u00e9e est un exemple \u00e0 suivre dans ce domaine, puisqu\u2019il y a eu beaucoup d\u2019\u00e9volutions ces 3-4 derni\u00e8res ann\u00e9es avec des innovations num\u00e9riques justement tr\u00e8s int\u00e9ressantes \u00e0 \u00e9tudier <\/span><span style=\"font-size: 19px;\">\u00bb<\/span><span style=\"font-size: 19px;\">, a-t-il d\u00e9clar\u00e9. <\/span><\/p>\n<p><span style=\"font-size: 19px;\">Ensuite, Pr.\u00a0Slim KHALBOUS pr\u00e9cise que\u00a0 : <\/span><span style=\"font-size: 19px;\">\u00ab <\/span><span style=\"font-size: 19px;\">l\u2019avantage d\u2019une telle rencontre, c\u2019est d\u2019avoir les plus hautes autorit\u00e9s, avoir autant de ministres en charge de l\u2019enseignement et de l\u2019\u00e9ducation, autant de hauts repr\u00e9sentants des minist\u00e8res de l\u2019enseignement sup\u00e9rieur de la recherche en Afrique r\u00e9fl\u00e9chir ensemble sur quels sont les projets qu\u2019on peut porter en commun pour transformer l\u2019enseignement sup\u00e9rieur et la recherche en Afrique. Nous le voyons autour de nous aujourd\u2019hui. Les enjeux sont \u00e9normes. Les enjeux sont des enjeux de d\u00e9veloppement, de ma\u00eetrise de la technologie. La transformation de l\u2019IA g\u00e9n\u00e9rative aujourd\u2019hui est spectaculaire. La transformation de la fa\u00e7on avec laquelle on \u00e9duque est spectaculaire. Et il ne faut pas que l\u2019Afrique rate ce train de changements majeurs qui est en train de s\u2019op\u00e9rer. <\/span><span style=\"font-size: 19px;\">\u00bb<\/span><\/p>\n<p><img data-recalc-dims=\"1\" loading=\"lazy\" decoding=\"async\" class=\"alignnone wp-image-117803 size-full\"src=\"https:\/\/i0.wp.com\/www.guinee7.com\/wp-content\/uploads\/2025\/04\/IMG-20250428-WA0014.jpg?w=1080&amp;ssl=1\" alt=\"\" width=\"1080\" height=\"720\" srcset=\"https:\/\/i0.wp.com\/www.guinee7.com\/wp-content\/uploads\/2025\/04\/IMG-20250428-WA0014.jpg?w=1080&amp;ssl=1 1080w, https:\/\/i0.wp.com\/www.guinee7.com\/wp-content\/uploads\/2025\/04\/IMG-20250428-WA0014.jpg?resize=300%2C200&amp;ssl=1 300w, https:\/\/i0.wp.com\/www.guinee7.com\/wp-content\/uploads\/2025\/04\/IMG-20250428-WA0014.jpg?resize=1024%2C683&amp;ssl=1 1024w, https:\/\/i0.wp.com\/www.guinee7.com\/wp-content\/uploads\/2025\/04\/IMG-20250428-WA0014.jpg?resize=768%2C512&amp;ssl=1 768w\" sizes=\"auto, (max-width: 1080px) 100vw, 1080px\"><br \/><span style=\"font-size: 19px;\">Le ministre de l\u2019Enseignement sup\u00e9rieur, de la recherche scientifique et de l\u2019innovation, Alpha Bacar Barry, a salu\u00e9 le choix de la Guin\u00e9e d\u2019accueillir cette 4\u1d49 conf\u00e9rence. Il d\u00e9clare qu\u2019\u00e0 <\/span><span style=\"font-size: 19px;\">\u00ab <\/span><span style=\"font-size: 19px;\">cette occasion sera donc mise \u00e0 profit pour \u00e9changer sur nos meilleures pratiques et r\u00e9fl\u00e9chir aux strat\u00e9gies \u00e0 adopter pour tirer pleinement parti du num\u00e9rique professionnel de l\u2019enseignement sup\u00e9rieur africain inclusif, innovant et performant <\/span><span style=\"font-size: 19px;\">\u00bb<\/span><span style=\"font-size: 19px;\">. <\/span><\/p>\n<p><span style=\"font-size: 19px;\">Par ailleurs, Alpha Bacar Barry s\u2019est engag\u00e9 \u00e0 poursuivre les r\u00e9formes dans l\u2019enseignement sup\u00e9rieur. \u00ab Je suis tr\u00e8s heureux, tr\u00e8s content de vous recevoir tous en Guin\u00e9e. Je voudrais donc r\u00e9it\u00e9rer l\u2019engagement du d\u00e9partement et du gouvernement de la R\u00e9publique de Guin\u00e9e \u00e0 s\u2019investir davantage pour r\u00e9aliser une transition num\u00e9rique stable et promouvoir les innovations p\u00e9dagogiques au sein des institutions d\u2019enseignement sup\u00e9rieur <\/span><span style=\"font-size: 19px;\">\u00bb<\/span><span style=\"font-size: 19px;\">, s\u2019est-il engag\u00e9. <\/span><\/p>\n<p><strong><span style=\"font-size: 19px;\">Bhoye Barry pour guinee7.com<\/span><\/strong><!--\/data\/user\/0\/com.samsung.android.app.notes\/files\/clipdata\/clipdata_bodytext_250428_162924_537.sdocx--><\/p>\n<\/div>\n","protected":false},"excerpt":{"rendered":"<p>La quatri\u00e8me conf\u00e9rence de l\u2019Agence universitaire de la Francophonie (AUF) a d\u00e9but\u00e9 ce lundi 28 avril 2025 \u00e0 Conakry sous le th\u00e8me \u201cTransition num\u00e9rique et innovations p\u00e9dagogiques\u201d. Elle est initi\u00e9e par le minist\u00e8re de l\u2019Enseignement sup\u00e9rieur, de la Recherche scientifique et de l\u2019Innovation. Quatorze (14) pays africains prennent part \u00e0 cette conf\u00e9rence de deux jours &hellip;<\/p>\n","protected":false},"author":1,"featured_media":0,"comment_status":"closed","ping_status":"closed","sticky":false,"template":"","format":"standard","meta":{"footnotes":""},"categories":[2],"tags":[22],"_links":{"self":[{"href":"https:\/\/sn.ambaguinee.org\/index.php?rest_route=\/wp\/v2\/posts\/78391"}],"collection":[{"href":"https:\/\/sn.ambaguinee.org\/index.php?rest_route=\/wp\/v2\/posts"}],"about":[{"href":"https:\/\/sn.ambaguinee.org\/index.php?rest_route=\/wp\/v2\/types\/post"}],"author":[{"embeddable":true,"href":"https:\/\/sn.ambaguinee.org\/index.php?rest_route=\/wp\/v2\/users\/1"}],"replies":[{"embeddable":true,"href":"https:\/\/sn.ambaguinee.org\/index.php?rest_route=%2Fwp%2Fv2%2Fcomments&post=78391"}],"version-history":[{"count":0,"href":"https:\/\/sn.ambaguinee.org\/index.php?rest_route=\/wp\/v2\/posts\/78391\/revisions"}],"wp:attachment":[{"href":"https:\/\/sn.ambaguinee.org\/index.php?rest_route=%2Fwp%2Fv2%2Fmedia&parent=78391"}],"wp:term":[{"taxonomy":"category","embeddable":true,"href":"https:\/\/sn.ambaguinee.org\/index.php?rest_route=%2Fwp%2Fv2%2Fcategories&post=78391"},{"taxonomy":"post_tag","embeddable":true,"href":"https:\/\/sn.ambaguinee.org\/index.php?rest_route=%2Fwp%2Fv2%2Ftags&post=78391"}],"curies":[{"name":"wp","href":"https:\/\/api.w.org\/{rel}","templated":true}]}}