{"id":78454,"date":"2025-04-29T23:15:36","date_gmt":"2025-04-29T21:15:36","guid":{"rendered":"https:\/\/sn.ambaguinee.org\/?p=78454"},"modified":"2025-04-29T23:15:36","modified_gmt":"2025-04-29T21:15:36","slug":"guinee-celebration-de-la-journee-de-la-presse-sous-le-signe-de-lia","status":"publish","type":"post","link":"https:\/\/sn.ambaguinee.org\/?p=78454","title":{"rendered":"Guin\u00e9e. C\u00e9l\u00e9bration de la Journ\u00e9e de la Presse sous le signe de l\u2019IA"},"content":{"rendered":"<div>\n<div style=\"margin-bottom:20px;\"><img width=\"1008\" height=\"567\"src=\"https:\/\/i0.wp.com\/www.guinee7.com\/wp-content\/uploads\/2025\/04\/IMG-20250429-WA0005.jpg?w=1008&amp;ssl=1\" class=\"attachment-post-thumbnail size-post-thumbnail wp-post-image\" alt=\"\" decoding=\"async\" loading=\"lazy\" srcset=\"https:\/\/i0.wp.com\/www.guinee7.com\/wp-content\/uploads\/2025\/04\/IMG-20250429-WA0005.jpg?w=1008&amp;ssl=1 1008w, https:\/\/i0.wp.com\/www.guinee7.com\/wp-content\/uploads\/2025\/04\/IMG-20250429-WA0005.jpg?resize=300%2C169&amp;ssl=1 300w, https:\/\/i0.wp.com\/www.guinee7.com\/wp-content\/uploads\/2025\/04\/IMG-20250429-WA0005.jpg?resize=768%2C432&amp;ssl=1 768w\" sizes=\"auto, (max-width: 1008px) 100vw, 1008px\"><\/div>\n<p><span style=\"font-size: 19px;\">L\u2019Association guin\u00e9enne pour la d\u00e9fense des utilisateurs des technologies num\u00e9riques (AGUIDUTEN), en collaboration avec l\u2019association guin\u00e9enne de la presse en ligne (AGUIPEL), veut mettre la presse au go\u00fbt du jour dans le domaine de l\u2019intelligence artificielle (IA). <\/span><\/p>\n<p><span style=\"font-size: 19px;\">C\u2019est dans ce cadre qu\u2019\u00e0 l\u2019occasion de la journ\u00e9e internationale d\u00e9di\u00e9e \u00e0 la presse, elles initient deux \u00e9v\u00e9nements qui se tiendront du 5 au 7 mai. Il s\u2019agit d\u2019un atelier de formation qui se fera du 5 au 6 mai \u00e0 la maison de la presse, suivi d\u2019une conf\u00e9rence-d\u00e9bat qui se tiendra le 7 mai \u00e0 l\u2019universit\u00e9 Koffi Annan de Conakry.<\/span><\/p>\n<p><span style=\"font-size: 19px;\">Le th\u00e8me retenu est \u00ab l\u2019appropriation de l\u2019intelligence artificielle par les professionnels des m\u00e9dias\u00a0: outils, d\u00e9fis \u00e9thiques et meilleures pratiques\u00a0 \u00bb. L\u2019atelier est destin\u00e9 \u00e0 une soixantaine de journalistes issus de la presse publique et priv\u00e9e. <\/span><br \/><span style=\"font-size: 19px;\">Samory Keita, pr\u00e9sident de l\u2019AGUIDUTEN, a expliqu\u00e9 l\u2019imp\u00e9rieuse n\u00e9cessit\u00e9 pour la presse d\u2019acqu\u00e9rir cette connaissance. \u00ab L\u2019IA n\u2019est plus une option, elle devient un outil incontournable\u00a0: pour collecter, analyser et diffuser l\u2019information, pour cr\u00e9er du contenu multim\u00e9dia, pour gagner en efficacit\u00e9.\u00a0Mais aussi pour repenser notre mani\u00e8re de faire du journalisme, avec toutes les questions \u00e9thiques que cela soul\u00e8ve \u00bb, indique-t-il.<\/span><\/p>\n<p><span style=\"font-size: 19px;\">Durant ces trois jours, des experts, des journalistes, des r\u00e9dacteurs en chef, des techniciens, des communicants et des \u00e9tudiants vont se retrouver pour \u00e9changer, apprendre, et surtout, se former \u00e0 une utilisation responsable, l\u00e9gale et \u00e9thique de l\u2019IA dans le m\u00e9tier de l\u2019information.<\/span><br \/><span style=\"font-size: 19px;\">\u00ab Notre objectif est simple : permettre aux professionnels des m\u00e9dias de mieux comprendre les outils d\u2019IA, d\u2019en tirer parti dans leur travail et de les armer face aux d\u00e9fis qu\u2019ils posent. L\u2019apprentissage de cette technologie r\u00e9volutionnaire est devenu primordial pour les journalistes que nous sommes. De nos jours, sa connaissance n\u2019est plus une question de n\u00e9cessit\u00e9, mais c\u2019est d\u00e9sormais un imp\u00e9ratif d\u2019efficacit\u00e9 dans les diff\u00e9rents secteurs d\u2019activit\u00e9 \u00bb, soutient Samory Keita. <\/span><\/p>\n<p><span style=\"font-size: 19px;\">\u00ab Par ailleurs, il est important de noter que cette rencontre sera sanctionn\u00e9e par l\u2019\u00e9laboration et l\u2019adoption d\u2019une charte d\u2019utilisation de l\u2019IA par les professionnels des m\u00e9dias guin\u00e9ens. Cette charte, une fois adopt\u00e9e, servira de br\u00e9viaire pour une utilisation r\u00e9glement\u00e9e de l\u2019IA conforme aux principes \u00e9thiques et aux standards technologiques de la profession \u00bb, a annonc\u00e9 M. Keita.<\/span><\/p>\n<p><span style=\"font-size: 19px;\">Le formateur, Oumar Camara, a quant \u00e0 lui fait \u00e9tat de plusieurs d\u00e9fis qui s\u2019opposent aux journalistes dans un monde fortement impact\u00e9 par l\u2019IA. Parmi ces derniers, la d\u00e9sinformation. \u00c0 cet effet, il a donn\u00e9 des d\u00e9tails sur l\u2019apport qu\u2019il compte faire lors de ces sessions. \u00ab On va apporter notre expertise technique, p\u00e9dagogique. On sera avec une soixantaine de professionnels des m\u00e9dias pour les sensibiliser sur l\u2019importance de l\u2019IA, les risques \u00e9thiques, les risques techniques \u00e9galement, les former sur l\u2019utilisation des outils de base pour pouvoir \u00eatre plus productifs dans leur travail au jour le jour, plus pertinents et impacter plus les lecteurs. Et aussi ouvrir un certain d\u00e9bat sur les grandes orientations \u00e0 prendre pour enrichir les r\u00e9flexions qui sont en train d\u2019\u00eatre men\u00e9es pour \u00e9laborer une charte d\u2019utilisation de l\u2019IA dans le monde des m\u00e9dias \u00bb, a-t-il dit.<\/span><\/p>\n<p><strong><span style=\"font-size: 19px;\">Abdoul Lory Sylla pour guinee7.com<\/span><\/strong><!--\/data\/user\/0\/com.samsung.android.app.notes\/files\/clipdata\/clipdata_bodytext_250429_143837_220.sdocx--><\/p>\n<\/div>\n","protected":false},"excerpt":{"rendered":"<p>L\u2019Association guin\u00e9enne pour la d\u00e9fense des utilisateurs des technologies num\u00e9riques (AGUIDUTEN), en collaboration avec l\u2019association guin\u00e9enne de la presse en ligne (AGUIPEL), veut mettre la presse au go\u00fbt du jour dans le domaine de l\u2019intelligence artificielle (IA). C\u2019est dans ce cadre qu\u2019\u00e0 l\u2019occasion de la journ\u00e9e internationale d\u00e9di\u00e9e \u00e0 la presse, elles initient deux \u00e9v\u00e9nements &hellip;<\/p>\n","protected":false},"author":1,"featured_media":0,"comment_status":"closed","ping_status":"closed","sticky":false,"template":"","format":"standard","meta":{"footnotes":""},"categories":[2],"tags":[22],"_links":{"self":[{"href":"https:\/\/sn.ambaguinee.org\/index.php?rest_route=\/wp\/v2\/posts\/78454"}],"collection":[{"href":"https:\/\/sn.ambaguinee.org\/index.php?rest_route=\/wp\/v2\/posts"}],"about":[{"href":"https:\/\/sn.ambaguinee.org\/index.php?rest_route=\/wp\/v2\/types\/post"}],"author":[{"embeddable":true,"href":"https:\/\/sn.ambaguinee.org\/index.php?rest_route=\/wp\/v2\/users\/1"}],"replies":[{"embeddable":true,"href":"https:\/\/sn.ambaguinee.org\/index.php?rest_route=%2Fwp%2Fv2%2Fcomments&post=78454"}],"version-history":[{"count":0,"href":"https:\/\/sn.ambaguinee.org\/index.php?rest_route=\/wp\/v2\/posts\/78454\/revisions"}],"wp:attachment":[{"href":"https:\/\/sn.ambaguinee.org\/index.php?rest_route=%2Fwp%2Fv2%2Fmedia&parent=78454"}],"wp:term":[{"taxonomy":"category","embeddable":true,"href":"https:\/\/sn.ambaguinee.org\/index.php?rest_route=%2Fwp%2Fv2%2Fcategories&post=78454"},{"taxonomy":"post_tag","embeddable":true,"href":"https:\/\/sn.ambaguinee.org\/index.php?rest_route=%2Fwp%2Fv2%2Ftags&post=78454"}],"curies":[{"name":"wp","href":"https:\/\/api.w.org\/{rel}","templated":true}]}}