{"id":78509,"date":"2025-04-30T23:07:03","date_gmt":"2025-04-30T21:07:03","guid":{"rendered":"https:\/\/sn.ambaguinee.org\/?p=78509"},"modified":"2025-04-30T23:07:03","modified_gmt":"2025-04-30T21:07:03","slug":"geneve-ce-quil-faut-retenir-du-passage-du-ministre-de-la-justice","status":"publish","type":"post","link":"https:\/\/sn.ambaguinee.org\/?p=78509","title":{"rendered":"Gen\u00e8ve : ce qu\u2019il faut retenir du passage du ministre de la Justice"},"content":{"rendered":"<div>\n<div style=\"margin-bottom:20px;\"><img width=\"1080\" height=\"672\"src=\"https:\/\/i0.wp.com\/www.guinee7.com\/wp-content\/uploads\/2025\/04\/IMG-20250430-WA0006.jpg?w=1080&amp;ssl=1\" class=\"attachment-post-thumbnail size-post-thumbnail wp-post-image\" alt=\"\" decoding=\"async\" loading=\"lazy\" srcset=\"https:\/\/i0.wp.com\/www.guinee7.com\/wp-content\/uploads\/2025\/04\/IMG-20250430-WA0006.jpg?w=1080&amp;ssl=1 1080w, https:\/\/i0.wp.com\/www.guinee7.com\/wp-content\/uploads\/2025\/04\/IMG-20250430-WA0006.jpg?resize=300%2C187&amp;ssl=1 300w, https:\/\/i0.wp.com\/www.guinee7.com\/wp-content\/uploads\/2025\/04\/IMG-20250430-WA0006.jpg?resize=1024%2C637&amp;ssl=1 1024w, https:\/\/i0.wp.com\/www.guinee7.com\/wp-content\/uploads\/2025\/04\/IMG-20250430-WA0006.jpg?resize=768%2C478&amp;ssl=1 768w\" sizes=\"auto, (max-width: 1080px) 100vw, 1080px\"><\/div>\n<p><span style=\"font-size: 19px;\">Devant le Conseil des Nations unies pour les droits de l\u2019homme, le ministre de la Justice et des Droits de l\u2019homme, Yaya Ka\u00eeraba Kaba, a vant\u00e9 les avanc\u00e9es enregistr\u00e9es ces derniers temps en mati\u00e8re de droits de l\u2019homme. C\u2019\u00e9tait lors de l\u2019examen p\u00e9riodique universel (EPU) \u00e0 Gen\u00e8ve, mardi 29 avril 2025. <\/span><\/p>\n<p><strong><span style=\"font-size: 19px;\">De la lutte contre l\u2019impunit\u00e9 et la corruption\u2026 <\/span><\/strong><\/p>\n<p><span style=\"font-size: 19px;\">En mati\u00e8re de lutte contre la corruption, le ministre de la Justice rappelle que \u00ab la Guin\u00e9e a ins\u00e9r\u00e9 dans son arsenal juridique la cour de r\u00e9pression des infractions \u00e9conomiques et financi\u00e8res (CRIEF), comp\u00e9tente pour conna\u00eetre de toutes les infractions \u00e0 caract\u00e8re \u00e9conomique et financier portant sur un montant \u00e9gal ou sup\u00e9rieur \u00e0 1 milliard de francs guin\u00e9ens\u00a0\u00bb.<\/span><\/p>\n<p><span style=\"font-size: 19px;\">Quant \u00e0 la lutte contre l\u2019impunit\u00e9, le garde des Sceaux met en avant l\u2019organisation du proc\u00e8s des \u00e9v\u00e9nements du 28 septembre 2025. \u00ab Ainsi, le proc\u00e8s des \u00e9v\u00e9nements du 28 septembre 2009, attendu depuis plus d\u2019une d\u00e9cennie, a \u00e9t\u00e9 ouvert le 28 septembre 2022. Le 31 juillet 2024, le tribunal de premi\u00e8re instance de Dixinn a rendu sa d\u00e9cision. L\u2019appel interjet\u00e9 est actuellement en instance d\u2019examen \u00e0 la cour d\u2019appel de Conakry. Tout r\u00e9cemment, le pr\u00e9sident de la R\u00e9publique a pris un d\u00e9cret relatif \u00e0 la prise en charge des frais d\u2019indemnisation des victimes des \u00e9v\u00e9nements du 28 septembre 2009 par le budget national de d\u00e9veloppement <\/span><span style=\"font-size: 19px;\">\u00bb<\/span><span style=\"font-size: 19px;\">, a d\u00e9clar\u00e9 Yaya Ka\u00eeraba Kaba tout en pr\u00e9cisant qu\u2019une commission d\u2019indemnisation \u00e9largie au collectif des avocats des partis civils a \u00e9t\u00e9 constitu\u00e9e.<\/span><\/p>\n<p><strong><span style=\"font-size: 19px;\">De l\u2019abandon de la torture en Guin\u00e9e\u2026<\/span><\/strong><\/p>\n<p><span style=\"font-size: 19px;\">Sur le plan de la lutte contre la torture, le ministre de la Justice a rappel\u00e9 que la Guin\u00e9e est signataire de la convention y aff\u00e9rente. Il rassure\u00a0 : le pays poursuit sa lutte contre cette pratique qui d\u00e9shumanise la victime et bestialise son auteur. \u00ab Les nombreuses missions de monitoring men\u00e9es par les services \u00e9tatiques ainsi que par les ONG montrent clairement que la tendance est \u00e0 la r\u00e9duction, voire \u00e0 la disparition de cette pratique, particuli\u00e8rement dans les maisons d\u2019arr\u00eat et de correction. La quasi-totalit\u00e9 des rares cas encore signal\u00e9s proviennent de quelques postes de police p\u00e9riph\u00e9riques. Le gouvernement reste engag\u00e9 \u00e0 s\u2019attaquer \u00e0 cette pratique au sein de tous les d\u00e9tenteurs de l\u2019autorit\u00e9 publique \u00bb, a-t-il expliqu\u00e9. <\/span><\/p>\n<p><strong><span style=\"font-size: 19px;\">De la situation des violences bas\u00e9es sur le genre et de la protection des enfants <\/span><\/strong><\/p>\n<p><span style=\"font-size: 19px;\">Selon le ministre de la Justice, la Guin\u00e9e a pris d\u2019importantes mesures pour lutter contre ces pratiques, \u00ab \u00a0parmi lesquelles la poursuite de la mise en \u0153uvre du plan strat\u00e9gique national pour l\u2019acc\u00e9l\u00e9ration de l\u2019abandon des mutilations g\u00e9nitales f\u00e9minines MGF). Le d\u00e9veloppement d\u2019un nouveau programme pour l\u2019acc\u00e9l\u00e9ration de l\u2019abandon des mutilations g\u00e9nitales f\u00e9minines (MGF), dont l\u2019objectif est de r\u00e9duire d\u2019ici 2026 la pr\u00e9valence des MGF chez les filles \u00e2g\u00e9es de 0 \u00e0 14 ans d\u2019au moins 3\u00a0 % dans certaines pr\u00e9fectures pilotes de la Guin\u00e9e. La r\u00e9alisation d\u2019une \u00e9tude sur la perception des b\u00e9n\u00e9fices que les femmes et les communaut\u00e9s trouvent dans la pratique des MGF <\/span><span style=\"font-size: 19px;\">\u00bb<\/span><span style=\"font-size: 19px;\">.<\/span><\/p>\n<p><span style=\"font-size: 19px;\">\u00ab En ce qui concerne la protection et le bien-\u00eatre de l\u2019enfant, les r\u00e9formes se sont focalis\u00e9es sur la production des \u00e9vidences \u00e0 travers le lancement du processus de digitalisation, l\u2019appui \u00e0 l\u2019institutionnalisation du Parlement des enfants sous le prisme de l\u2019\u00e9laboration des textes d\u2019application du Code de l\u2019enfant. Aussi, le repositionnement des travailleurs sociaux \u00e0 l\u2019effet d\u2019am\u00e9liorer l\u2019offre de services de protection a constitu\u00e9 le chantier phare dans la prise en charge des privations, des vuln\u00e9rabilit\u00e9s et la r\u00e9ponse aux violences faites aux enfants \u00bb, a d\u00e9taill\u00e9 Yaya Ka\u00eeraba Kaba.<\/span><\/p>\n<p><strong><span style=\"font-size: 19px;\">L\u2019organisation des futures \u00e9lections en Guin\u00e9e <\/span><\/strong><\/p>\n<p><span style=\"font-size: 19px;\">L\u2019ann\u00e9e 2025 est d\u00e9clar\u00e9e une ann\u00e9e \u00e9lectorale par le pr\u00e9sident de la transition. Yaya Ka\u00efraba Kaba a assur\u00e9 que ces \u00e9lections se d\u00e9rouleront dans de bonnes conditions. \u00ab Les autorit\u00e9s nationales garantissent que toutes ces \u00e9lections, qui se veulent transparentes et inclusives, seront organis\u00e9es dans le respect des droits de l\u2019homme et du citoyen, avec \u00e0 la cl\u00e9 la participation de la communaut\u00e9 internationale \u00e0 travers ses observateurs et, bien entendu, que les m\u00e9dias publics et priv\u00e9s sont exclusifs dans le respect des lois et r\u00e8glements en vigueur \u00bb, a-t-il rassur\u00e9.<\/span><\/p>\n<p><strong><span style=\"font-size: 19px;\">Une synth\u00e8se de Bhoye Barry pour guineee7.com<\/span><\/strong><br \/><!--\/data\/user\/0\/com.samsung.android.app.notes\/files\/clipdata\/clipdata_bodytext_250430_133728_459.sdocx--><\/p>\n<\/div>\n","protected":false},"excerpt":{"rendered":"<p>Devant le Conseil des Nations unies pour les droits de l\u2019homme, le ministre de la Justice et des Droits de l\u2019homme, Yaya Ka\u00eeraba Kaba, a vant\u00e9 les avanc\u00e9es enregistr\u00e9es ces derniers temps en mati\u00e8re de droits de l\u2019homme. C\u2019\u00e9tait lors de l\u2019examen p\u00e9riodique universel (EPU) \u00e0 Gen\u00e8ve, mardi 29 avril 2025. De la lutte contre &hellip;<\/p>\n","protected":false},"author":1,"featured_media":0,"comment_status":"closed","ping_status":"closed","sticky":false,"template":"","format":"standard","meta":{"footnotes":""},"categories":[2],"tags":[22],"_links":{"self":[{"href":"https:\/\/sn.ambaguinee.org\/index.php?rest_route=\/wp\/v2\/posts\/78509"}],"collection":[{"href":"https:\/\/sn.ambaguinee.org\/index.php?rest_route=\/wp\/v2\/posts"}],"about":[{"href":"https:\/\/sn.ambaguinee.org\/index.php?rest_route=\/wp\/v2\/types\/post"}],"author":[{"embeddable":true,"href":"https:\/\/sn.ambaguinee.org\/index.php?rest_route=\/wp\/v2\/users\/1"}],"replies":[{"embeddable":true,"href":"https:\/\/sn.ambaguinee.org\/index.php?rest_route=%2Fwp%2Fv2%2Fcomments&post=78509"}],"version-history":[{"count":0,"href":"https:\/\/sn.ambaguinee.org\/index.php?rest_route=\/wp\/v2\/posts\/78509\/revisions"}],"wp:attachment":[{"href":"https:\/\/sn.ambaguinee.org\/index.php?rest_route=%2Fwp%2Fv2%2Fmedia&parent=78509"}],"wp:term":[{"taxonomy":"category","embeddable":true,"href":"https:\/\/sn.ambaguinee.org\/index.php?rest_route=%2Fwp%2Fv2%2Fcategories&post=78509"},{"taxonomy":"post_tag","embeddable":true,"href":"https:\/\/sn.ambaguinee.org\/index.php?rest_route=%2Fwp%2Fv2%2Ftags&post=78509"}],"curies":[{"name":"wp","href":"https:\/\/api.w.org\/{rel}","templated":true}]}}