{"id":78872,"date":"2025-05-07T23:30:10","date_gmt":"2025-05-07T21:30:10","guid":{"rendered":"https:\/\/sn.ambaguinee.org\/?p=78872"},"modified":"2025-05-07T23:30:10","modified_gmt":"2025-05-07T21:30:10","slug":"belgique-a-17-ans-alpha-amadou-barry-enflamme-genk-et-reve-du-syli","status":"publish","type":"post","link":"https:\/\/sn.ambaguinee.org\/?p=78872","title":{"rendered":"Belgique : A 17 ans, Alpha Amadou Barry enflamme Genk et r\u00eave du Syli"},"content":{"rendered":"<div>\n<p><strong>GENK- Il n\u2019a que 17 ans mais devient une r\u00e9f\u00e9rence \u00e0 son poste de d\u2019arri\u00e8re gauche. Alpha Amadou Barry est un jeune guin\u00e9en qui evoule avec les \u00e9quipes de jeunes de KRC Genk en Belgique. Cette saison, il encha\u00eene des matches avec son club o\u00f9 il a jou\u00e9 14 rencontres<\/strong>. <\/p>\n<p>Avec ses performances et sa r\u00e9gularit\u00e9, le jeune guin\u00e9en de 17 ans nourrit un seul objectif : taper dans l\u2019\u0153il du staff de l\u2019\u00e9quipe pro de Genk. \u00ab\u00a0<em>Aujourd\u2019hui, mon ambition est de jouer pour l\u2019\u00e9quipe premi\u00e8re de Genk. Pour r\u00e9ussir cet objectif, je vais continuer \u00e0 me battre. Mon r\u00eave est de repr\u00e9senter les couleurs du Syli<\/em> \u00a0\u00bb affirme celui qui est aussi \u00e9ligible avec l\u2019\u00e9quipe des Pays-Bas. <\/p>\n<figure class=\"wp-block-image size-large\"><img fetchpriority=\"high\" decoding=\"async\" width=\"819\" height=\"1024\"src=\"https:\/\/usercontent.one\/wp\/guineefoot.info\/wp-content\/uploads\/2025\/05\/IMG-20250507-WA0008.jpg?media=1735902803\" alt=\"\" class=\"wp-image-55478\" srcset=\"https:\/\/usercontent.one\/wp\/guineefoot.info\/wp-content\/uploads\/2025\/05\/IMG-20250507-WA0008-819x1024.jpg?media=1735902803 819w, https:\/\/usercontent.one\/wp\/guineefoot.info\/wp-content\/uploads\/2025\/05\/IMG-20250507-WA0008-240x300.jpg?media=1735902803 240w, https:\/\/usercontent.one\/wp\/guineefoot.info\/wp-content\/uploads\/2025\/05\/IMG-20250507-WA0008-768x960.jpg?media=1735902803 768w, https:\/\/usercontent.one\/wp\/guineefoot.info\/wp-content\/uploads\/2025\/05\/IMG-20250507-WA0008-1229x1536.jpg?media=1735902803 1229w, https:\/\/usercontent.one\/wp\/guineefoot.info\/wp-content\/uploads\/2025\/05\/IMG-20250507-WA0008.jpg?media=1735902803 1638w\" sizes=\"(max-width: 819px) 100vw, 819px\"><\/figure>\n<p>A pr\u00e9ciser que Alpha Amadou Barry est li\u00e9 au KRC Genk avec lequel il a r\u00e9cemment prolong\u00e9 jusqu\u2019en 2027. Le d\u00e9fenseur espoir pourrait donc voir son objectif de rejoindre les rangs de l\u2019\u00e9quipe pro se r\u00e9aliser, s\u2019il continue sur sa bonne dynamique actuelle. Et le Syli, dans l\u2019avenir.<\/p>\n<figure class=\"wp-block-image size-full\"><img decoding=\"async\" width=\"714\" height=\"717\"src=\"https:\/\/usercontent.one\/wp\/guineefoot.info\/wp-content\/uploads\/2025\/05\/489457236_18081348715728243_1165347599842045005_n.jpg?media=1735902803\" alt=\"\" class=\"wp-image-55480\" srcset=\"https:\/\/usercontent.one\/wp\/guineefoot.info\/wp-content\/uploads\/2025\/05\/489457236_18081348715728243_1165347599842045005_n.jpg?media=1735902803 714w, https:\/\/usercontent.one\/wp\/guineefoot.info\/wp-content\/uploads\/2025\/05\/489457236_18081348715728243_1165347599842045005_n-300x300.jpg?media=1735902803 300w, https:\/\/usercontent.one\/wp\/guineefoot.info\/wp-content\/uploads\/2025\/05\/489457236_18081348715728243_1165347599842045005_n-150x150.jpg?media=1735902803 150w, https:\/\/usercontent.one\/wp\/guineefoot.info\/wp-content\/uploads\/2025\/05\/489457236_18081348715728243_1165347599842045005_n-100x100.jpg?media=1735902803 100w\" sizes=\"(max-width: 714px) 100vw, 714px\"><\/figure>\n<p><strong>Mohamed LAMINE TOUR\u00c9 <\/strong><\/p>\n<p><strong>T\u00c9L : (+224) 622 653 422 <\/strong><\/p>\n<\/div>\n","protected":false},"excerpt":{"rendered":"<p>GENK- Il n\u2019a que 17 ans mais devient une r\u00e9f\u00e9rence \u00e0 son poste de d\u2019arri\u00e8re gauche. Alpha Amadou Barry est un jeune guin\u00e9en qui evoule avec les \u00e9quipes de jeunes de KRC Genk en Belgique. Cette saison, il encha\u00eene des matches avec son club o\u00f9 il a jou\u00e9 14 rencontres. Avec ses performances et sa &hellip;<\/p>\n","protected":false},"author":1,"featured_media":0,"comment_status":"closed","ping_status":"closed","sticky":false,"template":"","format":"standard","meta":{"footnotes":""},"categories":[4],"tags":[],"_links":{"self":[{"href":"https:\/\/sn.ambaguinee.org\/index.php?rest_route=\/wp\/v2\/posts\/78872"}],"collection":[{"href":"https:\/\/sn.ambaguinee.org\/index.php?rest_route=\/wp\/v2\/posts"}],"about":[{"href":"https:\/\/sn.ambaguinee.org\/index.php?rest_route=\/wp\/v2\/types\/post"}],"author":[{"embeddable":true,"href":"https:\/\/sn.ambaguinee.org\/index.php?rest_route=\/wp\/v2\/users\/1"}],"replies":[{"embeddable":true,"href":"https:\/\/sn.ambaguinee.org\/index.php?rest_route=%2Fwp%2Fv2%2Fcomments&post=78872"}],"version-history":[{"count":0,"href":"https:\/\/sn.ambaguinee.org\/index.php?rest_route=\/wp\/v2\/posts\/78872\/revisions"}],"wp:attachment":[{"href":"https:\/\/sn.ambaguinee.org\/index.php?rest_route=%2Fwp%2Fv2%2Fmedia&parent=78872"}],"wp:term":[{"taxonomy":"category","embeddable":true,"href":"https:\/\/sn.ambaguinee.org\/index.php?rest_route=%2Fwp%2Fv2%2Fcategories&post=78872"},{"taxonomy":"post_tag","embeddable":true,"href":"https:\/\/sn.ambaguinee.org\/index.php?rest_route=%2Fwp%2Fv2%2Ftags&post=78872"}],"curies":[{"name":"wp","href":"https:\/\/api.w.org\/{rel}","templated":true}]}}