{"id":79001,"date":"2025-05-10T23:03:56","date_gmt":"2025-05-10T21:03:56","guid":{"rendered":"https:\/\/sn.ambaguinee.org\/?p=79001"},"modified":"2025-05-10T23:03:56","modified_gmt":"2025-05-10T21:03:56","slug":"espagne-moriba-kourouma-inscrit-son-premier-but-en-liga-avec-celta-vigo","status":"publish","type":"post","link":"https:\/\/sn.ambaguinee.org\/?p=79001","title":{"rendered":"Espagne : Moriba Kourouma inscrit son premier but en Liga avec Celta Vigo"},"content":{"rendered":"<div>\n<p><strong>VIGO- Lors de la r\u00e9ception du FC S\u00e9ville ce samedi au compte de la 35\u00e8me journ\u00e9e de la Liga Espagnole, le Celta a sign\u00e9 une victoire importante \u00e0 domicile. Le club de Moriba Kourouma s\u2019est impos\u00e9 (3-1), malgr\u00e9 l\u2019inferiorit\u00e9 num\u00e9rique apr\u00e8s l\u2019expulsion de Marcos Alonso<\/strong>. <\/p>\n<p>Et c\u2019est le milieu de terrain guin\u00e9en, \u00e0 la 19\u00e8me minute du match, qui a montr\u00e9 la voie \u00e0 ses co\u00e9quipiers en ouvrant le score d\u2019un magnifique but. Au classement, le Celta est septi\u00e8me de la Liga et r\u00eave toujours de coupe d\u2019Europe. Sur le plan personnel, c\u2019est le premier but d\u2019Illaix Moriba Kourouma cette saison.<\/p>\n<figure class=\"wp-block-embed is-type-rich is-provider-twitter wp-block-embed-twitter\">\n<div class=\"wp-block-embed__wrapper\">\n<div class=\"embed-twitter\">\n<blockquote class=\"twitter-tweet\" data-width=\"550\" data-dnt=\"true\">\n<p lang=\"en\" dir=\"ltr\">God&#8217;s Plan <imgsrc=\"\" alt=\"\ud83c\uddec\ud83c\uddf3\" class=\"wp-smiley\" style=\"height: 1em; max-height: 1em;\"><imgsrc=\"\" alt=\"\ud83e\ude75\" class=\"wp-smiley\" style=\"height: 1em; max-height: 1em;\"><a href=\"https:\/\/twitter.com\/hashtag\/CeltaSevillaFC?src=hash&amp;ref_src=twsrc%5Etfw\">#CeltaSevillaFC<\/a> \u22c4 <a href=\"https:\/\/twitter.com\/hashtag\/LALIGAHIGHLIGHTS?src=hash&amp;ref_src=twsrc%5Etfw\">#LALIGAHIGHLIGHTS<\/a> <a href=\"https:\/\/t.co\/myRF5W4m4S\">pic.twitter.com\/myRF5W4m4S<\/a><\/p>\n<p>\u2014 RC Celta English (@RCCeltaEN) <a href=\"https:\/\/twitter.com\/RCCeltaEN\/status\/1921217763768410518?ref_src=twsrc%5Etfw\">May 10, 2025<\/a><\/p><\/blockquote>\n<p><script async src=\"https:\/\/platform.twitter.com\/widgets.js\" charset=\"utf-8\"><\/script><\/div>\n<\/div>\n<\/figure>\n<p><strong>ALPHA DIALLO<\/strong><\/p>\n<\/div>\n","protected":false},"excerpt":{"rendered":"<p>VIGO- Lors de la r\u00e9ception du FC S\u00e9ville ce samedi au compte de la 35\u00e8me journ\u00e9e de la Liga Espagnole, le Celta a sign\u00e9 une victoire importante \u00e0 domicile. Le club de Moriba Kourouma s\u2019est impos\u00e9 (3-1), malgr\u00e9 l\u2019inferiorit\u00e9 num\u00e9rique apr\u00e8s l\u2019expulsion de Marcos Alonso. Et c\u2019est le milieu de terrain guin\u00e9en, \u00e0 la 19\u00e8me &hellip;<\/p>\n","protected":false},"author":1,"featured_media":0,"comment_status":"closed","ping_status":"closed","sticky":false,"template":"","format":"standard","meta":{"footnotes":""},"categories":[4],"tags":[],"_links":{"self":[{"href":"https:\/\/sn.ambaguinee.org\/index.php?rest_route=\/wp\/v2\/posts\/79001"}],"collection":[{"href":"https:\/\/sn.ambaguinee.org\/index.php?rest_route=\/wp\/v2\/posts"}],"about":[{"href":"https:\/\/sn.ambaguinee.org\/index.php?rest_route=\/wp\/v2\/types\/post"}],"author":[{"embeddable":true,"href":"https:\/\/sn.ambaguinee.org\/index.php?rest_route=\/wp\/v2\/users\/1"}],"replies":[{"embeddable":true,"href":"https:\/\/sn.ambaguinee.org\/index.php?rest_route=%2Fwp%2Fv2%2Fcomments&post=79001"}],"version-history":[{"count":0,"href":"https:\/\/sn.ambaguinee.org\/index.php?rest_route=\/wp\/v2\/posts\/79001\/revisions"}],"wp:attachment":[{"href":"https:\/\/sn.ambaguinee.org\/index.php?rest_route=%2Fwp%2Fv2%2Fmedia&parent=79001"}],"wp:term":[{"taxonomy":"category","embeddable":true,"href":"https:\/\/sn.ambaguinee.org\/index.php?rest_route=%2Fwp%2Fv2%2Fcategories&post=79001"},{"taxonomy":"post_tag","embeddable":true,"href":"https:\/\/sn.ambaguinee.org\/index.php?rest_route=%2Fwp%2Fv2%2Ftags&post=79001"}],"curies":[{"name":"wp","href":"https:\/\/api.w.org\/{rel}","templated":true}]}}