{"id":79084,"date":"2025-05-12T23:11:51","date_gmt":"2025-05-12T21:11:51","guid":{"rendered":"https:\/\/sn.ambaguinee.org\/?p=79084"},"modified":"2025-05-12T23:11:51","modified_gmt":"2025-05-12T21:11:51","slug":"football-elhadj-diouf-decu-du-syli-et-se-pose-des-interrogations-sur-guirassy","status":"publish","type":"post","link":"https:\/\/sn.ambaguinee.org\/?p=79084","title":{"rendered":"Football. Elhadj Diouf d\u00e9\u00e7u du Syli et se pose des interrogations sur Guirassy"},"content":{"rendered":"<div>\n<div style=\"margin-bottom:20px;\"><img width=\"2560\" height=\"1440\"src=\"https:\/\/i0.wp.com\/www.guinee7.com\/wp-content\/uploads\/2025\/05\/IMG-20250512-WA0022.jpg?w=2560&amp;ssl=1\" class=\"attachment-post-thumbnail size-post-thumbnail wp-post-image\" alt=\"\" decoding=\"async\" loading=\"lazy\" srcset=\"https:\/\/i0.wp.com\/www.guinee7.com\/wp-content\/uploads\/2025\/05\/IMG-20250512-WA0022.jpg?w=2560&amp;ssl=1 2560w, https:\/\/i0.wp.com\/www.guinee7.com\/wp-content\/uploads\/2025\/05\/IMG-20250512-WA0022.jpg?resize=300%2C169&amp;ssl=1 300w, https:\/\/i0.wp.com\/www.guinee7.com\/wp-content\/uploads\/2025\/05\/IMG-20250512-WA0022.jpg?resize=1024%2C576&amp;ssl=1 1024w, https:\/\/i0.wp.com\/www.guinee7.com\/wp-content\/uploads\/2025\/05\/IMG-20250512-WA0022.jpg?resize=768%2C432&amp;ssl=1 768w, https:\/\/i0.wp.com\/www.guinee7.com\/wp-content\/uploads\/2025\/05\/IMG-20250512-WA0022.jpg?resize=1536%2C864&amp;ssl=1 1536w, https:\/\/i0.wp.com\/www.guinee7.com\/wp-content\/uploads\/2025\/05\/IMG-20250512-WA0022.jpg?resize=2048%2C1152&amp;ssl=1 2048w, https:\/\/i0.wp.com\/www.guinee7.com\/wp-content\/uploads\/2025\/05\/IMG-20250512-WA0022.jpg?w=2340&amp;ssl=1 2340w\" sizes=\"auto, (max-width: 2560px) 100vw, 2560px\"><\/div>\n<p><span style=\"font-size: 20px;\">En s\u00e9jour le week-end dernier pour un \u00e9v\u00e9nement caritatif, Elhadj Diouf, l\u2019ancien attaquant embl\u00e9matique du S\u00e9n\u00e9gal, a pris un moment pour s\u2019exprimer sur les r\u00e9centes contre-performances du Syli National de Guin\u00e9e. Connu pour son franc-parler, l\u2019ex-Lion de la Teranga n\u2019a pas cach\u00e9 sa d\u00e9ception face \u00e0 l\u2019absence de la Guin\u00e9e \u00e0 la prochaine Coupe d\u2019Afrique des nations (CAN).<\/span><\/p>\n<p><span style=\"font-size: 20px;\">\u00ab <\/span><span style=\"font-size: 20px;\">J\u2019\u00e9tais d\u00e9go\u00fbt\u00e9 de ne pas les voir se qualifier pour la Coupe d\u2019Afrique des nations. Maintenant, \u00e7a doit \u00eatre une mauvaise chose, mais \u00e7a doit les galvaniser pour l\u2019avenir <\/span><span style=\"font-size: 20px;\">\u00bb<\/span><span style=\"font-size: 20px;\">, a-t-il d\u00e9clar\u00e9 d\u2019entr\u00e9e. \u00ab Cela m\u2019\u00e9tait arriv\u00e9 quand je jouais au football. Avec les talents qu\u2019on avait, on n\u2019avait pas r\u00e9ussi \u00e0 qualifier le S\u00e9n\u00e9gal, mais la Coupe d\u2019Afrique d\u2019avant, on avait jou\u00e9 une finale. Donc, c\u2019est pour dire que se faire pardonner, c\u2019est aussi se qualifier pour la Coupe du Monde. Ils peuvent toujours le faire ou \u00eatre encore les meilleurs deuxi\u00e8mes pour pouvoir se qualifier \u00e0 la 2\u1d49 place <\/span><span style=\"font-size: 20px;\">\u00bb<\/span><span style=\"font-size: 20px;\">.<\/span><\/p>\n<p><span style=\"font-size: 20px;\">Diouf n\u2019a pas seulement \u00e9voqu\u00e9 la contre-performance collective du Syli, mais s\u2019est aussi attard\u00e9 sur le cas de Serhou Guirassy. L\u2019attaquant guin\u00e9en, brillant en club, peine pourtant \u00e0 performer en s\u00e9lection. Une d\u00e9sillusion pour la star s\u00e9n\u00e9galaise.<\/span><\/p>\n<p><span style=\"font-size: 20px;\">\u00ab <\/span><span style=\"font-size: 20px;\">Serhou Guirassy, on ne doit pas parler de lui aujourd\u2019hui. C\u2019est quelqu\u2019un qui a l\u2019habitude, il est dans une continuit\u00e9 de ce qu\u2019il fait chaque ann\u00e9e. Maintenant, posons-nous des questions : comment se fait-il qu\u2019il brille tellement avec son \u00e9quipe (en club) et qu\u2019il ne brille pas avec l\u2019\u00e9quipe nationale, le Syli\u00a0? (\u2026), Donc, je crois que, quand on est un joueur de cette envergure, ils doivent essayer de construire une \u00e9quipe autour de lui et de lui faciliter les choses pour qu\u2019il puisse mettre le ballon au fond des filets <\/span><span style=\"font-size: 20px;\">\u00bb<\/span><span style=\"font-size: 20px;\">, a indiqu\u00e9 Elhadj Diouf. <\/span><\/p>\n<p><strong><span style=\"font-size: 20px;\">Thierno Abdoul Barry pour guinee7.com<\/span><\/strong><br \/><!--\/data\/user\/0\/com.samsung.android.app.notes\/files\/clipdata\/clipdata_bodytext_250512_190350_000.sdocx--><\/p>\n<\/div>\n","protected":false},"excerpt":{"rendered":"<p>En s\u00e9jour le week-end dernier pour un \u00e9v\u00e9nement caritatif, Elhadj Diouf, l\u2019ancien attaquant embl\u00e9matique du S\u00e9n\u00e9gal, a pris un moment pour s\u2019exprimer sur les r\u00e9centes contre-performances du Syli National de Guin\u00e9e. Connu pour son franc-parler, l\u2019ex-Lion de la Teranga n\u2019a pas cach\u00e9 sa d\u00e9ception face \u00e0 l\u2019absence de la Guin\u00e9e \u00e0 la prochaine Coupe d\u2019Afrique &hellip;<\/p>\n","protected":false},"author":1,"featured_media":0,"comment_status":"closed","ping_status":"closed","sticky":false,"template":"","format":"standard","meta":{"footnotes":""},"categories":[2],"tags":[22],"_links":{"self":[{"href":"https:\/\/sn.ambaguinee.org\/index.php?rest_route=\/wp\/v2\/posts\/79084"}],"collection":[{"href":"https:\/\/sn.ambaguinee.org\/index.php?rest_route=\/wp\/v2\/posts"}],"about":[{"href":"https:\/\/sn.ambaguinee.org\/index.php?rest_route=\/wp\/v2\/types\/post"}],"author":[{"embeddable":true,"href":"https:\/\/sn.ambaguinee.org\/index.php?rest_route=\/wp\/v2\/users\/1"}],"replies":[{"embeddable":true,"href":"https:\/\/sn.ambaguinee.org\/index.php?rest_route=%2Fwp%2Fv2%2Fcomments&post=79084"}],"version-history":[{"count":0,"href":"https:\/\/sn.ambaguinee.org\/index.php?rest_route=\/wp\/v2\/posts\/79084\/revisions"}],"wp:attachment":[{"href":"https:\/\/sn.ambaguinee.org\/index.php?rest_route=%2Fwp%2Fv2%2Fmedia&parent=79084"}],"wp:term":[{"taxonomy":"category","embeddable":true,"href":"https:\/\/sn.ambaguinee.org\/index.php?rest_route=%2Fwp%2Fv2%2Fcategories&post=79084"},{"taxonomy":"post_tag","embeddable":true,"href":"https:\/\/sn.ambaguinee.org\/index.php?rest_route=%2Fwp%2Fv2%2Ftags&post=79084"}],"curies":[{"name":"wp","href":"https:\/\/api.w.org\/{rel}","templated":true}]}}