{"id":79151,"date":"2025-05-14T23:13:58","date_gmt":"2025-05-14T21:13:58","guid":{"rendered":"https:\/\/sn.ambaguinee.org\/?p=79151"},"modified":"2025-05-14T23:13:58","modified_gmt":"2025-05-14T21:13:58","slug":"championnat-dafrique-de-sambo-importante-rencontre-entre-le-ministere-des-sports-et-la-federation","status":"publish","type":"post","link":"https:\/\/sn.ambaguinee.org\/?p=79151","title":{"rendered":"Championnat d\u2019Afrique de Sambo : importante rencontre entre le minist\u00e8re des Sports et la f\u00e9d\u00e9ration"},"content":{"rendered":"<div>\n<div style=\"margin-bottom:20px;\"><img width=\"2560\" height=\"1440\"src=\"https:\/\/i0.wp.com\/www.guinee7.com\/wp-content\/uploads\/2025\/05\/IMG-20250514-WA0033.jpg?w=2560&amp;ssl=1\" class=\"attachment-post-thumbnail size-post-thumbnail wp-post-image\" alt=\"\" decoding=\"async\" loading=\"lazy\" srcset=\"https:\/\/i0.wp.com\/www.guinee7.com\/wp-content\/uploads\/2025\/05\/IMG-20250514-WA0033.jpg?w=2560&amp;ssl=1 2560w, https:\/\/i0.wp.com\/www.guinee7.com\/wp-content\/uploads\/2025\/05\/IMG-20250514-WA0033.jpg?resize=300%2C169&amp;ssl=1 300w, https:\/\/i0.wp.com\/www.guinee7.com\/wp-content\/uploads\/2025\/05\/IMG-20250514-WA0033.jpg?resize=1024%2C576&amp;ssl=1 1024w, https:\/\/i0.wp.com\/www.guinee7.com\/wp-content\/uploads\/2025\/05\/IMG-20250514-WA0033.jpg?resize=768%2C432&amp;ssl=1 768w, https:\/\/i0.wp.com\/www.guinee7.com\/wp-content\/uploads\/2025\/05\/IMG-20250514-WA0033.jpg?resize=1536%2C864&amp;ssl=1 1536w, https:\/\/i0.wp.com\/www.guinee7.com\/wp-content\/uploads\/2025\/05\/IMG-20250514-WA0033.jpg?resize=2048%2C1152&amp;ssl=1 2048w, https:\/\/i0.wp.com\/www.guinee7.com\/wp-content\/uploads\/2025\/05\/IMG-20250514-WA0033.jpg?w=2340&amp;ssl=1 2340w\" sizes=\"auto, (max-width: 2560px) 100vw, 2560px\"><\/div>\n<p><span style=\"font-size: 20px;\">Le minist\u00e8re des Sports a eu, ce mercredi, un entretien crucial avec les membres de la f\u00e9d\u00e9ration guin\u00e9enne de sambo pour finaliser les pr\u00e9paratifs du prochain championnat d\u2019Afrique, cat\u00e9gorie senior, pr\u00e9vu du 23 au 26 mai prochain.<\/span><\/p>\n<p><span style=\"font-size: 20px;\">Les questions de s\u00e9curit\u00e9, de logistique et de prise en charge m\u00e9dicale ont \u00e9t\u00e9 abord\u00e9es pour garantir le bon d\u00e9roulement de cet \u00e9v\u00e9nement continental. <\/span><\/p>\n<p><img data-recalc-dims=\"1\" loading=\"lazy\" decoding=\"async\" class=\"alignnone wp-image-118291 size-full\"src=\"https:\/\/i0.wp.com\/www.guinee7.com\/wp-content\/uploads\/2025\/05\/IMG-20250514-WA0035.jpg?w=2560&amp;ssl=1\" alt=\"\" width=\"1170\" height=\"658\" srcset=\"https:\/\/i0.wp.com\/www.guinee7.com\/wp-content\/uploads\/2025\/05\/IMG-20250514-WA0035.jpg?w=2560&amp;ssl=1 2560w, https:\/\/i0.wp.com\/www.guinee7.com\/wp-content\/uploads\/2025\/05\/IMG-20250514-WA0035.jpg?resize=300%2C169&amp;ssl=1 300w, https:\/\/i0.wp.com\/www.guinee7.com\/wp-content\/uploads\/2025\/05\/IMG-20250514-WA0035.jpg?resize=1024%2C576&amp;ssl=1 1024w, https:\/\/i0.wp.com\/www.guinee7.com\/wp-content\/uploads\/2025\/05\/IMG-20250514-WA0035.jpg?resize=768%2C432&amp;ssl=1 768w, https:\/\/i0.wp.com\/www.guinee7.com\/wp-content\/uploads\/2025\/05\/IMG-20250514-WA0035.jpg?resize=1536%2C864&amp;ssl=1 1536w, https:\/\/i0.wp.com\/www.guinee7.com\/wp-content\/uploads\/2025\/05\/IMG-20250514-WA0035.jpg?resize=2048%2C1152&amp;ssl=1 2048w, https:\/\/i0.wp.com\/www.guinee7.com\/wp-content\/uploads\/2025\/05\/IMG-20250514-WA0035.jpg?w=2340&amp;ssl=1 2340w\" sizes=\"auto, (max-width: 1170px) 100vw, 1170px\"><\/p>\n<p><span style=\"font-size: 20px;\">Le directeur national adjoint des Sports, Mamadou Aliou Sory Barry, a soulign\u00e9 l\u2019importance de \u00ab\u00a0pr\u00e9senter une image positive de la Guin\u00e9e sur la sc\u00e8ne internationale, malgr\u00e9 les d\u00e9fis li\u00e9s aux infrastructures\u00a0\u00bb.<\/span><br \/><img data-recalc-dims=\"1\" loading=\"lazy\" decoding=\"async\" class=\"alignnone wp-image-118292 size-full\"src=\"https:\/\/i0.wp.com\/www.guinee7.com\/wp-content\/uploads\/2025\/05\/IMG-20250514-WA0037.jpg?w=2560&amp;ssl=1\" alt=\"\" width=\"1170\" height=\"658\" srcset=\"https:\/\/i0.wp.com\/www.guinee7.com\/wp-content\/uploads\/2025\/05\/IMG-20250514-WA0037.jpg?w=2560&amp;ssl=1 2560w, https:\/\/i0.wp.com\/www.guinee7.com\/wp-content\/uploads\/2025\/05\/IMG-20250514-WA0037.jpg?resize=300%2C169&amp;ssl=1 300w, https:\/\/i0.wp.com\/www.guinee7.com\/wp-content\/uploads\/2025\/05\/IMG-20250514-WA0037.jpg?resize=1024%2C576&amp;ssl=1 1024w, https:\/\/i0.wp.com\/www.guinee7.com\/wp-content\/uploads\/2025\/05\/IMG-20250514-WA0037.jpg?resize=768%2C432&amp;ssl=1 768w, https:\/\/i0.wp.com\/www.guinee7.com\/wp-content\/uploads\/2025\/05\/IMG-20250514-WA0037.jpg?resize=1536%2C864&amp;ssl=1 1536w, https:\/\/i0.wp.com\/www.guinee7.com\/wp-content\/uploads\/2025\/05\/IMG-20250514-WA0037.jpg?resize=2048%2C1152&amp;ssl=1 2048w, https:\/\/i0.wp.com\/www.guinee7.com\/wp-content\/uploads\/2025\/05\/IMG-20250514-WA0037.jpg?w=2340&amp;ssl=1 2340w\" sizes=\"auto, (max-width: 1170px) 100vw, 1170px\"><\/p>\n<p><span style=\"font-size: 20px;\">Le bureau ex\u00e9cutif de la f\u00e9d\u00e9ration, par la voix de son pr\u00e9sident, ma\u00eetre Amadou Sadigou Bah, a \u00e9galement insist\u00e9 sur la n\u00e9cessit\u00e9 d\u2019assurer \u00ab\u00a0des conditions optimales pour les athl\u00e8tes, notamment en mati\u00e8re de transport, d\u2019h\u00e9bergement et de s\u00e9curit\u00e9\u00a0\u00bb.<\/span><\/p>\n<p><img data-recalc-dims=\"1\" loading=\"lazy\" decoding=\"async\" class=\"alignnone wp-image-118293 size-full\"src=\"https:\/\/i0.wp.com\/www.guinee7.com\/wp-content\/uploads\/2025\/05\/IMG-20250514-WA0039.jpg?w=2560&amp;ssl=1\" alt=\"\" width=\"1170\" height=\"658\" srcset=\"https:\/\/i0.wp.com\/www.guinee7.com\/wp-content\/uploads\/2025\/05\/IMG-20250514-WA0039.jpg?w=2560&amp;ssl=1 2560w, https:\/\/i0.wp.com\/www.guinee7.com\/wp-content\/uploads\/2025\/05\/IMG-20250514-WA0039.jpg?resize=300%2C169&amp;ssl=1 300w, https:\/\/i0.wp.com\/www.guinee7.com\/wp-content\/uploads\/2025\/05\/IMG-20250514-WA0039.jpg?resize=1024%2C576&amp;ssl=1 1024w, https:\/\/i0.wp.com\/www.guinee7.com\/wp-content\/uploads\/2025\/05\/IMG-20250514-WA0039.jpg?resize=768%2C432&amp;ssl=1 768w, https:\/\/i0.wp.com\/www.guinee7.com\/wp-content\/uploads\/2025\/05\/IMG-20250514-WA0039.jpg?resize=1536%2C864&amp;ssl=1 1536w, https:\/\/i0.wp.com\/www.guinee7.com\/wp-content\/uploads\/2025\/05\/IMG-20250514-WA0039.jpg?resize=2048%2C1152&amp;ssl=1 2048w, https:\/\/i0.wp.com\/www.guinee7.com\/wp-content\/uploads\/2025\/05\/IMG-20250514-WA0039.jpg?w=2340&amp;ssl=1 2340w\" sizes=\"auto, (max-width: 1170px) 100vw, 1170px\"><br \/><span style=\"font-size: 20px;\">De son c\u00f4t\u00e9, la commission m\u00e9dicale pr\u00e9sid\u00e9e par le Dr Simon Pierre Loua a rassur\u00e9 que toutes les dispositions sont d\u00e9j\u00e0 prises et que des partenariats sont \u00e9tablis avec des centres m\u00e9dicaux, notamment le CHU de Donka, pour parer \u00e0 toute \u00e9ventualit\u00e9.<\/span><\/p>\n<p><span style=\"font-size: 20px;\">\u00c0 en croire le pr\u00e9sident de la F\u00e9d\u00e9ration guin\u00e9enne de sambo et disciplines associ\u00e9es, la Guin\u00e9e semble pr\u00eate \u00e0 accueillir ce championnat, en esp\u00e9rant offrir aux visiteurs l\u2019hospitalit\u00e9 l\u00e9gendaire du pays.<\/span><\/p>\n<p><strong><span style=\"font-size: 20px;\">Thierno Abdoul Barry pour guinee7.com<\/span><\/strong><!--\/data\/user\/0\/com.samsung.android.app.notes\/files\/clipdata\/clipdata_bodytext_250514_140409_726.sdocx--><\/p>\n<\/div>\n","protected":false},"excerpt":{"rendered":"<p>Le minist\u00e8re des Sports a eu, ce mercredi, un entretien crucial avec les membres de la f\u00e9d\u00e9ration guin\u00e9enne de sambo pour finaliser les pr\u00e9paratifs du prochain championnat d\u2019Afrique, cat\u00e9gorie senior, pr\u00e9vu du 23 au 26 mai prochain. Les questions de s\u00e9curit\u00e9, de logistique et de prise en charge m\u00e9dicale ont \u00e9t\u00e9 abord\u00e9es pour garantir le &hellip;<\/p>\n","protected":false},"author":1,"featured_media":0,"comment_status":"closed","ping_status":"closed","sticky":false,"template":"","format":"standard","meta":{"footnotes":""},"categories":[2],"tags":[22],"_links":{"self":[{"href":"https:\/\/sn.ambaguinee.org\/index.php?rest_route=\/wp\/v2\/posts\/79151"}],"collection":[{"href":"https:\/\/sn.ambaguinee.org\/index.php?rest_route=\/wp\/v2\/posts"}],"about":[{"href":"https:\/\/sn.ambaguinee.org\/index.php?rest_route=\/wp\/v2\/types\/post"}],"author":[{"embeddable":true,"href":"https:\/\/sn.ambaguinee.org\/index.php?rest_route=\/wp\/v2\/users\/1"}],"replies":[{"embeddable":true,"href":"https:\/\/sn.ambaguinee.org\/index.php?rest_route=%2Fwp%2Fv2%2Fcomments&post=79151"}],"version-history":[{"count":0,"href":"https:\/\/sn.ambaguinee.org\/index.php?rest_route=\/wp\/v2\/posts\/79151\/revisions"}],"wp:attachment":[{"href":"https:\/\/sn.ambaguinee.org\/index.php?rest_route=%2Fwp%2Fv2%2Fmedia&parent=79151"}],"wp:term":[{"taxonomy":"category","embeddable":true,"href":"https:\/\/sn.ambaguinee.org\/index.php?rest_route=%2Fwp%2Fv2%2Fcategories&post=79151"},{"taxonomy":"post_tag","embeddable":true,"href":"https:\/\/sn.ambaguinee.org\/index.php?rest_route=%2Fwp%2Fv2%2Ftags&post=79151"}],"curies":[{"name":"wp","href":"https:\/\/api.w.org\/{rel}","templated":true}]}}