{"id":79204,"date":"2025-05-16T00:08:54","date_gmt":"2025-05-15T22:08:54","guid":{"rendered":"https:\/\/sn.ambaguinee.org\/?p=79204"},"modified":"2025-05-16T00:08:54","modified_gmt":"2025-05-15T22:08:54","slug":"je-reviens-quand-je-veux-les-premiers-mots-de-kouyate-de-retour-a-conakry","status":"publish","type":"post","link":"https:\/\/sn.ambaguinee.org\/?p=79204","title":{"rendered":"\u00ab Je reviens quand je veux \u00bb : les premiers mots de Kouyat\u00e9 de retour \u00e0 Conakry"},"content":{"rendered":"<div>\n<div style=\"margin-bottom:20px;\"><img width=\"1280\" height=\"720\"src=\"https:\/\/i0.wp.com\/www.guinee7.com\/wp-content\/uploads\/2025\/05\/IMG-20250515-WA0028.jpg?w=1280&amp;ssl=1\" class=\"attachment-post-thumbnail size-post-thumbnail wp-post-image\" alt=\"\" decoding=\"async\" loading=\"lazy\" srcset=\"https:\/\/i0.wp.com\/www.guinee7.com\/wp-content\/uploads\/2025\/05\/IMG-20250515-WA0028.jpg?w=1280&amp;ssl=1 1280w, https:\/\/i0.wp.com\/www.guinee7.com\/wp-content\/uploads\/2025\/05\/IMG-20250515-WA0028.jpg?resize=300%2C169&amp;ssl=1 300w, https:\/\/i0.wp.com\/www.guinee7.com\/wp-content\/uploads\/2025\/05\/IMG-20250515-WA0028.jpg?resize=1024%2C576&amp;ssl=1 1024w, https:\/\/i0.wp.com\/www.guinee7.com\/wp-content\/uploads\/2025\/05\/IMG-20250515-WA0028.jpg?resize=768%2C432&amp;ssl=1 768w\" sizes=\"auto, (max-width: 1280px) 100vw, 1280px\"><\/div>\n<p><span style=\"font-size: 20px;\">Apr\u00e8s plus de cinq mois pass\u00e9s hors du territoire national, Lansana Kouyat\u00e9, pr\u00e9sident du Parti de l\u2019Espoir pour le d\u00e9veloppement national (PEDN), est enfin de retour. Il a atterri \u00e0 Conakry dans la soir\u00e9e du jeudi 15 mai 2025. \u00c0 son arriv\u00e9e \u00e0 l\u2019a\u00e9roport international Ahmed S\u00e9kou Tour\u00e9, il s\u2019est pr\u00eat\u00e9 aux questions des journalistes.<\/span><\/p>\n<p><span style=\"font-size: 20px;\">\u00c0 l\u2019entame, l\u2019ancien Premier ministre a \u00e9voqu\u00e9 les raisons de son long s\u00e9jour \u00e0 l\u2019\u00e9tranger\u00a0: \u00ab\u00a0Je suis l\u00e0. Partir en exil, c\u2019est \u00e7a, vous pensez ? Ceux qui partent en exil ne pensent pas retourner. Quelles en sont les raisons ? Ils ont leurs raisons, peut-\u00eatre, mais moi, j\u2019ai pas cette raison. Je vais quand je veux \u2013 je reviens quand je veux. C\u2019est une terre de libert\u00e9. \u00bb<\/span><\/p>\n<p><span style=\"font-size: 20px;\">S\u2019agissant des tensions internes qui minent actuellement plusieurs grandes formations politiques guin\u00e9ennes, l\u2019ancien Premier ministre s\u2019est f\u00e9licit\u00e9 de la stabilit\u00e9 qui r\u00e8gne au sein du PEDN : \u00ab Si vous voulez. Je suis heureux que le PEDN ne soit pas aussi secou\u00e9 \u00e0 ce point. Mais je crois que la raison se trouve toujours dans la s\u00e9r\u00e9nit\u00e9, la tranquillit\u00e9. Les partis ne sont pas indemnes d\u2019erreurs. Les partis ne sont pas indemnes de tensions internes. C\u2019est un regroupement. Partout o\u00f9 vous regroupez les hommes, il faut de la s\u00e9r\u00e9nit\u00e9. Diriger un parti, c\u2019est pas facile, comme vous savez, parce que c\u2019est plusieurs personnes que vous mettez ensemble et vous avez un id\u00e9al, vous avez une id\u00e9ologie. Dieu merci, le PEDN r\u00e9ussit \u00e0 f\u00e9d\u00e9rer des gens autour d\u2019un id\u00e9al. Et cet id\u00e9al est bien connu. \u00bb<\/span><\/p>\n<p><span style=\"font-size: 20px;\">Pour conclure, Lansana Kouyat\u00e9 a exprim\u00e9 sa joie de retrouver son pays apr\u00e8s plusieurs mois d\u2019absence : \u00ab \u00c0 chaque fois que j\u2019ai voyag\u00e9, lorsque je suis de retour, je vous dis que c\u2019est un plaisir immense de revenir chez soi. L\u00e0 o\u00f9 on a ses fr\u00e8res, ses s\u0153urs, ses parents, ses amis et aussi ses militants. \u00c7a me fait chaud au c\u0153ur, apr\u00e8s quand m\u00eame un certain temps. Mais que j\u2019ai pas pass\u00e9 de fa\u00e7on inutile \u00e0 l\u2019ext\u00e9rieur. \u00bb<\/span><\/p>\n<p><strong><span style=\"font-size: 20px;\">Abdoul Lory Sylla pour Guinee7.com<\/span><\/strong><\/p>\n<p><!--\/data\/user\/0\/com.samsung.android.app.notes\/files\/clipdata\/clipdata_bodytext_250515_181156_577.sdocx--><\/p>\n<\/div>\n","protected":false},"excerpt":{"rendered":"<p>Apr\u00e8s plus de cinq mois pass\u00e9s hors du territoire national, Lansana Kouyat\u00e9, pr\u00e9sident du Parti de l\u2019Espoir pour le d\u00e9veloppement national (PEDN), est enfin de retour. Il a atterri \u00e0 Conakry dans la soir\u00e9e du jeudi 15 mai 2025. \u00c0 son arriv\u00e9e \u00e0 l\u2019a\u00e9roport international Ahmed S\u00e9kou Tour\u00e9, il s\u2019est pr\u00eat\u00e9 aux questions des journalistes. &hellip;<\/p>\n","protected":false},"author":1,"featured_media":0,"comment_status":"closed","ping_status":"closed","sticky":false,"template":"","format":"standard","meta":{"footnotes":""},"categories":[2],"tags":[22],"_links":{"self":[{"href":"https:\/\/sn.ambaguinee.org\/index.php?rest_route=\/wp\/v2\/posts\/79204"}],"collection":[{"href":"https:\/\/sn.ambaguinee.org\/index.php?rest_route=\/wp\/v2\/posts"}],"about":[{"href":"https:\/\/sn.ambaguinee.org\/index.php?rest_route=\/wp\/v2\/types\/post"}],"author":[{"embeddable":true,"href":"https:\/\/sn.ambaguinee.org\/index.php?rest_route=\/wp\/v2\/users\/1"}],"replies":[{"embeddable":true,"href":"https:\/\/sn.ambaguinee.org\/index.php?rest_route=%2Fwp%2Fv2%2Fcomments&post=79204"}],"version-history":[{"count":0,"href":"https:\/\/sn.ambaguinee.org\/index.php?rest_route=\/wp\/v2\/posts\/79204\/revisions"}],"wp:attachment":[{"href":"https:\/\/sn.ambaguinee.org\/index.php?rest_route=%2Fwp%2Fv2%2Fmedia&parent=79204"}],"wp:term":[{"taxonomy":"category","embeddable":true,"href":"https:\/\/sn.ambaguinee.org\/index.php?rest_route=%2Fwp%2Fv2%2Fcategories&post=79204"},{"taxonomy":"post_tag","embeddable":true,"href":"https:\/\/sn.ambaguinee.org\/index.php?rest_route=%2Fwp%2Fv2%2Ftags&post=79204"}],"curies":[{"name":"wp","href":"https:\/\/api.w.org\/{rel}","templated":true}]}}