{"id":79497,"date":"2025-05-22T01:04:56","date_gmt":"2025-05-21T23:04:56","guid":{"rendered":"https:\/\/sn.ambaguinee.org\/?p=79497"},"modified":"2025-05-22T01:04:56","modified_gmt":"2025-05-21T23:04:56","slug":"lassemblee-extraordinaire-de-la-feguifoot-convoquee-revision-des-statuts-et-adhesion-de-nouveaux-membres-en-vue","status":"publish","type":"post","link":"https:\/\/sn.ambaguinee.org\/?p=79497","title":{"rendered":"L\u2019Assembl\u00e9e Extraordinaire de la F\u00e9guifoot convoqu\u00e9e, r\u00e9vision des statuts et adh\u00e9sion de nouveaux membres en vue"},"content":{"rendered":"<div>\n<p><strong>CONAKRY- Le comit\u00e9 ex\u00e9cutif de la F\u00e9d\u00e9ration Guin\u00e9enne de Football pilot\u00e9 par Sorel Doumbouya, \u00e9tait en r\u00e9union ce mardi 20 mai \u00e0 Conakry, au si\u00e8ge de la F\u00e9guifoot. A l\u2019issue de ce conclave, il a \u00e9t\u00e9 d\u00e9cid\u00e9 de convoquer l\u2019Assembl\u00e9e G\u00e9n\u00e9rale Extraordinaire, apr\u00e8s l\u2019Assembl\u00e9e ordinaire qui a r\u00e9cemment vot\u00e9 la r\u00e9vocation d\u00e9finitive de Bouba Sampil<\/strong>. <\/p>\n<p>Cette fois-ci, l\u2019ordre du jour de la prochaine assembl\u00e9e devrait tourner autour de la r\u00e9vision des statuts de la f\u00e9d\u00e9ration, et surtout la cooptation de nouveaux membres pour meubler le comit\u00e9 ex\u00e9cutif o\u00f9 des postes sont encore vacants. Cette assembl\u00e9e est pr\u00e9vue le 24 juillet prochain \u00e0 Conakry. <\/p>\n<figure class=\"wp-block-image size-large\"><img fetchpriority=\"high\" decoding=\"async\" width=\"720\" height=\"1024\"src=\"https:\/\/usercontent.one\/wp\/guineefoot.info\/wp-content\/uploads\/2025\/05\/FB_IMG_1747855946160.jpg?media=1735902803\" alt=\"\" class=\"wp-image-55599\" srcset=\"https:\/\/usercontent.one\/wp\/guineefoot.info\/wp-content\/uploads\/2025\/05\/FB_IMG_1747855946160-720x1024.jpg?media=1735902803 720w, https:\/\/usercontent.one\/wp\/guineefoot.info\/wp-content\/uploads\/2025\/05\/FB_IMG_1747855946160-211x300.jpg?media=1735902803 211w, https:\/\/usercontent.one\/wp\/guineefoot.info\/wp-content\/uploads\/2025\/05\/FB_IMG_1747855946160-768x1092.jpg?media=1735902803 768w, https:\/\/usercontent.one\/wp\/guineefoot.info\/wp-content\/uploads\/2025\/05\/FB_IMG_1747855946160.jpg?media=1735902803 1080w\" sizes=\"(max-width: 720px) 100vw, 720px\"><\/figure>\n<\/div>\n","protected":false},"excerpt":{"rendered":"<p>CONAKRY- Le comit\u00e9 ex\u00e9cutif de la F\u00e9d\u00e9ration Guin\u00e9enne de Football pilot\u00e9 par Sorel Doumbouya, \u00e9tait en r\u00e9union ce mardi 20 mai \u00e0 Conakry, au si\u00e8ge de la F\u00e9guifoot. A l\u2019issue de ce conclave, il a \u00e9t\u00e9 d\u00e9cid\u00e9 de convoquer l\u2019Assembl\u00e9e G\u00e9n\u00e9rale Extraordinaire, apr\u00e8s l\u2019Assembl\u00e9e ordinaire qui a r\u00e9cemment vot\u00e9 la r\u00e9vocation d\u00e9finitive de Bouba Sampil. &hellip;<\/p>\n","protected":false},"author":1,"featured_media":0,"comment_status":"closed","ping_status":"closed","sticky":false,"template":"","format":"standard","meta":{"footnotes":""},"categories":[4],"tags":[],"_links":{"self":[{"href":"https:\/\/sn.ambaguinee.org\/index.php?rest_route=\/wp\/v2\/posts\/79497"}],"collection":[{"href":"https:\/\/sn.ambaguinee.org\/index.php?rest_route=\/wp\/v2\/posts"}],"about":[{"href":"https:\/\/sn.ambaguinee.org\/index.php?rest_route=\/wp\/v2\/types\/post"}],"author":[{"embeddable":true,"href":"https:\/\/sn.ambaguinee.org\/index.php?rest_route=\/wp\/v2\/users\/1"}],"replies":[{"embeddable":true,"href":"https:\/\/sn.ambaguinee.org\/index.php?rest_route=%2Fwp%2Fv2%2Fcomments&post=79497"}],"version-history":[{"count":0,"href":"https:\/\/sn.ambaguinee.org\/index.php?rest_route=\/wp\/v2\/posts\/79497\/revisions"}],"wp:attachment":[{"href":"https:\/\/sn.ambaguinee.org\/index.php?rest_route=%2Fwp%2Fv2%2Fmedia&parent=79497"}],"wp:term":[{"taxonomy":"category","embeddable":true,"href":"https:\/\/sn.ambaguinee.org\/index.php?rest_route=%2Fwp%2Fv2%2Fcategories&post=79497"},{"taxonomy":"post_tag","embeddable":true,"href":"https:\/\/sn.ambaguinee.org\/index.php?rest_route=%2Fwp%2Fv2%2Ftags&post=79497"}],"curies":[{"name":"wp","href":"https:\/\/api.w.org\/{rel}","templated":true}]}}