{"id":81902,"date":"2025-07-16T23:09:31","date_gmt":"2025-07-16T21:09:31","guid":{"rendered":"https:\/\/sn.ambaguinee.org\/?p=81902"},"modified":"2025-07-16T23:09:31","modified_gmt":"2025-07-16T21:09:31","slug":"justice-les-avocats-suspendent-le-mot-dordre-de-greve","status":"publish","type":"post","link":"https:\/\/sn.ambaguinee.org\/?p=81902","title":{"rendered":"Justice : les avocats suspendent le mot d\u2019ordre de gr\u00e8ve"},"content":{"rendered":"<div>\n<div style=\"margin-bottom:20px;\"><img width=\"1000\" height=\"750\"src=\"https:\/\/i0.wp.com\/www.guinee7.com\/wp-content\/uploads\/2025\/07\/IMG-20250716-WA0015.jpg?w=1000&amp;ssl=1\" class=\"attachment-post-thumbnail size-post-thumbnail wp-post-image\" alt=\"\" decoding=\"async\" loading=\"lazy\" srcset=\"https:\/\/i0.wp.com\/www.guinee7.com\/wp-content\/uploads\/2025\/07\/IMG-20250716-WA0015.jpg?w=1000&amp;ssl=1 1000w, https:\/\/i0.wp.com\/www.guinee7.com\/wp-content\/uploads\/2025\/07\/IMG-20250716-WA0015.jpg?resize=300%2C225&amp;ssl=1 300w, https:\/\/i0.wp.com\/www.guinee7.com\/wp-content\/uploads\/2025\/07\/IMG-20250716-WA0015.jpg?resize=768%2C576&amp;ssl=1 768w, https:\/\/i0.wp.com\/www.guinee7.com\/wp-content\/uploads\/2025\/07\/IMG-20250716-WA0015.jpg?resize=86%2C64&amp;ssl=1 86w\" sizes=\"auto, (max-width: 1000px) 100vw, 1000px\"><\/div>\n<p><span style=\"font-size: 20px;\">Apr\u00e8s plusieurs semaines de mobilisation en r\u00e9ponse \u00e0 l\u2019agression de l\u2019ancien b\u00e2tonnier, Me Mohamed Traor\u00e9, le Conseil de l\u2019Ordre des avocats de Guin\u00e9e a annonc\u00e9 la suspension de son mot d\u2019ordre de gr\u00e8ve ce mercredi 16 juillet 2025. Une d\u00e9cision qui intervient apr\u00e8s une s\u00e9rie d\u2019avanc\u00e9es significatives, tant sur le plan judiciaire qu\u2019au niveau des engagements institutionnels.<\/span><\/p>\n<p><span style=\"font-size: 20px;\">Me Moussa Diallo, membre du Conseil de l\u2019Ordre, s\u2019est exprim\u00e9 \u00e0 la suite d\u2019une r\u00e9union qui s\u2019est tenue \u00e0 la cour d\u2019appel de Conakry, autour de la situation. \u00ab Il n\u2019est pas un secret pour les uns et les autres que depuis cette agression du b\u00e2tonnier Mohamed Traor\u00e9, il y a eu des condamnations qui ont fus\u00e9 de partout, m\u00eame \u00e0 l\u2019international. Toutes les f\u00e9d\u00e9rations internationales d\u2019avocats ont condamn\u00e9 \u00bb, a-t-il d\u00e9clar\u00e9.<\/span><\/p>\n<p><span style=\"font-size: 20px;\">Sur le plan national, les r\u00e9actions n\u2019ont pas manqu\u00e9 non plus. Plusieurs figures du monde judiciaire et de l\u2019administration publique se sont r\u00e9unies \u00e0 deux reprises autour du Premier ministre, signe de l\u2019attention port\u00e9e \u00e0 cette affaire par les plus hautes autorit\u00e9s.<\/span><br \/><span style=\"font-size: 20px;\">\u00ab Il y a \u00e9galement eu des rencontres, par deux fois d\u2019ailleurs, avec le Premier ministre autour duquel il y avait des personnalit\u00e9s de l\u2019administration publique et du monde judiciaire, et pas des moindres \u00bb, souligne Me Diallo, qui insiste sur la port\u00e9e des discussions engag\u00e9es.<\/span><\/p>\n<p><span style=\"font-size: 20px;\">Parall\u00e8lement, la proc\u00e9dure judiciaire suit son cours. \u00ab Le b\u00e2tonnier Mohamed Traor\u00e9 a \u00e9t\u00e9 auditionn\u00e9 par l\u2019officier de police judiciaire \u00bb, a-t-il confirm\u00e9, saluant le d\u00e9but d\u2019une prise en charge judiciaire de l\u2019affaire.<\/span><\/p>\n<p><span style=\"font-size: 20px;\">Face \u00e0 ces signes d\u2019avanc\u00e9e, le Conseil de l\u2019Ordre a d\u00e9cid\u00e9 de faire un geste en suspendant la gr\u00e8ve en cours. Une suspension, toutefois, qui ne signifie pas un abandon du combat. \u00ab \u00c0 l\u2019issue de l\u2019\u00e9valuation de tout ce qui a \u00e9t\u00e9, nous avons jug\u00e9 utile de suspendre le mot d\u2019ordre de gr\u00e8ve pour laisser la chance \u00e0 ce que tout cela puisse aboutir \u00bb, a pr\u00e9cis\u00e9 Me Moussa Diallo.<\/span><\/p>\n<p><span style=\"font-size: 20px;\">Le Conseil de l\u2019Ordre reste \u00e9galement d\u00e9termin\u00e9 \u00e0 obtenir une audience avec le Pr\u00e9sident de la R\u00e9publique. \u00ab Nous avons exprim\u00e9 le souhait de rencontrer le chef de l\u2019\u00c9tat. Ce n\u2019est pas quelque chose qui nous semble impossible et ce n\u2019est pas quelque chose \u00e9galement \u00e0 laquelle nous renon\u00e7ons. Il y a bon espoir que cela soit \u00bb, a-t-il ajout\u00e9, exprimant une volont\u00e9 d\u2019aller jusqu\u2019au bout dans la recherche de justice et de garanties institutionnelles.<\/span><\/p>\n<p><strong><span style=\"font-size: 20px;\">Abdoul Lory Sylla pour guinee7.com<\/span><\/strong><!--\/data\/user\/0\/com.samsung.android.app.notes\/files\/clipdata\/clipdata_bodytext_250716_125746_998.sdocx--><\/p>\n<\/div>\n","protected":false},"excerpt":{"rendered":"<p>Apr\u00e8s plusieurs semaines de mobilisation en r\u00e9ponse \u00e0 l\u2019agression de l\u2019ancien b\u00e2tonnier, Me Mohamed Traor\u00e9, le Conseil de l\u2019Ordre des avocats de Guin\u00e9e a annonc\u00e9 la suspension de son mot d\u2019ordre de gr\u00e8ve ce mercredi 16 juillet 2025. Une d\u00e9cision qui intervient apr\u00e8s une s\u00e9rie d\u2019avanc\u00e9es significatives, tant sur le plan judiciaire qu\u2019au niveau des &hellip;<\/p>\n","protected":false},"author":1,"featured_media":0,"comment_status":"closed","ping_status":"closed","sticky":false,"template":"","format":"standard","meta":{"footnotes":""},"categories":[2],"tags":[22],"_links":{"self":[{"href":"https:\/\/sn.ambaguinee.org\/index.php?rest_route=\/wp\/v2\/posts\/81902"}],"collection":[{"href":"https:\/\/sn.ambaguinee.org\/index.php?rest_route=\/wp\/v2\/posts"}],"about":[{"href":"https:\/\/sn.ambaguinee.org\/index.php?rest_route=\/wp\/v2\/types\/post"}],"author":[{"embeddable":true,"href":"https:\/\/sn.ambaguinee.org\/index.php?rest_route=\/wp\/v2\/users\/1"}],"replies":[{"embeddable":true,"href":"https:\/\/sn.ambaguinee.org\/index.php?rest_route=%2Fwp%2Fv2%2Fcomments&post=81902"}],"version-history":[{"count":0,"href":"https:\/\/sn.ambaguinee.org\/index.php?rest_route=\/wp\/v2\/posts\/81902\/revisions"}],"wp:attachment":[{"href":"https:\/\/sn.ambaguinee.org\/index.php?rest_route=%2Fwp%2Fv2%2Fmedia&parent=81902"}],"wp:term":[{"taxonomy":"category","embeddable":true,"href":"https:\/\/sn.ambaguinee.org\/index.php?rest_route=%2Fwp%2Fv2%2Fcategories&post=81902"},{"taxonomy":"post_tag","embeddable":true,"href":"https:\/\/sn.ambaguinee.org\/index.php?rest_route=%2Fwp%2Fv2%2Ftags&post=81902"}],"curies":[{"name":"wp","href":"https:\/\/api.w.org\/{rel}","templated":true}]}}