{"id":82626,"date":"2025-07-30T00:08:29","date_gmt":"2025-07-29T22:08:29","guid":{"rendered":"https:\/\/sn.ambaguinee.org\/?p=82626"},"modified":"2025-07-30T00:08:29","modified_gmt":"2025-07-29T22:08:29","slug":"remaniement-cellou-balde-signe-son-entree-dans-le-gouvernement","status":"publish","type":"post","link":"https:\/\/sn.ambaguinee.org\/?p=82626","title":{"rendered":"Remaniement : Cellou Bald\u00e9 signe son entr\u00e9e dans le gouvernement"},"content":{"rendered":"<div>\n<div style=\"margin-bottom:20px;\"><img width=\"800\" height=\"800\"src=\"https:\/\/i0.wp.com\/www.guinee7.com\/wp-content\/uploads\/2021\/09\/Cellou-Balde.jpg?w=800&amp;ssl=1\" class=\"attachment-post-thumbnail size-post-thumbnail wp-post-image\" alt=\"\" decoding=\"async\" loading=\"lazy\" srcset=\"https:\/\/i0.wp.com\/www.guinee7.com\/wp-content\/uploads\/2021\/09\/Cellou-Balde.jpg?w=800&amp;ssl=1 800w, https:\/\/i0.wp.com\/www.guinee7.com\/wp-content\/uploads\/2021\/09\/Cellou-Balde.jpg?resize=300%2C300&amp;ssl=1 300w, https:\/\/i0.wp.com\/www.guinee7.com\/wp-content\/uploads\/2021\/09\/Cellou-Balde.jpg?resize=150%2C150&amp;ssl=1 150w, https:\/\/i0.wp.com\/www.guinee7.com\/wp-content\/uploads\/2021\/09\/Cellou-Balde.jpg?resize=768%2C768&amp;ssl=1 768w, https:\/\/i0.wp.com\/www.guinee7.com\/wp-content\/uploads\/2021\/09\/Cellou-Balde.jpg?resize=696%2C696&amp;ssl=1 696w, https:\/\/i0.wp.com\/www.guinee7.com\/wp-content\/uploads\/2021\/09\/Cellou-Balde.jpg?resize=420%2C420&amp;ssl=1 420w\" sizes=\"auto, (max-width: 800px) 100vw, 800px\"><\/div>\n<p><span style=\"font-size: 20px;\">Le pr\u00e9sident de la transition a proc\u00e9d\u00e9 \u00e0 un remaniement minist\u00e9riel, ce mardi 29 juillet 2025. Dans cette nouvelle configuration dirig\u00e9e par le Premier ministre Bah Oury, certains ont chang\u00e9 de poste, d\u2019autres maintenus. Il y a aussi de nouveaux visages. <\/span><\/p>\n<p><span style=\"font-size: 20px;\">Parmi lesquels, Cellou Bald\u00e9, ancien d\u00e9put\u00e9 de l\u2019UFDG. Il \u00e9tait l\u2019un des proches parmi les proches de Cellou Dalein Diallo. Nous vous proposons ci-dessous les diff\u00e9rents minist\u00e8res qui ont chang\u00e9 de t\u00eate. <\/span><\/p>\n<p><span style=\"font-size: 20px;\">Ministre de l\u2019Industrie et des Petites et Moyennes Entreprises, Dr Djaka Sidib\u00e9 <\/span><\/p>\n<p><span style=\"font-size: 20px;\">ministre de l\u2019Agriculture, M. Mariama Sir\u00e9 Sylla, pr\u00e9c\u00e9demment repr\u00e9sentante r\u00e9sidente du groupe de la Banque mondiale en Namibie ; <\/span><\/p>\n<p><span style=\"font-size: 20px;\">Ministre du Commerce, Mme Fatima Camara, pr\u00e9c\u00e9demment ministre de la P\u00eache et de l\u2019\u00c9conomie maritime <\/span><\/p>\n<p><span style=\"font-size: 20px;\">Ministre de la Culture et de l\u2019Artisanat, M. Moussa Moise Sylla <\/span><\/p>\n<p><span style=\"font-size: 20px;\">Ministre des Infrastructures et des Travaux publics, M. Laye Sekou Camara, ing\u00e9nieur \u00e9lectrotechnicien <\/span><\/p>\n<p><span style=\"font-size: 20px;\">Ministre de l\u2019\u00c9nergie : M. Namory Camara, pr\u00e9c\u00e9demment directeur g\u00e9n\u00e9ral de la soci\u00e9t\u00e9 de gestion de l\u2019a\u00e9roport de Conakry (SGCG-SA) ;<\/span><\/p>\n<p><span style=\"font-size: 20px;\">Ministre de l\u2019Hydraulique et des Hydrocarbures, Aboubacar Camara, pr\u00e9c\u00e9demment ministre de l\u2019\u00c9nergie, de l\u2019Hydraulique et des Hydrocarbures ; <\/span><\/p>\n<p><span style=\"font-size: 20px;\">Ministre de la P\u00eache et de l\u2019\u00c9conomie maritime : M. Fassou Thea, pr\u00e9c\u00e9demment conseiller \u00e0 la Primature ;<\/span><\/p>\n<p><span style=\"font-size: 20px;\">ministre de la Jeunesse, M. Mamadou Cellou Bald\u00e9, pr\u00e9c\u00e9demment d\u00e9put\u00e9 \u00e0 l\u2019Assembl\u00e9e nationale de Guin\u00e9e ; <\/span><\/p>\n<p><span style=\"font-size: 20px;\">Ministre des Sports, M. Bogola Haba ;<\/span><\/p>\n<p><span style=\"font-size: 20px;\">Ministre du Tourisme et de l\u2019H\u00f4tellerie, M. Mahamadou Abdoulaye Diallo, pr\u00e9c\u00e9demment ministre des Infrastructures et des Travaux publics ;<\/span><\/p>\n<p><span style=\"font-size: 20px;\">Ministre de l\u2019\u00c9levage, M. F\u00e9lix Lama, pr\u00e9c\u00e9demment ministre de l\u2019Agriculture et de l\u2019\u00c9levage.<\/span><\/p>\n<p><strong><span style=\"font-size: 20px;\">Bhoye Barry pour guinee7.com<\/span><\/strong><!--\/data\/user\/0\/com.samsung.android.app.notes\/files\/clipdata\/clipdata_bodytext_250729_212741_054.sdocx--><\/p>\n<\/div>\n","protected":false},"excerpt":{"rendered":"<p>Le pr\u00e9sident de la transition a proc\u00e9d\u00e9 \u00e0 un remaniement minist\u00e9riel, ce mardi 29 juillet 2025. Dans cette nouvelle configuration dirig\u00e9e par le Premier ministre Bah Oury, certains ont chang\u00e9 de poste, d\u2019autres maintenus. Il y a aussi de nouveaux visages. Parmi lesquels, Cellou Bald\u00e9, ancien d\u00e9put\u00e9 de l\u2019UFDG. Il \u00e9tait l\u2019un des proches parmi &hellip;<\/p>\n","protected":false},"author":1,"featured_media":0,"comment_status":"closed","ping_status":"closed","sticky":false,"template":"","format":"standard","meta":{"footnotes":""},"categories":[2],"tags":[22],"_links":{"self":[{"href":"https:\/\/sn.ambaguinee.org\/index.php?rest_route=\/wp\/v2\/posts\/82626"}],"collection":[{"href":"https:\/\/sn.ambaguinee.org\/index.php?rest_route=\/wp\/v2\/posts"}],"about":[{"href":"https:\/\/sn.ambaguinee.org\/index.php?rest_route=\/wp\/v2\/types\/post"}],"author":[{"embeddable":true,"href":"https:\/\/sn.ambaguinee.org\/index.php?rest_route=\/wp\/v2\/users\/1"}],"replies":[{"embeddable":true,"href":"https:\/\/sn.ambaguinee.org\/index.php?rest_route=%2Fwp%2Fv2%2Fcomments&post=82626"}],"version-history":[{"count":0,"href":"https:\/\/sn.ambaguinee.org\/index.php?rest_route=\/wp\/v2\/posts\/82626\/revisions"}],"wp:attachment":[{"href":"https:\/\/sn.ambaguinee.org\/index.php?rest_route=%2Fwp%2Fv2%2Fmedia&parent=82626"}],"wp:term":[{"taxonomy":"category","embeddable":true,"href":"https:\/\/sn.ambaguinee.org\/index.php?rest_route=%2Fwp%2Fv2%2Fcategories&post=82626"},{"taxonomy":"post_tag","embeddable":true,"href":"https:\/\/sn.ambaguinee.org\/index.php?rest_route=%2Fwp%2Fv2%2Ftags&post=82626"}],"curies":[{"name":"wp","href":"https:\/\/api.w.org\/{rel}","templated":true}]}}