{"id":82627,"date":"2025-07-30T00:08:30","date_gmt":"2025-07-29T22:08:30","guid":{"rendered":"https:\/\/sn.ambaguinee.org\/?p=82627"},"modified":"2025-07-30T00:08:30","modified_gmt":"2025-07-29T22:08:30","slug":"rusal-friguia-fin-de-la-greve-des-travailleurs-un-accord-a-ete-trouve-avec-la-direction","status":"publish","type":"post","link":"https:\/\/sn.ambaguinee.org\/?p=82627","title":{"rendered":"Rusal-Friguia : fin de la gr\u00e8ve des travailleurs, un accord a \u00e9t\u00e9 trouv\u00e9 avec la direction"},"content":{"rendered":"<div>\n<div style=\"margin-bottom:20px;\"><img width=\"1080\" height=\"810\"src=\"https:\/\/i0.wp.com\/www.guinee7.com\/wp-content\/uploads\/2025\/07\/IMG-20250729-WA0030.jpg?w=1080&amp;ssl=1\" class=\"attachment-post-thumbnail size-post-thumbnail wp-post-image\" alt=\"\" decoding=\"async\" srcset=\"https:\/\/i0.wp.com\/www.guinee7.com\/wp-content\/uploads\/2025\/07\/IMG-20250729-WA0030.jpg?w=1080&amp;ssl=1 1080w, https:\/\/i0.wp.com\/www.guinee7.com\/wp-content\/uploads\/2025\/07\/IMG-20250729-WA0030.jpg?resize=300%2C225&amp;ssl=1 300w, https:\/\/i0.wp.com\/www.guinee7.com\/wp-content\/uploads\/2025\/07\/IMG-20250729-WA0030.jpg?resize=1024%2C768&amp;ssl=1 1024w, https:\/\/i0.wp.com\/www.guinee7.com\/wp-content\/uploads\/2025\/07\/IMG-20250729-WA0030.jpg?resize=768%2C576&amp;ssl=1 768w, https:\/\/i0.wp.com\/www.guinee7.com\/wp-content\/uploads\/2025\/07\/IMG-20250729-WA0030.jpg?resize=86%2C64&amp;ssl=1 86w\" sizes=\"(max-width: 1080px) 100vw, 1080px\"><\/div>\n<p><span style=\"font-size: 20px;\">Apr\u00e8s des heures de contestation dans la cit\u00e9 des Alumines, enfin le consensus entre les travailleurs de Rusal-Friguia et la direction. La gr\u00e8ve d\u00e9clench\u00e9e lundi 28 juillet a \u00e9t\u00e9 lev\u00e9e dans un climat d\u2019apaisement.<\/span><\/p>\n<p><span style=\"font-size: 20px;\">Les discussions, engag\u00e9es sous la m\u00e9diation de responsables religieux et de repr\u00e9sentants de l\u2019administration de l\u2019\u00c9tat, ont permis d\u2019aboutir \u00e0 un compromis autour des revendications majeures des travailleurs, notamment l\u2019application de la Convention collective des mines et carri\u00e8res. <\/span><\/p>\n<p><span style=\"font-size: 20px;\">\u00ab Nous sommes satisfaits parce qu\u2019il y avait des repr\u00e9sentants de l\u2019\u00c9tat, l\u2019inspecteur g\u00e9n\u00e9ral du Travail et les inspecteurs r\u00e9gional et pr\u00e9fectoral. Ils ont demand\u00e9 \u00e0 Rusal de reprendre ses travailleurs pour que la Convention soit appliqu\u00e9e. Pour le service minimum et les 16 mois du r\u00e8glement d\u00e9finitif des femmes veuves, ils ont promis de revoir le cas une fois \u00e0 Conakry. Nous avons confiance en l\u2019\u00c9tat \u00bb, a d\u00e9clar\u00e9 Mamadou Oury Diallo, secr\u00e9taire g\u00e9n\u00e9ral des syndicats au sortir de la r\u00e9union.<\/span><\/p>\n<p><span style=\"font-size: 20px;\">De son c\u00f4t\u00e9, l\u2019Inspecteur g\u00e9n\u00e9ral du travail affirme avoir rapproch\u00e9 les parties pour une sortie de crise : \u00ab\u00a0Nous avons \u00e9t\u00e9 mandat\u00e9s par le ministre du Travail et de la Fonction publique suite au conflit entre les travailleurs de SEINTA et la soci\u00e9t\u00e9 m\u00e8re. Nous sommes venus pr\u00eater main-forte au pr\u00e9fet pour comprendre le probl\u00e8me et insister sur le respect des travailleurs et veiller au respect strict de la l\u00e9gislation du travail, \u00e9tablir la justice sociale et promouvoir le dialogue entre les parties \u00bb, a martel\u00e9 Mohamed Ouatara. <\/span><\/p>\n<p><span style=\"font-size: 20px;\">Pour le pr\u00e9fet Alpha Oumar Ciss\u00e9, l\u2019issue de cette r\u00e9union sonne comme une victoire pour Fria : \u00ab\u00a0Rien que la loi et le Code du travail qui ont \u00e9t\u00e9 demand\u00e9s d\u2019\u00eatre respect\u00e9s. Des recommandations fortes ont \u00e9t\u00e9 dites \u00e0 l\u2019endroit de Rusal, dont il est tenu oblig\u00e9 de respecter. Dans tout et pour tout, c\u2019est Fria qui gagne, c\u2019est la Guin\u00e9e qui gagne. \u00bb<\/span><\/p>\n<p><span style=\"font-size: 20px;\">Ce compromis est per\u00e7u comme une victoire du dialogue social, et une opportunit\u00e9 d\u2019am\u00e9liorer les rapports entre les employ\u00e9s et la direction de Rusal-Friguia, usine strat\u00e9gique pour l\u2019\u00e9conomie de Fria.<\/span><\/p>\n<p><strong><span style=\"font-size: 20px;\">Alh Cheick, envoy\u00e9 sp\u00e9cial\u00a0<\/span><\/strong><br \/><!--\/data\/user\/0\/com.samsung.android.app.notes\/files\/clipdata\/clipdata_bodytext_250729_214714_014.sdocx--><\/p>\n<\/div>\n","protected":false},"excerpt":{"rendered":"<p>Apr\u00e8s des heures de contestation dans la cit\u00e9 des Alumines, enfin le consensus entre les travailleurs de Rusal-Friguia et la direction. La gr\u00e8ve d\u00e9clench\u00e9e lundi 28 juillet a \u00e9t\u00e9 lev\u00e9e dans un climat d\u2019apaisement. Les discussions, engag\u00e9es sous la m\u00e9diation de responsables religieux et de repr\u00e9sentants de l\u2019administration de l\u2019\u00c9tat, ont permis d\u2019aboutir \u00e0 un &hellip;<\/p>\n","protected":false},"author":1,"featured_media":0,"comment_status":"closed","ping_status":"closed","sticky":false,"template":"","format":"standard","meta":{"footnotes":""},"categories":[2],"tags":[22],"_links":{"self":[{"href":"https:\/\/sn.ambaguinee.org\/index.php?rest_route=\/wp\/v2\/posts\/82627"}],"collection":[{"href":"https:\/\/sn.ambaguinee.org\/index.php?rest_route=\/wp\/v2\/posts"}],"about":[{"href":"https:\/\/sn.ambaguinee.org\/index.php?rest_route=\/wp\/v2\/types\/post"}],"author":[{"embeddable":true,"href":"https:\/\/sn.ambaguinee.org\/index.php?rest_route=\/wp\/v2\/users\/1"}],"replies":[{"embeddable":true,"href":"https:\/\/sn.ambaguinee.org\/index.php?rest_route=%2Fwp%2Fv2%2Fcomments&post=82627"}],"version-history":[{"count":0,"href":"https:\/\/sn.ambaguinee.org\/index.php?rest_route=\/wp\/v2\/posts\/82627\/revisions"}],"wp:attachment":[{"href":"https:\/\/sn.ambaguinee.org\/index.php?rest_route=%2Fwp%2Fv2%2Fmedia&parent=82627"}],"wp:term":[{"taxonomy":"category","embeddable":true,"href":"https:\/\/sn.ambaguinee.org\/index.php?rest_route=%2Fwp%2Fv2%2Fcategories&post=82627"},{"taxonomy":"post_tag","embeddable":true,"href":"https:\/\/sn.ambaguinee.org\/index.php?rest_route=%2Fwp%2Fv2%2Ftags&post=82627"}],"curies":[{"name":"wp","href":"https:\/\/api.w.org\/{rel}","templated":true}]}}