{"id":83385,"date":"2025-08-13T01:09:20","date_gmt":"2025-08-12T23:09:20","guid":{"rendered":"https:\/\/sn.ambaguinee.org\/?p=83385"},"modified":"2025-08-13T01:09:20","modified_gmt":"2025-08-12T23:09:20","slug":"alerte-fria-lautre-scandale","status":"publish","type":"post","link":"https:\/\/sn.ambaguinee.org\/?p=83385","title":{"rendered":"Alerte. Fria, l\u2019autre scandale"},"content":{"rendered":"<div>\n<div style=\"margin-bottom:20px;\"><img width=\"800\" height=\"600\"src=\"https:\/\/i0.wp.com\/www.guinee7.com\/wp-content\/uploads\/2025\/08\/pollution-a-Fria.jpeg?w=800&amp;ssl=1\" class=\"attachment-post-thumbnail size-post-thumbnail wp-post-image\" alt=\"\" decoding=\"async\" loading=\"lazy\" srcset=\"https:\/\/i0.wp.com\/www.guinee7.com\/wp-content\/uploads\/2025\/08\/pollution-a-Fria.jpeg?w=800&amp;ssl=1 800w, https:\/\/i0.wp.com\/www.guinee7.com\/wp-content\/uploads\/2025\/08\/pollution-a-Fria.jpeg?resize=300%2C225&amp;ssl=1 300w, https:\/\/i0.wp.com\/www.guinee7.com\/wp-content\/uploads\/2025\/08\/pollution-a-Fria.jpeg?resize=768%2C576&amp;ssl=1 768w, https:\/\/i0.wp.com\/www.guinee7.com\/wp-content\/uploads\/2025\/08\/pollution-a-Fria.jpeg?resize=86%2C64&amp;ssl=1 86w\" sizes=\"auto, (max-width: 800px) 100vw, 800px\"><\/div>\n<p>Ce mardi matin, la ville de Fria respire\u2026 ou du moins, essaie. Apr\u00e8s la tension sociale autour de l\u2019usine de Rusal Friguia, les forces de l\u2019ordre, pr\u00e9sentes aux alentours du site pendant la gr\u00e8ve, ont disparu. \u2018\u2018Les autorit\u00e9s ont \u00e9t\u00e9 convoqu\u00e9es \u00e0 Conakry\u2019\u2019, glisse un syndicaliste, mi-soulag\u00e9, mi-m\u00e9fiant.<\/p>\n<p>Dans la foul\u00e9e, la diffusion d\u2019un courrier du ministre du Travail, intimant \u00e0 la Chambre des mines de faire respecter la Convention collective des mines, a \u00e9t\u00e9 accueillie comme une victoire. Un troph\u00e9e symbolique dans une bataille sociale qui, pour l\u2019instant, semble tourner \u00e0 l\u2019avantage des travailleurs.<\/p>\n<p><strong>Sous la poussi\u00e8re, un poison<\/strong><\/p>\n<p>Mais dans l\u2019ombre de cette prouesse syndicale, une menace plus insidieuse persiste. Les terrasses, les voitures, les arbres\u2026 tout est recouvert d\u2019une pellicule blanche. Les habitants se frottent les yeux, \u00e9ternuent, peinent \u00e0 respirer. \u2018\u2018C\u2019est l\u2019alumine, l\u00e2ch\u00e9e la nuit, quand les fours tournent sans \u00e9lectrofiltres\u2019\u2019, accuse un ouvrier. La courte vid\u00e9o ci-dessous ne montre pas une fum\u00e9e blanche, mais bien de la poudre d\u2019alumine qui s\u2019\u00e9chappe d\u2019un four.<\/p>\n<p><iframe loading=\"lazy\" title=\"Envol\u00e9e alumine \u00e0 Fria\" src=\"https:\/\/www.youtube.com\/embed\/qV7P_dxcTWY\" width=\"361\" height=\"642\" frameborder=\"0\" allowfullscreen=\"allowfullscreen\"><\/iframe><\/p>\n<p>Ce ph\u00e9nom\u00e8ne n\u2019a rien de nouveau. En d\u00e9but d\u2019ann\u00e9e, un rapport officiel du minist\u00e8re de l\u2019Environnement que nous avons pu consulter, avait d\u00e9j\u00e0 dress\u00e9 un constat sans appel : pollution de l\u2019air \u201cgrande\u201d, normes de rejets atmosph\u00e9riques non respect\u00e9es, et unique source d\u2019\u00e9mission identifi\u00e9e : l\u2019usine de Friguia.<\/p>\n<p>Pire encore, ce document pr\u00e9voyait une p\u00e9nalit\u00e9 pour l\u2019entreprise et exigeait la mise en \u0153uvre imm\u00e9diate de mesures techniques et sanitaires.<\/p>\n<figure id=\"attachment_120818\" aria-describedby=\"caption-attachment-120818\" style=\"width: 252px\" class=\"wp-caption alignright\"><img data-recalc-dims=\"1\" decoding=\"async\" class=\" wp-image-120818\"src=\"https:\/\/i0.wp.com\/www.guinee7.com\/wp-content\/uploads\/2025\/08\/pollution-FRia-2.jpeg?w=700&amp;ssl=1\" alt=\"\" width=\"252\" height=\"336\" srcset=\"https:\/\/i0.wp.com\/www.guinee7.com\/wp-content\/uploads\/2025\/08\/pollution-FRia-2.jpeg?w=700&amp;ssl=1 700w, https:\/\/i0.wp.com\/www.guinee7.com\/wp-content\/uploads\/2025\/08\/pollution-FRia-2.jpeg?resize=225%2C300&amp;ssl=1 225w\" sizes=\"(max-width: 252px) 100vw, 252px\"><figcaption id=\"caption-attachment-120818\" class=\"wp-caption-text\"><em>Une terrasse recouverte de poudre d\u2019alumine ce mardi matin<\/em><\/figcaption><\/figure>\n<p>Ces mesures \u00e9taient claires : Stopper imm\u00e9diatement l\u2019\u00e9mission de fines poudres d\u2019alumine au profit de gros grains ; Remplacer les \u00e9lectrofiltres d\u00e9fectueux ; Soigner, aux frais de Rusal, les victimes de maladies li\u00e9es \u00e0 la poussi\u00e8re ; Mesurer l\u2019intoxication des employ\u00e9s et riverains ; Contr\u00f4ler chaque mois l\u2019application des mesures ; Soutenir les mara\u00eechers affect\u00e9s par des intrants et du mat\u00e9riel.<\/p>\n<p>Six mois plus tard, le constat est tout aussi clair : aucune de ces recommandations ne semble avoir \u00e9t\u00e9 suivie. La poussi\u00e8re continue de se d\u00e9poser, lentement mais s\u00fbrement, dans les poumons des habitants et sur les feuilles des cultures.<\/p>\n<p><strong>La complicit\u00e9 du silence<\/strong><\/p>\n<p>La question n\u2019est plus de savoir si l\u2019air de Fria est pollu\u00e9 -les preuves sont l\u00e0, visibles \u00e0 l\u2019\u0153il nu et mesur\u00e9es par l\u2019\u00c9tat lui-m\u00eame- mais pourquoi rien n\u2019est fait\u00a0?<\/p>\n<p>Pourquoi le minist\u00e8re de l\u2019Environnement, qui a document\u00e9 l\u2019infraction, ne fait-il pas appliquer ses propres recommandations ? Pourquoi le minist\u00e8re des Mines, garant du respect du Code minier, se tait-il ? Et pourquoi Rusal, multinationale au chiffre d\u2019affaires colossal, persiste-t-elle \u00e0 sacrifier la sant\u00e9 d\u2019une ville enti\u00e8re sur l\u2019autel du profit ?<\/p>\n<p>Disons-le tout net\u00a0: \u00c0 Fria, l\u2019accalmie sociale pourrait bien n\u2019\u00eatre qu\u2019un r\u00e9pit avant une crise plus grave. Car si les gr\u00e8ves et les tracts s\u2019entendent, la pollution, elle, ne fait pas de bruit. Elle se d\u00e9pose. Elle s\u2019infiltre. Et elle tue. Lentement.<\/p>\n<p>Vivement le droit de respirer \u00e0 Fria.<\/p>\n<p><strong>Ibrahima S. Traor\u00e9 pour guinee7.com<\/strong><\/p>\n<\/div>\n","protected":false},"excerpt":{"rendered":"<p>Ce mardi matin, la ville de Fria respire\u2026 ou du moins, essaie. Apr\u00e8s la tension sociale autour de l\u2019usine de Rusal Friguia, les forces de l\u2019ordre, pr\u00e9sentes aux alentours du site pendant la gr\u00e8ve, ont disparu. \u2018\u2018Les autorit\u00e9s ont \u00e9t\u00e9 convoqu\u00e9es \u00e0 Conakry\u2019\u2019, glisse un syndicaliste, mi-soulag\u00e9, mi-m\u00e9fiant. Dans la foul\u00e9e, la diffusion d\u2019un courrier &hellip;<\/p>\n","protected":false},"author":1,"featured_media":0,"comment_status":"closed","ping_status":"closed","sticky":false,"template":"","format":"standard","meta":{"footnotes":""},"categories":[2],"tags":[22],"_links":{"self":[{"href":"https:\/\/sn.ambaguinee.org\/index.php?rest_route=\/wp\/v2\/posts\/83385"}],"collection":[{"href":"https:\/\/sn.ambaguinee.org\/index.php?rest_route=\/wp\/v2\/posts"}],"about":[{"href":"https:\/\/sn.ambaguinee.org\/index.php?rest_route=\/wp\/v2\/types\/post"}],"author":[{"embeddable":true,"href":"https:\/\/sn.ambaguinee.org\/index.php?rest_route=\/wp\/v2\/users\/1"}],"replies":[{"embeddable":true,"href":"https:\/\/sn.ambaguinee.org\/index.php?rest_route=%2Fwp%2Fv2%2Fcomments&post=83385"}],"version-history":[{"count":0,"href":"https:\/\/sn.ambaguinee.org\/index.php?rest_route=\/wp\/v2\/posts\/83385\/revisions"}],"wp:attachment":[{"href":"https:\/\/sn.ambaguinee.org\/index.php?rest_route=%2Fwp%2Fv2%2Fmedia&parent=83385"}],"wp:term":[{"taxonomy":"category","embeddable":true,"href":"https:\/\/sn.ambaguinee.org\/index.php?rest_route=%2Fwp%2Fv2%2Fcategories&post=83385"},{"taxonomy":"post_tag","embeddable":true,"href":"https:\/\/sn.ambaguinee.org\/index.php?rest_route=%2Fwp%2Fv2%2Ftags&post=83385"}],"curies":[{"name":"wp","href":"https:\/\/api.w.org\/{rel}","templated":true}]}}