{"id":83888,"date":"2025-08-22T23:08:10","date_gmt":"2025-08-22T21:08:10","guid":{"rendered":"https:\/\/sn.ambaguinee.org\/?p=83888"},"modified":"2025-08-22T23:08:10","modified_gmt":"2025-08-22T21:08:10","slug":"syli-paulo-duarte-face-a-la-presse-ce-vendredi-sa-premiere-liste-attendue","status":"publish","type":"post","link":"https:\/\/sn.ambaguinee.org\/?p=83888","title":{"rendered":"Syli : Paulo Duarte face \u00e0 la presse ce vendredi, sa premi\u00e8re liste attendue"},"content":{"rendered":"<div>\n<p><strong>CONAKRY- R\u00e9cemment nomm\u00e9 nouveau s\u00e9lectionneur de la Guin\u00e9e, Paulo Duarte sera face \u00e0 la presse ce vendredi \u00e0 15hb\u00e0 Conakry, pour d\u00e9voiler sa premi\u00e8re liste des joueurs convoqu\u00e9s pour les matchs de septembre prochain. La Guin\u00e9e sera face \u00e0 la Somalie le 5 septembre en Ouganda, avant d\u2019aller d\u00e9fier l\u2019Alg\u00e9rie \u00e0 Casablanca le 8 septembre. <\/strong><\/p>\n<p>Pour ces deux rendez-vous des \u00e9liminatoires du mondial 2026. Reste \u00e0 savoir l\u2019identit\u00e9 des s\u00e9lectionn\u00e9s pour cette premi\u00e8re du technicien portugais \u00e0 la t\u00eate du Syli National. Le capitaine Naby Keita va-t-il faire son retour en \u00e9quipe nationale ? A suivre\u2026<\/p>\n<figure class=\"wp-block-image size-large\"><img decoding=\"async\" width=\"819\" height=\"1024\"src=\"https:\/\/usercontent.one\/wp\/guineefoot.info\/wp-content\/uploads\/2025\/08\/FB_IMG_1755815009689.jpg?media=1735902803\" alt=\"\" class=\"wp-image-56425\" srcset=\"https:\/\/usercontent.one\/wp\/guineefoot.info\/wp-content\/uploads\/2025\/08\/FB_IMG_1755815009689-819x1024.jpg?media=1735902803 819w, https:\/\/usercontent.one\/wp\/guineefoot.info\/wp-content\/uploads\/2025\/08\/FB_IMG_1755815009689-240x300.jpg?media=1735902803 240w, https:\/\/usercontent.one\/wp\/guineefoot.info\/wp-content\/uploads\/2025\/08\/FB_IMG_1755815009689-768x960.jpg?media=1735902803 768w, https:\/\/usercontent.one\/wp\/guineefoot.info\/wp-content\/uploads\/2025\/08\/FB_IMG_1755815009689.jpg?media=1735902803 1080w\" sizes=\"(max-width: 819px) 100vw, 819px\"><\/figure>\n<\/div>\n","protected":false},"excerpt":{"rendered":"<p>CONAKRY- R\u00e9cemment nomm\u00e9 nouveau s\u00e9lectionneur de la Guin\u00e9e, Paulo Duarte sera face \u00e0 la presse ce vendredi \u00e0 15hb\u00e0 Conakry, pour d\u00e9voiler sa premi\u00e8re liste des joueurs convoqu\u00e9s pour les matchs de septembre prochain. La Guin\u00e9e sera face \u00e0 la Somalie le 5 septembre en Ouganda, avant d\u2019aller d\u00e9fier l\u2019Alg\u00e9rie \u00e0 Casablanca le 8 septembre. &hellip;<\/p>\n","protected":false},"author":1,"featured_media":0,"comment_status":"closed","ping_status":"closed","sticky":false,"template":"","format":"standard","meta":{"footnotes":""},"categories":[4],"tags":[],"_links":{"self":[{"href":"https:\/\/sn.ambaguinee.org\/index.php?rest_route=\/wp\/v2\/posts\/83888"}],"collection":[{"href":"https:\/\/sn.ambaguinee.org\/index.php?rest_route=\/wp\/v2\/posts"}],"about":[{"href":"https:\/\/sn.ambaguinee.org\/index.php?rest_route=\/wp\/v2\/types\/post"}],"author":[{"embeddable":true,"href":"https:\/\/sn.ambaguinee.org\/index.php?rest_route=\/wp\/v2\/users\/1"}],"replies":[{"embeddable":true,"href":"https:\/\/sn.ambaguinee.org\/index.php?rest_route=%2Fwp%2Fv2%2Fcomments&post=83888"}],"version-history":[{"count":0,"href":"https:\/\/sn.ambaguinee.org\/index.php?rest_route=\/wp\/v2\/posts\/83888\/revisions"}],"wp:attachment":[{"href":"https:\/\/sn.ambaguinee.org\/index.php?rest_route=%2Fwp%2Fv2%2Fmedia&parent=83888"}],"wp:term":[{"taxonomy":"category","embeddable":true,"href":"https:\/\/sn.ambaguinee.org\/index.php?rest_route=%2Fwp%2Fv2%2Fcategories&post=83888"},{"taxonomy":"post_tag","embeddable":true,"href":"https:\/\/sn.ambaguinee.org\/index.php?rest_route=%2Fwp%2Fv2%2Ftags&post=83888"}],"curies":[{"name":"wp","href":"https:\/\/api.w.org\/{rel}","templated":true}]}}