{"id":84014,"date":"2025-08-25T23:04:11","date_gmt":"2025-08-25T21:04:11","guid":{"rendered":"https:\/\/sn.ambaguinee.org\/?p=84014"},"modified":"2025-08-25T23:04:11","modified_gmt":"2025-08-25T21:04:11","slug":"guinee-louverture-des-classes-fixee-au-25-septembre-prochain","status":"publish","type":"post","link":"https:\/\/sn.ambaguinee.org\/?p=84014","title":{"rendered":"Guin\u00e9e : l\u2019ouverture des classes fix\u00e9e au 25 septembre prochain"},"content":{"rendered":"<div>\n<div style=\"margin-bottom:20px;\"><img width=\"1080\" height=\"646\"src=\"https:\/\/i0.wp.com\/www.guinee7.com\/wp-content\/uploads\/2025\/06\/cedy.jpg?w=1080&amp;ssl=1\" class=\"attachment-post-thumbnail size-post-thumbnail wp-post-image\" alt=\"\" decoding=\"async\" loading=\"lazy\" srcset=\"https:\/\/i0.wp.com\/www.guinee7.com\/wp-content\/uploads\/2025\/06\/cedy.jpg?w=1080&amp;ssl=1 1080w, https:\/\/i0.wp.com\/www.guinee7.com\/wp-content\/uploads\/2025\/06\/cedy.jpg?resize=300%2C179&amp;ssl=1 300w, https:\/\/i0.wp.com\/www.guinee7.com\/wp-content\/uploads\/2025\/06\/cedy.jpg?resize=1024%2C613&amp;ssl=1 1024w, https:\/\/i0.wp.com\/www.guinee7.com\/wp-content\/uploads\/2025\/06\/cedy.jpg?resize=768%2C459&amp;ssl=1 768w\" sizes=\"auto, (max-width: 1080px) 100vw, 1080px\"><\/div>\n<p><span style=\"font-size: 20px;\">Les \u00e9l\u00e8ves guin\u00e9ens reprennent le chemin de l\u2019\u00e9cole le jeudi 25 septembre prochain sur l\u2019ensemble du territoire national. L\u2019annonce a \u00e9t\u00e9 faite lors de la r\u00e9union du cabinet du minist\u00e8re de l\u2019Enseignement pr\u00e9universitaire et de l\u2019Alphab\u00e9tisation, ce lundi 25 ao\u00fbt 2025. <\/span><\/p>\n<p><span style=\"font-size: 20px;\">Dans son compte rendu, la cellule de communication du MEPU-A a mentionn\u00e9 que : \u201cle sujet des pr\u00e9paratifs de la rentr\u00e9e scolaire prochaine a \u00e9t\u00e9 abord\u00e9. La date d\u2019ouverture des classes fix\u00e9e l\u2019ann\u00e9e pr\u00e9c\u00e9dente est confirm\u00e9e.\u201d <\/span><\/p>\n<p><span style=\"font-size: 20px;\">Et, selon le d\u00e9partement, \u201cle minist\u00e8re souhaite garantir aux \u00e9l\u00e8ves neuf mois complets de cours\u201d. <\/span><\/p>\n<p><span style=\"font-size: 20px;\">\u00c0 rappeler que la rentr\u00e9e scolaire pr\u00e9c\u00e9dente a eu lieu mercredi 25 septembre 2024. <\/span><\/p>\n<p><strong><span style=\"font-size: 20px;\">Bhoye Barry pour guinee7.com<\/span><\/strong><!--\/data\/user\/0\/com.samsung.android.app.notes\/files\/clipdata\/clipdata_bodytext_250825_171216_798.sdocx--><\/p>\n<\/div>\n","protected":false},"excerpt":{"rendered":"<p>Les \u00e9l\u00e8ves guin\u00e9ens reprennent le chemin de l\u2019\u00e9cole le jeudi 25 septembre prochain sur l\u2019ensemble du territoire national. L\u2019annonce a \u00e9t\u00e9 faite lors de la r\u00e9union du cabinet du minist\u00e8re de l\u2019Enseignement pr\u00e9universitaire et de l\u2019Alphab\u00e9tisation, ce lundi 25 ao\u00fbt 2025. Dans son compte rendu, la cellule de communication du MEPU-A a mentionn\u00e9 que : &hellip;<\/p>\n","protected":false},"author":1,"featured_media":0,"comment_status":"closed","ping_status":"closed","sticky":false,"template":"","format":"standard","meta":{"footnotes":""},"categories":[2],"tags":[22],"_links":{"self":[{"href":"https:\/\/sn.ambaguinee.org\/index.php?rest_route=\/wp\/v2\/posts\/84014"}],"collection":[{"href":"https:\/\/sn.ambaguinee.org\/index.php?rest_route=\/wp\/v2\/posts"}],"about":[{"href":"https:\/\/sn.ambaguinee.org\/index.php?rest_route=\/wp\/v2\/types\/post"}],"author":[{"embeddable":true,"href":"https:\/\/sn.ambaguinee.org\/index.php?rest_route=\/wp\/v2\/users\/1"}],"replies":[{"embeddable":true,"href":"https:\/\/sn.ambaguinee.org\/index.php?rest_route=%2Fwp%2Fv2%2Fcomments&post=84014"}],"version-history":[{"count":0,"href":"https:\/\/sn.ambaguinee.org\/index.php?rest_route=\/wp\/v2\/posts\/84014\/revisions"}],"wp:attachment":[{"href":"https:\/\/sn.ambaguinee.org\/index.php?rest_route=%2Fwp%2Fv2%2Fmedia&parent=84014"}],"wp:term":[{"taxonomy":"category","embeddable":true,"href":"https:\/\/sn.ambaguinee.org\/index.php?rest_route=%2Fwp%2Fv2%2Fcategories&post=84014"},{"taxonomy":"post_tag","embeddable":true,"href":"https:\/\/sn.ambaguinee.org\/index.php?rest_route=%2Fwp%2Fv2%2Ftags&post=84014"}],"curies":[{"name":"wp","href":"https:\/\/api.w.org\/{rel}","templated":true}]}}