{"id":84390,"date":"2025-09-04T23:47:46","date_gmt":"2025-09-04T21:47:46","guid":{"rendered":"https:\/\/sn.ambaguinee.org\/?p=84390"},"modified":"2025-09-04T23:47:46","modified_gmt":"2025-09-04T21:47:46","slug":"cour-supreme-lufdg-perd-son-combat","status":"publish","type":"post","link":"https:\/\/sn.ambaguinee.org\/?p=84390","title":{"rendered":"Cour supr\u00eame : l\u2019UFDG perd son combat"},"content":{"rendered":"<div>\n<div style=\"margin-bottom:20px;\"><img width=\"1080\" height=\"607\"src=\"https:\/\/i0.wp.com\/www.guinee7.com\/wp-content\/uploads\/2025\/08\/IMG-20250821-WA0016.jpg?w=1080&amp;ssl=1\" class=\"attachment-post-thumbnail size-post-thumbnail wp-post-image\" alt=\"\" decoding=\"async\" loading=\"lazy\" srcset=\"https:\/\/i0.wp.com\/www.guinee7.com\/wp-content\/uploads\/2025\/08\/IMG-20250821-WA0016.jpg?w=1080&amp;ssl=1 1080w, https:\/\/i0.wp.com\/www.guinee7.com\/wp-content\/uploads\/2025\/08\/IMG-20250821-WA0016.jpg?resize=300%2C169&amp;ssl=1 300w, https:\/\/i0.wp.com\/www.guinee7.com\/wp-content\/uploads\/2025\/08\/IMG-20250821-WA0016.jpg?resize=1024%2C576&amp;ssl=1 1024w, https:\/\/i0.wp.com\/www.guinee7.com\/wp-content\/uploads\/2025\/08\/IMG-20250821-WA0016.jpg?resize=768%2C432&amp;ssl=1 768w\" sizes=\"auto, (max-width: 1080px) 100vw, 1080px\"><\/div>\n<p><span style=\"font-size: 19px;\">La chambre administrative de la Cour supr\u00eame vient de rendre son verdict dans l\u2019affaire Union des forces d\u00e9mocratiques de Guin\u00e9e (UFDG) contre le minist\u00e8re de l\u2019Administration du territoire (MATD). Dans sa d\u00e9cision rendue ce jeudi 4 septembre, la Cour supr\u00eame a d\u00e9clar\u00e9 irrecevable la requ\u00eate de l\u2019UFDG. <\/span><\/p>\n<p><span style=\"font-size: 19px;\">Dans la m\u00eame d\u00e9cision, la Cour a ordonn\u00e9 la confiscation de la caution au profit du Tr\u00e9sor public et elle met les d\u00e9penses \u00e0 la charge de l\u2019accus\u00e9. Elle ordonne aussi la transcription du pr\u00e9sent arr\u00eat dans les registres \u00e0 ceux destin\u00e9s. Ordonne sa publication dans le bulletin de la Cour. <\/span><\/p>\n<p><span style=\"font-size: 19px;\">Pour rappel, le ministre de l\u2019Administration du territoire avait demand\u00e9 \u00e0 l\u2019UFDG de surseoir \u00e0 son congr\u00e8s pr\u00e9vu le 6 juillet dernier. En r\u00e9ponse, le parti avait saisi la Cour supr\u00eame afin d\u2019annuler cette d\u00e9cision. <\/span><\/p>\n<p><strong><span style=\"font-size: 19px;\">Bhoye Barry pour guinee7.com<\/span><\/strong><!--\/data\/user\/0\/com.samsung.android.app.notes\/files\/clipdata\/clipdata_bodytext_250904_135612_686.sdocx--><\/p>\n<\/div>\n","protected":false},"excerpt":{"rendered":"<p>La chambre administrative de la Cour supr\u00eame vient de rendre son verdict dans l\u2019affaire Union des forces d\u00e9mocratiques de Guin\u00e9e (UFDG) contre le minist\u00e8re de l\u2019Administration du territoire (MATD). Dans sa d\u00e9cision rendue ce jeudi 4 septembre, la Cour supr\u00eame a d\u00e9clar\u00e9 irrecevable la requ\u00eate de l\u2019UFDG. Dans la m\u00eame d\u00e9cision, la Cour a ordonn\u00e9 &hellip;<\/p>\n","protected":false},"author":1,"featured_media":0,"comment_status":"closed","ping_status":"closed","sticky":false,"template":"","format":"standard","meta":{"footnotes":""},"categories":[2],"tags":[22],"_links":{"self":[{"href":"https:\/\/sn.ambaguinee.org\/index.php?rest_route=\/wp\/v2\/posts\/84390"}],"collection":[{"href":"https:\/\/sn.ambaguinee.org\/index.php?rest_route=\/wp\/v2\/posts"}],"about":[{"href":"https:\/\/sn.ambaguinee.org\/index.php?rest_route=\/wp\/v2\/types\/post"}],"author":[{"embeddable":true,"href":"https:\/\/sn.ambaguinee.org\/index.php?rest_route=\/wp\/v2\/users\/1"}],"replies":[{"embeddable":true,"href":"https:\/\/sn.ambaguinee.org\/index.php?rest_route=%2Fwp%2Fv2%2Fcomments&post=84390"}],"version-history":[{"count":0,"href":"https:\/\/sn.ambaguinee.org\/index.php?rest_route=\/wp\/v2\/posts\/84390\/revisions"}],"wp:attachment":[{"href":"https:\/\/sn.ambaguinee.org\/index.php?rest_route=%2Fwp%2Fv2%2Fmedia&parent=84390"}],"wp:term":[{"taxonomy":"category","embeddable":true,"href":"https:\/\/sn.ambaguinee.org\/index.php?rest_route=%2Fwp%2Fv2%2Fcategories&post=84390"},{"taxonomy":"post_tag","embeddable":true,"href":"https:\/\/sn.ambaguinee.org\/index.php?rest_route=%2Fwp%2Fv2%2Ftags&post=84390"}],"curies":[{"name":"wp","href":"https:\/\/api.w.org\/{rel}","templated":true}]}}