{"id":84393,"date":"2025-09-04T23:47:47","date_gmt":"2025-09-04T21:47:47","guid":{"rendered":"https:\/\/sn.ambaguinee.org\/?p=84393"},"modified":"2025-09-04T23:47:47","modified_gmt":"2025-09-04T21:47:47","slug":"guinee-journee-de-recueillement-national-a-la-memoire-des-victimes-de-maneah","status":"publish","type":"post","link":"https:\/\/sn.ambaguinee.org\/?p=84393","title":{"rendered":"Guin\u00e9e. Journ\u00e9e de recueillement national \u00e0 la m\u00e9moire des victimes de Man\u00e9ah"},"content":{"rendered":"<div>\n<div style=\"margin-bottom:20px;\"><img width=\"1080\" height=\"765\"src=\"https:\/\/i0.wp.com\/www.guinee7.com\/wp-content\/uploads\/2025\/08\/IMG-20250821-WA0000.jpg?w=1080&amp;ssl=1\" class=\"attachment-post-thumbnail size-post-thumbnail wp-post-image\" alt=\"\" decoding=\"async\" srcset=\"https:\/\/i0.wp.com\/www.guinee7.com\/wp-content\/uploads\/2025\/08\/IMG-20250821-WA0000.jpg?w=1080&amp;ssl=1 1080w, https:\/\/i0.wp.com\/www.guinee7.com\/wp-content\/uploads\/2025\/08\/IMG-20250821-WA0000.jpg?resize=300%2C213&amp;ssl=1 300w, https:\/\/i0.wp.com\/www.guinee7.com\/wp-content\/uploads\/2025\/08\/IMG-20250821-WA0000.jpg?resize=1024%2C725&amp;ssl=1 1024w, https:\/\/i0.wp.com\/www.guinee7.com\/wp-content\/uploads\/2025\/08\/IMG-20250821-WA0000.jpg?resize=768%2C544&amp;ssl=1 768w\" sizes=\"(max-width: 1080px) 100vw, 1080px\"><\/div>\n<p><span style=\"font-size: 19px;\">La Guin\u00e9e s\u2019appr\u00eate \u00e0 vivre une journ\u00e9e de recueillement national \u00e0 la m\u00e9moire des victimes de l\u2019\u00e9boulement tragique de Man\u00e9ah. Selon un communiqu\u00e9 publi\u00e9 par la Primature, une c\u00e9r\u00e9monie solennelle d\u2019inhumation sera organis\u00e9e le vendredi 5 septembre 2025, \u00e0 9h, dans l\u2019enceinte de l\u2019\u00c9cole militaire de Man\u00e9ah.<\/span><\/p>\n<p><span style=\"font-size: 19px;\">Plac\u00e9e sous l\u2019autorit\u00e9 du Pr\u00e9sident de la R\u00e9publique, G\u00e9n\u00e9ral Mamadi Doumbouya, cette c\u00e9r\u00e9monie rassemblera des personnalit\u00e9s politiques, militaires et religieuses, venues rendre un dernier hommage aux disparus.<\/span><\/p>\n<p><span style=\"font-size: 19px;\">La journ\u00e9e sera marqu\u00e9e par des pri\u00e8res et hommages en pr\u00e9sence :<\/span><\/p>\n<p><span style=\"font-size: 19px;\">Des membres du CNRD,<\/span><\/p>\n<p><span style=\"font-size: 19px;\">Du Premier ministre et des membres du Gouvernement,<\/span><\/p>\n<p><span style=\"font-size: 19px;\">Des repr\u00e9sentants des institutions r\u00e9publicaines,<\/span><\/p>\n<p><span style=\"font-size: 19px;\">Des forces de d\u00e9fense et de s\u00e9curit\u00e9,<\/span><\/p>\n<p><span style=\"font-size: 19px;\">Ainsi que des responsables religieux.<\/span><\/p>\n<p><span style=\"font-size: 19px;\">\u00c0 travers cet acte, le gouvernement entend t\u00e9moigner sa solidarit\u00e9 aux familles \u00e9plor\u00e9es et rappeler l\u2019importance de l\u2019unit\u00e9 nationale face aux \u00e9preuves.<\/span><\/p>\n<p><img data-recalc-dims=\"1\" decoding=\"async\" class=\"alignnone wp-image-121569 size-full\"src=\"https:\/\/i0.wp.com\/www.guinee7.com\/wp-content\/uploads\/2025\/09\/IMG-20250904-WA0015.jpg?w=687&amp;ssl=1\" alt=\"\" width=\"687\" height=\"687\" srcset=\"https:\/\/i0.wp.com\/www.guinee7.com\/wp-content\/uploads\/2025\/09\/IMG-20250904-WA0015.jpg?w=687&amp;ssl=1 687w, https:\/\/i0.wp.com\/www.guinee7.com\/wp-content\/uploads\/2025\/09\/IMG-20250904-WA0015.jpg?resize=300%2C300&amp;ssl=1 300w, https:\/\/i0.wp.com\/www.guinee7.com\/wp-content\/uploads\/2025\/09\/IMG-20250904-WA0015.jpg?resize=150%2C150&amp;ssl=1 150w\" sizes=\"(max-width: 687px) 100vw, 687px\"><\/p>\n<p><strong><span style=\"font-size: 19px;\">Abdoul Lory Sylla pour guinee7.com<\/span><\/strong><!--\/data\/user\/0\/com.samsung.android.app.notes\/files\/clipdata\/clipdata_bodytext_250904_211207_970.sdocx--><\/p>\n<\/div>\n","protected":false},"excerpt":{"rendered":"<p>La Guin\u00e9e s\u2019appr\u00eate \u00e0 vivre une journ\u00e9e de recueillement national \u00e0 la m\u00e9moire des victimes de l\u2019\u00e9boulement tragique de Man\u00e9ah. Selon un communiqu\u00e9 publi\u00e9 par la Primature, une c\u00e9r\u00e9monie solennelle d\u2019inhumation sera organis\u00e9e le vendredi 5 septembre 2025, \u00e0 9h, dans l\u2019enceinte de l\u2019\u00c9cole militaire de Man\u00e9ah. Plac\u00e9e sous l\u2019autorit\u00e9 du Pr\u00e9sident de la R\u00e9publique, &hellip;<\/p>\n","protected":false},"author":1,"featured_media":0,"comment_status":"closed","ping_status":"closed","sticky":false,"template":"","format":"standard","meta":{"footnotes":""},"categories":[2],"tags":[22],"_links":{"self":[{"href":"https:\/\/sn.ambaguinee.org\/index.php?rest_route=\/wp\/v2\/posts\/84393"}],"collection":[{"href":"https:\/\/sn.ambaguinee.org\/index.php?rest_route=\/wp\/v2\/posts"}],"about":[{"href":"https:\/\/sn.ambaguinee.org\/index.php?rest_route=\/wp\/v2\/types\/post"}],"author":[{"embeddable":true,"href":"https:\/\/sn.ambaguinee.org\/index.php?rest_route=\/wp\/v2\/users\/1"}],"replies":[{"embeddable":true,"href":"https:\/\/sn.ambaguinee.org\/index.php?rest_route=%2Fwp%2Fv2%2Fcomments&post=84393"}],"version-history":[{"count":0,"href":"https:\/\/sn.ambaguinee.org\/index.php?rest_route=\/wp\/v2\/posts\/84393\/revisions"}],"wp:attachment":[{"href":"https:\/\/sn.ambaguinee.org\/index.php?rest_route=%2Fwp%2Fv2%2Fmedia&parent=84393"}],"wp:term":[{"taxonomy":"category","embeddable":true,"href":"https:\/\/sn.ambaguinee.org\/index.php?rest_route=%2Fwp%2Fv2%2Fcategories&post=84393"},{"taxonomy":"post_tag","embeddable":true,"href":"https:\/\/sn.ambaguinee.org\/index.php?rest_route=%2Fwp%2Fv2%2Ftags&post=84393"}],"curies":[{"name":"wp","href":"https:\/\/api.w.org\/{rel}","templated":true}]}}