{"id":84438,"date":"2025-09-05T23:29:25","date_gmt":"2025-09-05T21:29:25","guid":{"rendered":"https:\/\/sn.ambaguinee.org\/?p=84438"},"modified":"2025-09-05T23:29:25","modified_gmt":"2025-09-05T21:29:25","slug":"dian-bobo-balde-ancien-defenseur-du-syli-et-du-celtic-admis-en-urgences-psychiatriques-a-marseille","status":"publish","type":"post","link":"https:\/\/sn.ambaguinee.org\/?p=84438","title":{"rendered":"Dian Bobo Bald\u00e9, ancien d\u00e9fenseur du Syli et du Celtic, admis en urgences psychiatriques \u00e0 Marseille"},"content":{"rendered":"<div>\n<h2 class=\"wp-block-heading\">Selon des informations rapport\u00e9es par <strong><a href=\"https:\/\/rmcsport.bfmtv.com\/football\/ligue-1\/ancien-joueur-de-ligue-1-et-du-celtic-bobo-balde-admis-en-urgences-psychiatriques-apres-un-comportement-inquietant-devant-une-ecole_AN-202509040959.html\">RMC Spor<\/a>ts<\/strong>, l\u2019ancien international guin\u00e9en <strong>Dian Bobo Bald\u00e9<\/strong>, figure embl\u00e9matique de la d\u00e9fense du Syli national et ancien joueur du Celtic Glasgow, a \u00e9t\u00e9 admis en urgences psychiatriques \u00e0 Marseille.<\/h2>\n<p>L\u2019ancien footballeur, qui avait mis un terme \u00e0 sa carri\u00e8re professionnelle en 2012, a \u00e9t\u00e9 aper\u00e7u \u00e0 plusieurs reprises devant l\u2019\u00e9cole des Accates, dans le 11\u1d49 arrondissement de la cit\u00e9 phoc\u00e9enne, alors qu\u2019il n\u2019y a aucun enfant scolaris\u00e9. Dans des circonstances confuses, il a d\u2019abord \u00e9t\u00e9 victime d\u2019un accident et de coups de poing ass\u00e9n\u00e9s par un automobiliste, avant d\u2019\u00eatre conduit au poste de police en tant que victime. Trois jours apr\u00e8s, il a finalement \u00e9t\u00e9 orient\u00e9 vers une prise en charge psychiatrique en urgence.<\/p>\n<h3 class=\"wp-block-heading\">Une carri\u00e8re marquante avec le Syli national<\/h3>\n<p>Pilier de la d\u00e9fense guin\u00e9enne, <strong>Bobo Bald\u00e9 a port\u00e9 52 fois le maillot du Syli national entre 2000 et 2009<\/strong>. Il a notamment particip\u00e9 \u00e0 trois Coupes d\u2019Afrique des Nations (2004, 2006 et 2008), avec un parcours remarqu\u00e9 en 2006, ponctu\u00e9 par un quart de finale disput\u00e9 face au S\u00e9n\u00e9gal.<\/p>\n<h3 class=\"wp-block-heading\">Une reconversion dans le coaching<\/h3>\n<p>Apr\u00e8s sa carri\u00e8re de joueur, il s\u2019est engag\u00e9 dans le staff technique de l\u2019\u00e9quipe nationale senior (Syli A) sous Michel Dussuyer, en tant que <strong>coordinateur sportif<\/strong>. En septembre 2019, il a \u00e9t\u00e9 officiellement nomm\u00e9 <strong>s\u00e9lectionneur de l\u2019\u00e9quipe nationale U-20<\/strong> de Guin\u00e9e par la F\u00e9d\u00e9ration Guin\u00e9enne de Football (FEGUIFOOT).<\/p>\n<p>En avril 2022, alors que son nom circulait parmi les pr\u00e9tendants au poste de s\u00e9lectionneur de l\u2019\u00e9quipe A, Dian Bobo Bald\u00e9 avait pr\u00e9f\u00e9r\u00e9 <strong>apporter son soutien \u00e0 Kaba Diawara<\/strong>, choisi pour diriger le Syli.<\/p>\n<\/div>\n","protected":false},"excerpt":{"rendered":"<p>Selon des informations rapport\u00e9es par RMC Sports, l\u2019ancien international guin\u00e9en Dian Bobo Bald\u00e9, figure embl\u00e9matique de la d\u00e9fense du Syli national et ancien joueur du Celtic Glasgow, a \u00e9t\u00e9 admis en urgences psychiatriques \u00e0 Marseille. L\u2019ancien footballeur, qui avait mis un terme \u00e0 sa carri\u00e8re professionnelle en 2012, a \u00e9t\u00e9 aper\u00e7u \u00e0 plusieurs reprises devant &hellip;<\/p>\n","protected":false},"author":1,"featured_media":0,"comment_status":"closed","ping_status":"closed","sticky":false,"template":"","format":"standard","meta":{"footnotes":""},"categories":[4],"tags":[],"_links":{"self":[{"href":"https:\/\/sn.ambaguinee.org\/index.php?rest_route=\/wp\/v2\/posts\/84438"}],"collection":[{"href":"https:\/\/sn.ambaguinee.org\/index.php?rest_route=\/wp\/v2\/posts"}],"about":[{"href":"https:\/\/sn.ambaguinee.org\/index.php?rest_route=\/wp\/v2\/types\/post"}],"author":[{"embeddable":true,"href":"https:\/\/sn.ambaguinee.org\/index.php?rest_route=\/wp\/v2\/users\/1"}],"replies":[{"embeddable":true,"href":"https:\/\/sn.ambaguinee.org\/index.php?rest_route=%2Fwp%2Fv2%2Fcomments&post=84438"}],"version-history":[{"count":0,"href":"https:\/\/sn.ambaguinee.org\/index.php?rest_route=\/wp\/v2\/posts\/84438\/revisions"}],"wp:attachment":[{"href":"https:\/\/sn.ambaguinee.org\/index.php?rest_route=%2Fwp%2Fv2%2Fmedia&parent=84438"}],"wp:term":[{"taxonomy":"category","embeddable":true,"href":"https:\/\/sn.ambaguinee.org\/index.php?rest_route=%2Fwp%2Fv2%2Fcategories&post=84438"},{"taxonomy":"post_tag","embeddable":true,"href":"https:\/\/sn.ambaguinee.org\/index.php?rest_route=%2Fwp%2Fv2%2Ftags&post=84438"}],"curies":[{"name":"wp","href":"https:\/\/api.w.org\/{rel}","templated":true}]}}