{"id":8497,"date":"2021-05-21T23:00:58","date_gmt":"2021-05-21T21:00:58","guid":{"rendered":"https:\/\/sn.ambaguinee.org\/?p=8497"},"modified":"2021-05-21T23:00:58","modified_gmt":"2021-05-21T21:00:58","slug":"elhadj-fode-bangoura-nomme-secretaire-permanent-du-cadre-permanent-du-dialogue-politique-et-social","status":"publish","type":"post","link":"https:\/\/sn.ambaguinee.org\/?p=8497","title":{"rendered":"Elhadj Fod\u00e9 Bangoura, nomm\u00e9 secr\u00e9taire permanent du cadre permanent du dialogue politique et social"},"content":{"rendered":"<div>\n<p>Dans un d\u00e9cret lu ce vendredi sur les ondes de la t\u00e9l\u00e9vision d\u2019\u00c9tat, le Pr\u00e9sident de la R\u00e9publique a proc\u00e9d\u00e9 \u00e0 la nomination du secr\u00e9taire permanent du cadre permanent du dialogue politique et social.<\/p>\n<p><em>\u00ab Article 1er : Elhadj Fod\u00e9 Bangoura, ancien ministre est nomm\u00e9\u00a0secr\u00e9taire permanent du cadre permanent du dialogue politique et social.<\/em><\/p>\n<p><em>Article 2 :Le Premier ministre conform\u00e9ment aux dispositions du d\u00e9cret portant cr\u00e9ation, fonctionnement et attributions du cadre permanent du dialogue politique et social est charg\u00e9 de l\u2019application du pr\u00e9sent d\u00e9cret<\/em>\u00bb, lit-on dans le d\u00e9cret.<\/p>\n<p><strong>Macir\u00e9 Camara<\/strong><\/p>\n<p>L\u2019article <a rel=\"nofollow\" href=\"https:\/\/mediaguinee.org\/decret-elhadj-fode-bangoura-nomme-secretaire-permanent-du-cadre-permanent-du-dialogue-politique-et-social\/\">Elhadj Fod\u00e9 Bangoura, nomm\u00e9 secr\u00e9taire permanent du cadre permanent du dialogue politique et social<\/a> est apparu en premier sur <a rel=\"nofollow\" href=\"https:\/\/mediaguinee.org\/\">Mediaguinee.org<\/a>.<\/p>\n<\/div>\n","protected":false},"excerpt":{"rendered":"<p>Dans un d\u00e9cret lu ce vendredi sur les ondes de la t\u00e9l\u00e9vision d\u2019\u00c9tat, le Pr\u00e9sident de la R\u00e9publique a proc\u00e9d\u00e9 \u00e0 la nomination du secr\u00e9taire permanent du cadre permanent du dialogue politique et social. \u00ab Article 1er : Elhadj Fod\u00e9 Bangoura, ancien ministre est nomm\u00e9\u00a0secr\u00e9taire permanent du cadre permanent du dialogue politique et social. Article &hellip;<\/p>\n","protected":false},"author":1,"featured_media":0,"comment_status":"closed","ping_status":"closed","sticky":false,"template":"","format":"standard","meta":{"footnotes":""},"categories":[2],"tags":[23],"_links":{"self":[{"href":"https:\/\/sn.ambaguinee.org\/index.php?rest_route=\/wp\/v2\/posts\/8497"}],"collection":[{"href":"https:\/\/sn.ambaguinee.org\/index.php?rest_route=\/wp\/v2\/posts"}],"about":[{"href":"https:\/\/sn.ambaguinee.org\/index.php?rest_route=\/wp\/v2\/types\/post"}],"author":[{"embeddable":true,"href":"https:\/\/sn.ambaguinee.org\/index.php?rest_route=\/wp\/v2\/users\/1"}],"replies":[{"embeddable":true,"href":"https:\/\/sn.ambaguinee.org\/index.php?rest_route=%2Fwp%2Fv2%2Fcomments&post=8497"}],"version-history":[{"count":0,"href":"https:\/\/sn.ambaguinee.org\/index.php?rest_route=\/wp\/v2\/posts\/8497\/revisions"}],"wp:attachment":[{"href":"https:\/\/sn.ambaguinee.org\/index.php?rest_route=%2Fwp%2Fv2%2Fmedia&parent=8497"}],"wp:term":[{"taxonomy":"category","embeddable":true,"href":"https:\/\/sn.ambaguinee.org\/index.php?rest_route=%2Fwp%2Fv2%2Fcategories&post=8497"},{"taxonomy":"post_tag","embeddable":true,"href":"https:\/\/sn.ambaguinee.org\/index.php?rest_route=%2Fwp%2Fv2%2Ftags&post=8497"}],"curies":[{"name":"wp","href":"https:\/\/api.w.org\/{rel}","templated":true}]}}