{"id":85363,"date":"2025-09-27T23:04:37","date_gmt":"2025-09-27T21:04:37","guid":{"rendered":"https:\/\/sn.ambaguinee.org\/?p=85363"},"modified":"2025-09-27T23:04:37","modified_gmt":"2025-09-27T21:04:37","slug":"fif-awards-2025-conakry-devient-la-capitale-du-cinema-africain-du-11-au-13-decembre","status":"publish","type":"post","link":"https:\/\/sn.ambaguinee.org\/?p=85363","title":{"rendered":"FIF Awards 2025 : Conakry devient la capitale du cin\u00e9ma africain du 11 au 13 d\u00e9cembre"},"content":{"rendered":"<div>\n<div style=\"margin-bottom:20px;\"><img width=\"1139\" height=\"540\"src=\"https:\/\/i0.wp.com\/www.guinee7.com\/wp-content\/uploads\/2025\/09\/IMG-20250927-WA0009.jpg?w=1139&amp;ssl=1\" class=\"attachment-post-thumbnail size-post-thumbnail wp-post-image\" alt=\"\" decoding=\"async\" loading=\"lazy\" srcset=\"https:\/\/i0.wp.com\/www.guinee7.com\/wp-content\/uploads\/2025\/09\/IMG-20250927-WA0009.jpg?w=1139&amp;ssl=1 1139w, https:\/\/i0.wp.com\/www.guinee7.com\/wp-content\/uploads\/2025\/09\/IMG-20250927-WA0009.jpg?resize=300%2C142&amp;ssl=1 300w, https:\/\/i0.wp.com\/www.guinee7.com\/wp-content\/uploads\/2025\/09\/IMG-20250927-WA0009.jpg?resize=1024%2C485&amp;ssl=1 1024w, https:\/\/i0.wp.com\/www.guinee7.com\/wp-content\/uploads\/2025\/09\/IMG-20250927-WA0009.jpg?resize=768%2C364&amp;ssl=1 768w\" sizes=\"auto, (max-width: 1139px) 100vw, 1139px\"><\/div>\n<p><span style=\"font-size: 18px;\">Du 11 au 13 d\u00e9cembre 2025, Conakry accueillera la 3\u1d49 \u00e9dition du Festival international du film Awards (FIF). L\u2019\u00e9v\u00e9nement, annonc\u00e9 le 27 septembre par ses organisateurs, promet de faire vibrer la capitale guin\u00e9enne autour du 7\u1d49 art, avec un accent particulier sur la formation, les \u00e9changes professionnels et la reconnaissance des talents africains.<\/span><\/p>\n<p><strong><span style=\"font-size: 18px;\">Priorit\u00e9 \u00e0 la formation<\/span><\/strong><\/p>\n<p><span style=\"font-size: 18px;\">Avant les festivit\u00e9s, le FIF mise sur la formation des jeunes cin\u00e9astes. D\u00e8s octobre, des ateliers se d\u00e9rouleront dans toutes les communes de Conakry, anim\u00e9s par des experts internationaux, universitaires et techniciens locaux.<\/span><br \/><span style=\"font-size: 18px;\">\u00ab Nous allons renforcer les comp\u00e9tences locales pour professionnaliser le secteur \u00bb, a d\u00e9clar\u00e9 Abdoulaye Traor\u00e9, pr\u00e9sident du FIF.<\/span><\/p>\n<p><strong><span style=\"font-size: 18px;\">Un pont entre cin\u00e9ma populaire et acad\u00e9mique<\/span><\/strong><\/p>\n<p><span style=\"font-size: 18px;\">Le festival innove cette ann\u00e9e avec des panels et d\u00e9bats \u00e0 l\u2019Institut Sup\u00e9rieur des Arts de Mory Kant\u00e9 (ISAMKA). Objectif : cr\u00e9er un lien entre le cin\u00e9ma de la rue et celui des institutions.<\/span><br \/><span style=\"font-size: 18px;\">\u00ab Il faut b\u00e2tir des passerelles entre les \u00e9coles et les r\u00e9alit\u00e9s du terrain \u00bb, explique Traor\u00e9.<\/span><\/p>\n<p><strong><span style=\"font-size: 18px;\">Trois jours de projections et de gala<\/span><\/strong><\/p>\n<p><span style=\"font-size: 18px;\">Au programme : projections de films, rencontres professionnelles, discussions th\u00e9matiques et une grande c\u00e9r\u00e9monie de cl\u00f4ture avec tapis rouge, d\u00eener de gala et remise de prix.<\/span><br \/><span style=\"font-size: 18px;\">\u00ab Le festival se terminera en beaut\u00e9, sur le tapis rouge de l\u2019excellence \u00bb, promet Dalanda Diallo, vice-pr\u00e9sidente du FIF.<\/span><\/p>\n<p><span style=\"font-size: 18px;\">Les \u00e9v\u00e9nements se tiendront notamment au Radisson Blu et au Chapiteau de Conakry.<\/span><\/p>\n<p><strong><span style=\"font-size: 18px;\">Un rendez-vous international<\/span><\/strong><\/p>\n<p><span style=\"font-size: 18px;\">Parmi les invit\u00e9s de marque : Dany Kouyat\u00e9, r\u00e9alisateur burkinab\u00e8 prim\u00e9 au FESPACO. Des d\u00e9l\u00e9gations du S\u00e9n\u00e9gal, de la C\u00f4te d\u2019Ivoire, du Nigeria et de nombreux autres pays sont attendues.<\/span><br \/><span style=\"font-size: 18px;\">Le FIF r\u00e9unit d\u00e9sormais 18 pays sur 5 continents, confirmant son ambition de rayonner \u00e0 l\u2019international.<\/span><\/p>\n<p><strong><span style=\"font-size: 18px;\">Soutien institutionnel affirm\u00e9<\/span><\/strong><\/p>\n<p><span style=\"font-size: 18px;\">Le minist\u00e8re de la Culture et l\u2019Office national du Cin\u00e9ma (ONACIG) ont renouvel\u00e9 leur engagement.<\/span><br \/><span style=\"font-size: 18px;\">\u00ab Le FIF aura tout notre soutien pour contribuer au d\u00e9veloppement du cin\u00e9ma guin\u00e9en \u00bb, a assur\u00e9 Amara Traor\u00e9, directeur g\u00e9n\u00e9ral de l\u2019ONACIG.<\/span><\/p>\n<p><strong><span style=\"font-size: 18px;\">Une ambition claire : faire de Conakry un p\u00f4le du cin\u00e9ma africain<\/span><\/strong><\/p>\n<p><span style=\"font-size: 18px;\">Port\u00e9 par la Soci\u00e9t\u00e9 G\u00e9n\u00e9rale du Cin\u00e9ma, Vizoory Production, la Coordination des com\u00e9diens de Guin\u00e9e, en partenariat avec la Fenacig et Afic Vision, le FIF vise \u00e0 positionner Conakry comme un carrefour majeur du cin\u00e9ma africain et de la cr\u00e9ation audiovisuelle.<\/span><\/p>\n<p><strong><span style=\"font-size: 18px;\">Abdoul Lory Sylla pour guinee7.com<\/span><\/strong><!--\/data\/user\/0\/com.samsung.android.app.notes\/files\/clipdata\/clipdata_bodytext_250927_163739_168.sdocx--><\/p>\n<p>L\u2019article <a href=\"https:\/\/www.guinee7.com\/2025\/09\/27\/fif-awards-2025-conakry-devient-la-capitale-du-cinema-africain-du-11-au-13-decembre\/\">FIF Awards 2025 : Conakry devient la capitale du cin\u00e9ma africain du 11 au 13 d\u00e9cembre<\/a> est apparu en premier sur <a href=\"https:\/\/www.guinee7.com\/\">Guinee7.com<\/a>.<\/p>\n<\/div>\n","protected":false},"excerpt":{"rendered":"<p>Du 11 au 13 d\u00e9cembre 2025, Conakry accueillera la 3\u1d49 \u00e9dition du Festival international du film Awards (FIF). L\u2019\u00e9v\u00e9nement, annonc\u00e9 le 27 septembre par ses organisateurs, promet de faire vibrer la capitale guin\u00e9enne autour du 7\u1d49 art, avec un accent particulier sur la formation, les \u00e9changes professionnels et la reconnaissance des talents africains. Priorit\u00e9 \u00e0 &hellip;<\/p>\n","protected":false},"author":1,"featured_media":0,"comment_status":"closed","ping_status":"closed","sticky":false,"template":"","format":"standard","meta":{"footnotes":""},"categories":[2],"tags":[22],"_links":{"self":[{"href":"https:\/\/sn.ambaguinee.org\/index.php?rest_route=\/wp\/v2\/posts\/85363"}],"collection":[{"href":"https:\/\/sn.ambaguinee.org\/index.php?rest_route=\/wp\/v2\/posts"}],"about":[{"href":"https:\/\/sn.ambaguinee.org\/index.php?rest_route=\/wp\/v2\/types\/post"}],"author":[{"embeddable":true,"href":"https:\/\/sn.ambaguinee.org\/index.php?rest_route=\/wp\/v2\/users\/1"}],"replies":[{"embeddable":true,"href":"https:\/\/sn.ambaguinee.org\/index.php?rest_route=%2Fwp%2Fv2%2Fcomments&post=85363"}],"version-history":[{"count":0,"href":"https:\/\/sn.ambaguinee.org\/index.php?rest_route=\/wp\/v2\/posts\/85363\/revisions"}],"wp:attachment":[{"href":"https:\/\/sn.ambaguinee.org\/index.php?rest_route=%2Fwp%2Fv2%2Fmedia&parent=85363"}],"wp:term":[{"taxonomy":"category","embeddable":true,"href":"https:\/\/sn.ambaguinee.org\/index.php?rest_route=%2Fwp%2Fv2%2Fcategories&post=85363"},{"taxonomy":"post_tag","embeddable":true,"href":"https:\/\/sn.ambaguinee.org\/index.php?rest_route=%2Fwp%2Fv2%2Ftags&post=85363"}],"curies":[{"name":"wp","href":"https:\/\/api.w.org\/{rel}","templated":true}]}}